{"id":268890,"date":"2025-06-11T11:40:00","date_gmt":"2025-06-11T09:40:00","guid":{"rendered":"https:\/\/www.tucomarca.com\/wordpress\/segunda\/?p=268890"},"modified":"2025-06-11T18:43:26","modified_gmt":"2025-06-11T16:43:26","slug":"lajuntament-de-lliria-tornara-a-les-mans-del-pspv-psoe-el-proxim-4-de-juliol","status":"publish","type":"post","link":"https:\/\/www.tucomarca.com\/wordpress\/segunda\/ca\/lajuntament-de-lliria-tornara-a-les-mans-del-pspv-psoe-el-proxim-4-de-juliol\/","title":{"rendered":"L&#8217;Ajuntament de Ll\u00edria tornar\u00e0 a les mans del PSPV-PSOE el pr\u00f2xim 4 de juliol"},"content":{"rendered":"\n<p>El pr\u00f2xim 4 de juliol se celebrar\u00e0 un ple extraordinari a l&#8217;Ajuntament de Ll\u00edria per a formalitzar el relleu en l&#8217;alcaldia. Tal com estableix el Pacte de l\u2019Almod\u00ed, l&#8217;actual alcalde Joanma Miguel, de Comprom\u00eds, cedir\u00e0 el testimoni al socialista Paco Gorrea, del PSPV-PSOE.<\/p>\n\n\n\n<p>Aquest pacte, signat despr\u00e9s de les \u00faltimes eleccions municipals, va permetre la reedici\u00f3 del govern progressista en la localitat, amb l&#8217;objectiu de despla\u00e7ar al Partit Popular i garantir una majoria d&#8217;esquerres durant la legislatura.<\/p>\n\n\n\n<p>Amb aquest canvi, Paco Gorrea tancar\u00e0 el mandat al capdavant d&#8217;una coalici\u00f3 que ha governat de manera conjunta en aquesta etapa, emmarcant aix\u00ed la continu\u00eftat d&#8217;un projecte progressista a Ll\u00edria.<\/p>\n","protected":false},"excerpt":{"rendered":"<div class=\"mh-excerpt\">El pr\u00f2xim 4 de juliol se celebrar\u00e0 un ple extraordinari a l&#8217;Ajuntament de Ll\u00edria per a formalitzar el relleu en l&#8217;alcaldia. Tal com estableix el Pacte de l\u2019Almod\u00ed, l&#8217;actual alcalde Joanma Miguel, de Comprom\u00eds, cedir\u00e0 <a class=\"mh-excerpt-more\" href=\"https:\/\/www.tucomarca.com\/wordpress\/segunda\/ca\/lajuntament-de-lliria-tornara-a-les-mans-del-pspv-psoe-el-proxim-4-de-juliol\/\" title=\"L&#8217;Ajuntament de Ll\u00edria tornar\u00e0 a les mans del PSPV-PSOE el pr\u00f2xim 4 de juliol\">[+] <\/a><\/div>\n","protected":false},"author":12,"featured_media":268889,"comment_status":"open","ping_status":"open","sticky":false,"template":"","format":"standard","meta":{"footnotes":""},"categories":[10892,10898,10948,10894,10928,10947,10896],"tags":[10899,11070,22641,22642],"class_list":{"0":"post-268890","1":"post","2":"type-post","3":"status-publish","4":"format-standard","5":"has-post-thumbnail","7":"category-camp-de-turia-ca","8":"category-ventana-ca","9":"category-infraestructuras-ca","10":"category-la-comarca-ca","11":"category-lliria-ca","12":"category-politica","13":"category-seccion-ca","14":"tag-camp-de-turia-ca","15":"tag-lliria-ca","16":"tag-pacto-de-lalmodi-ca","17":"tag-pspv-psoe-de-lliria-ca"},"_links":{"self":[{"href":"https:\/\/www.tucomarca.com\/wordpress\/segunda\/ca\/wp-json\/wp\/v2\/posts\/268890","targetHints":{"allow":["GET"]}}],"collection":[{"href":"https:\/\/www.tucomarca.com\/wordpress\/segunda\/ca\/wp-json\/wp\/v2\/posts"}],"about":[{"href":"https:\/\/www.tucomarca.com\/wordpress\/segunda\/ca\/wp-json\/wp\/v2\/types\/post"}],"author":[{"embeddable":true,"href":"https:\/\/www.tucomarca.com\/wordpress\/segunda\/ca\/wp-json\/wp\/v2\/users\/12"}],"replies":[{"embeddable":true,"href":"https:\/\/www.tucomarca.com\/wordpress\/segunda\/ca\/wp-json\/wp\/v2\/comments?post=268890"}],"version-history":[{"count":0,"href":"https:\/\/www.tucomarca.com\/wordpress\/segunda\/ca\/wp-json\/wp\/v2\/posts\/268890\/revisions"}],"wp:featuredmedia":[{"embeddable":true,"href":"https:\/\/www.tucomarca.com\/wordpress\/segunda\/ca\/wp-json\/wp\/v2\/media\/268889"}],"wp:attachment":[{"href":"https:\/\/www.tucomarca.com\/wordpress\/segunda\/ca\/wp-json\/wp\/v2\/media?parent=268890"}],"wp:term":[{"taxonomy":"category","embeddable":true,"href":"https:\/\/www.tucomarca.com\/wordpress\/segunda\/ca\/wp-json\/wp\/v2\/categories?post=268890"},{"taxonomy":"post_tag","embeddable":true,"href":"https:\/\/www.tucomarca.com\/wordpress\/segunda\/ca\/wp-json\/wp\/v2\/tags?post=268890"}],"curies":[{"name":"wp","href":"https:\/\/api.w.org\/{rel}","templated":true}]}}