{"id":268916,"date":"2025-06-11T10:30:00","date_gmt":"2025-06-11T08:30:00","guid":{"rendered":"https:\/\/www.tucomarca.com\/wordpress\/segunda\/?p=268916"},"modified":"2025-06-11T19:08:12","modified_gmt":"2025-06-11T17:08:12","slug":"la-diputacio-avanca-en-la-posada-en-marxa-del-centre-dinnovacio-territorial-a-venta-del-moro","status":"publish","type":"post","link":"https:\/\/www.tucomarca.com\/wordpress\/segunda\/ca\/la-diputacio-avanca-en-la-posada-en-marxa-del-centre-dinnovacio-territorial-a-venta-del-moro\/","title":{"rendered":"La Diputaci\u00f3 avan\u00e7a en la posada en marxa del Centre d&#8217;Innovaci\u00f3 Territorial a Venta del Moro"},"content":{"rendered":"\n<h3 class=\"wp-block-heading\">El diputat d&#8217;Innovaci\u00f3 de la corporaci\u00f3 provincial, Juan Ram\u00f3n Adsuara, es reunix amb l&#8217;alcalde de la localitat, Luis Francisco L\u00f3pez, per a donar un impuls a la seu que se situar\u00e0 en l\u2019aldea de Casas del Rey.<\/h3>\n\n\n\n<h3 class=\"wp-block-heading\">Despr\u00e9s del d&#8217;Aras de los Olmos, \u00e9s el segon centre d&#8217;este tipus a la prov\u00edncia, i servir\u00e0 per a fomentar la innovaci\u00f3 i atraure talent jove als municipis de la mancomunitat del Interior Tierra del Vino.<\/h3>\n\n\n\n<p>La Diputaci\u00f3 de Val\u00e8ncia continua avan\u00e7ant en la posada en marxa del qual ser\u00e0 el segon Centre d&#8217;Innovaci\u00f3 Territorial -CIT- de la prov\u00edncia, en esta ocasi\u00f3 el que se situar\u00e0 en el municipi de Venta del Moro. La creaci\u00f3 d&#8217;este centre s&#8217;emmarca en el conveni firmat el mes de febrer passat entre el president de la Diputaci\u00f3 de Val\u00e8ncia, Vicent Momp\u00f3, i el secretari general per al Repte Demogr\u00e0fic del Ministeri de Transici\u00f3 Ecol\u00f2gica i Repte Demogr\u00e0fic, Paco Boya, per a la formalitzaci\u00f3 del primer Centre d&#8217;Innovaci\u00f3 Territorial (CIT) de la prov\u00edncia, la seu principal de la qual es localitza en el municipi d&#8217;Aras de los Olmos, i que contemplava una segona seu a Venta del Moro.<\/p>\n\n\n\n<p>Estos centres s\u00f3n espais de col\u00b7laboraci\u00f3 entre entitats p\u00fabliques i privades concebuts per a potenciar el talent i la innovaci\u00f3 i acompanyar i impulsar les iniciatives que ixen de zones en risc de despoblaci\u00f3. El seu objectiu \u00e9s lluitar contra el problema de la despoblaci\u00f3 a trav\u00e9s de la diversificaci\u00f3 en el desenvolupament econ\u00f2mic, la retenci\u00f3 i captaci\u00f3 de talent i la innovaci\u00f3 en \u00e0rees rurals.<\/p>\n\n\n\n<p>El diputat d&#8217;Innovaci\u00f3 de la corporaci\u00f3 provincial, Juan Ram\u00f3n Adsuara, ha mantingut un encontre amb l&#8217;alcalde de Venta del Moro, Luis Francisco L\u00f3pez Yeves, amb la finalitat de donar un impuls al CIT que se situar\u00e0 concretament en l\u2019aldea de Casas del Rey. A la reuni\u00f3 tamb\u00e9 han assistit el representant del projecte Ruraltec, Jos\u00e9 Vicente Ferrer, i el director de la Fundaci\u00f3n \u2018El Olmo\u2019, Toni Collado.<\/p>\n\n\n\n<p>\u201cHem pogut analitzar la viabilitat del nou CIT a Venta del Moro i les f\u00f3rmules disponibles per a poder posar-ho en marxa al m\u00e9s prompte possible. L&#8217;obertura d&#8217;este centre servir\u00e0 per a ampliar els servicis d&#8217;innovaci\u00f3 territorial en una zona de la prov\u00edncia afectada pel fenomen de la despoblaci\u00f3\u201d, afirma Juan Ram\u00f3n Adsuara, que ha mostrat el seu comprom\u00eds \u201cper a crear un grup de treball que aborde totes les q\u00fcestions relacionades amb la creaci\u00f3 de la nova seu\u201d.<\/p>\n\n\n\n<p>El Centre d&#8217;Innovaci\u00f3 Territorial de Venta del Moro donar\u00e0 servici als nou municipis de la mancomunitat de l&#8217;Interior Tierra del Vino \u2013 Camporrobles, Caudete de las Fuentes, Chera, Fuenterrobles, Requena, Sinarcas, Utiel, Venta del Moro i Villargordo del Cabriel\u2013. A m\u00e9s d&#8217;assumir les funcions de cotreball capa\u00e7 de dinamitzar el teixit empresarial innovador de la comarca, esta nova seu t\u00e9 com a principals prioritats l&#8217;establiment d&#8217;un laboratori d&#8217;innovaci\u00f3 agr\u00e0ria i forestal, i l&#8217;impuls a programes de formaci\u00f3 en compet\u00e8ncies digitals, de sostenibilitat tur\u00edstica i de millora de qualitat de vida de les persones majors, entre altres.<\/p>\n\n\n\n<p><strong>La RedCIT<\/strong><\/p>\n\n\n\n<p>Una de les claus de l&#8217;\u00e8xit d&#8217;esta iniciativa \u00e9s la connexi\u00f3 entre els onze Centres d&#8217;Innovaci\u00f3 Territorial que hi ha a Espa\u00f1a, i que formen part de la denominada RedCIT. Amb la coordinaci\u00f3 del node central situat en Cubillos del Sil (Le\u00f3n), es facilita el desenvolupament d&#8217;iniciatives conjuntes i el disseny i execuci\u00f3 de projectes comuns d&#8217;emprenedoria en les zones en declivi demogr\u00e0fic.<\/p>\n\n\n\n<p>A m\u00e9s, amb la creaci\u00f3 dels dos CIT a la prov\u00edncia de Val\u00e8ncia, s&#8217;aconseguix que el projecte Ruraltec s&#8217;integre en la RedCIT. Es tracta d&#8217;una iniciativa que es porta desenvolupant des de l&#8217;any 2023. Este projecte ha establit un m\u00e8tode de col\u00b7laboraci\u00f3 entre els agents que operen a escala municipal, impulsant la cooperaci\u00f3 interterritorial en mat\u00e8ries com la transici\u00f3 digital, la formaci\u00f3 en compet\u00e8ncies digitals o l&#8217;impuls a la innovaci\u00f3, una l\u00ednia de treball que s&#8217;enfortir\u00e0, ja a escala nacional, amb la seua inclusi\u00f3 dins de la RedCIT.<\/p>\n\n\n\n<p><\/p>\n","protected":false},"excerpt":{"rendered":"<div class=\"mh-excerpt\">El diputat d&#8217;Innovaci\u00f3 de la corporaci\u00f3 provincial, Juan Ram\u00f3n Adsuara, es reunix amb l&#8217;alcalde de la localitat, Luis Francisco L\u00f3pez, per a donar un impuls a la seu que se situar\u00e0 en l\u2019aldea de Casas <a class=\"mh-excerpt-more\" href=\"https:\/\/www.tucomarca.com\/wordpress\/segunda\/ca\/la-diputacio-avanca-en-la-posada-en-marxa-del-centre-dinnovacio-territorial-a-venta-del-moro\/\" title=\"La Diputaci\u00f3 avan\u00e7a en la posada en marxa del Centre d&#8217;Innovaci\u00f3 Territorial a Venta del Moro\">[+] <\/a><\/div>\n","protected":false},"author":12,"featured_media":268915,"comment_status":"open","ping_status":"open","sticky":false,"template":"","format":"standard","meta":{"footnotes":""},"categories":[11042,11046,10898,10948,10894,10903,10947,10909,10896,11060],"tags":[11246,12387,10910,11709],"class_list":{"0":"post-268916","1":"post","2":"type-post","3":"status-publish","4":"format-standard","5":"has-post-thumbnail","7":"category-aras-de-olmos-ca","8":"category-los-serranos-ca","9":"category-ventana-ca","10":"category-infraestructuras-ca","11":"category-la-comarca-ca","12":"category-medio-ambiente-la-comarca-ca","13":"category-politica","14":"category-requena-utiel-ca","15":"category-seccion-ca","16":"category-venta-del-moro-ca","17":"tag-diputacio-de-valencia-ca","18":"tag-mancomunidad-del-interior-tierra-del-vino-ca","19":"tag-requena-utiel-ca","20":"tag-venta-del-moro-ca"},"_links":{"self":[{"href":"https:\/\/www.tucomarca.com\/wordpress\/segunda\/ca\/wp-json\/wp\/v2\/posts\/268916","targetHints":{"allow":["GET"]}}],"collection":[{"href":"https:\/\/www.tucomarca.com\/wordpress\/segunda\/ca\/wp-json\/wp\/v2\/posts"}],"about":[{"href":"https:\/\/www.tucomarca.com\/wordpress\/segunda\/ca\/wp-json\/wp\/v2\/types\/post"}],"author":[{"embeddable":true,"href":"https:\/\/www.tucomarca.com\/wordpress\/segunda\/ca\/wp-json\/wp\/v2\/users\/12"}],"replies":[{"embeddable":true,"href":"https:\/\/www.tucomarca.com\/wordpress\/segunda\/ca\/wp-json\/wp\/v2\/comments?post=268916"}],"version-history":[{"count":0,"href":"https:\/\/www.tucomarca.com\/wordpress\/segunda\/ca\/wp-json\/wp\/v2\/posts\/268916\/revisions"}],"wp:featuredmedia":[{"embeddable":true,"href":"https:\/\/www.tucomarca.com\/wordpress\/segunda\/ca\/wp-json\/wp\/v2\/media\/268915"}],"wp:attachment":[{"href":"https:\/\/www.tucomarca.com\/wordpress\/segunda\/ca\/wp-json\/wp\/v2\/media?parent=268916"}],"wp:term":[{"taxonomy":"category","embeddable":true,"href":"https:\/\/www.tucomarca.com\/wordpress\/segunda\/ca\/wp-json\/wp\/v2\/categories?post=268916"},{"taxonomy":"post_tag","embeddable":true,"href":"https:\/\/www.tucomarca.com\/wordpress\/segunda\/ca\/wp-json\/wp\/v2\/tags?post=268916"}],"curies":[{"name":"wp","href":"https:\/\/api.w.org\/{rel}","templated":true}]}}