{"id":268934,"date":"2025-06-11T13:00:00","date_gmt":"2025-06-11T11:00:00","guid":{"rendered":"https:\/\/www.tucomarca.com\/wordpress\/segunda\/?p=268934"},"modified":"2025-06-11T18:36:26","modified_gmt":"2025-06-11T16:36:26","slug":"el-cautivo-la-nova-pellicula-damenabar-rodada-a-bunyol-i-anna-entre-altres-localitats-llanca-el-seu-trailer-oficial-i-anuncia-que-sestrenara-el-12-de-setembre-en-cinemes","status":"publish","type":"post","link":"https:\/\/www.tucomarca.com\/wordpress\/segunda\/ca\/el-cautivo-la-nova-pellicula-damenabar-rodada-a-bunyol-i-anna-entre-altres-localitats-llanca-el-seu-trailer-oficial-i-anuncia-que-sestrenara-el-12-de-setembre-en-cinemes\/","title":{"rendered":"&#8216;El Cautivo&#8217;, la nova pel\u00b7l\u00edcula d&#8217;Amen\u00e1bar rodada a Bunyol i Anna, entre altres localitats, llan\u00e7a el seu tr\u00e0iler oficial i anuncia que s&#8217;estrenar\u00e0 el 12 de setembre en cinemes"},"content":{"rendered":"\n<figure class=\"wp-block-embed is-type-video is-provider-youtube wp-block-embed-youtube wp-embed-aspect-16-9 wp-has-aspect-ratio\"><div class=\"wp-block-embed__wrapper\">\n<iframe loading=\"lazy\" title=\"El Cautivo | Tr\u00e1iler Oficial | 12 de septiembre solo en cines\" width=\"500\" height=\"281\" src=\"https:\/\/www.youtube.com\/embed\/Zy4GBAoS7l4?feature=oembed\" frameborder=\"0\" allow=\"accelerometer; autoplay; clipboard-write; encrypted-media; gyroscope; picture-in-picture; web-share\" referrerpolicy=\"strict-origin-when-cross-origin\" allowfullscreen><\/iframe>\n<\/div><\/figure>\n\n\n\n<p><\/p>\n\n\n\n<p>La nova pel\u00b7l\u00edcula d&#8217;Alejandro Amen\u00e1bar, <em>El Cautivo<\/em>, rodada en diverses localitats de la Comunitat Valenciana entre les quals es troben Bunyol i Anna, ja t\u00e9 tr\u00e0iler oficial i data d&#8217;estrena: el pr\u00f2xim\u00a012 de setembre. El film, una coproducci\u00f3 hisp\u00e0-italiana de drama i aventures, est\u00e0 protagonitzat per\u00a0Julio Pe\u00f1a,\u00a0en el paper de\u00a0<em>Miguel de Cervantes<\/em>, i narra els anys de captivitat del c\u00e8lebre escriptor a Alger.<\/p>\n\n\n\n<p>El film est\u00e0 ambientat, entre altres escenaris, al castell de Bunyol, el Palau dels Comtes de Cervell\u00f3 d&#8217;Anna, els carrers de Bocairent, el castell de Santa Pola, el d&#8217;Alacant aix\u00ed com la Ciutat de la Llum, que s&#8217;han convertit en part de les localitzacions destacades del rodatge, la qual cosa ha generat una gran expectaci\u00f3 entre ve\u00efns i cin\u00e8fils. Els carrers i paisatges d&#8217;aquests municipis han servit de marc per a recrear part de la hist\u00f2ria de l&#8217;autor del&nbsp;<em>Quixot<\/em> en una producci\u00f3 que promet combinar rigor hist\u00f2ric, emoci\u00f3 i espectacularitat visual.<\/p>\n\n\n\n<p>Amb aquest projecte, Amen\u00e1bar torna al cinema hist\u00f2ric despr\u00e9s d&#8217;\u00e8xits com&nbsp;Mentre dure la guerra, i el fa amb una mirada personal sobre una etapa poc coneguda de la vida de Cervantes. El film explorar\u00e0 no sols les dificultats f\u00edsiques de la captivitat, sin\u00f3 tamb\u00e9 l&#8217;impacte que va tindre aquesta experi\u00e8ncia en la seua obra i pensament.<\/p>\n\n\n\n<p><em>El Cautivo<\/em>&nbsp;nom\u00e9s podr\u00e0 veure&#8217;s en sales de cinema a partir del 12 de setembre.<\/p>\n","protected":false},"excerpt":{"rendered":"<div class=\"mh-excerpt\">La nova pel\u00b7l\u00edcula d&#8217;Alejandro Amen\u00e1bar, El Cautivo, rodada en diverses localitats de la Comunitat Valenciana entre les quals es troben Bunyol i Anna, ja t\u00e9 tr\u00e0iler oficial i data d&#8217;estrena: el pr\u00f2xim\u00a012 de setembre. El <a class=\"mh-excerpt-more\" href=\"https:\/\/www.tucomarca.com\/wordpress\/segunda\/ca\/el-cautivo-la-nova-pellicula-damenabar-rodada-a-bunyol-i-anna-entre-altres-localitats-llanca-el-seu-trailer-oficial-i-anuncia-que-sestrenara-el-12-de-setembre-en-cinemes\/\" title=\"&#8216;El Cautivo&#8217;, la nova pel\u00b7l\u00edcula d&#8217;Amen\u00e1bar rodada a Bunyol i Anna, entre altres localitats, llan\u00e7a el seu tr\u00e0iler oficial i anuncia que s&#8217;estrenar\u00e0 el 12 de setembre en cinemes\">[+] <\/a><\/div>\n","protected":false},"author":1,"featured_media":268930,"comment_status":"open","ping_status":"open","sticky":false,"template":"","format":"video","meta":{"footnotes":""},"categories":[10964,10911,10898,10963,10894,10904,10912,11007,10896,11062],"tags":[20337,12636,10913,20625,11094,10914,22007],"class_list":{"0":"post-268934","1":"post","2":"type-post","3":"status-publish","4":"format-video","5":"has-post-thumbnail","7":"category-anna-ca","8":"category-bunol-ca","9":"category-ventana-ca","10":"category-la-canal-de-navarres-ca","11":"category-la-comarca-ca","12":"category-sin-categorizar-ca","13":"category-la-hoya-ca","14":"category-ocio-y-cultura-ca","15":"category-seccion-ca","16":"category-videos","17":"tag-alejandro-amenabar-ca","18":"tag-anna-ca","19":"tag-bunol-ca","20":"tag-el-cautivo-ca","21":"tag-la-canal-de-navarres","22":"tag-la-hoya-de-bunol-chiva-ca","23":"tag-miguel-de-cervantes-ca","24":"post_format-post-format-video"},"_links":{"self":[{"href":"https:\/\/www.tucomarca.com\/wordpress\/segunda\/ca\/wp-json\/wp\/v2\/posts\/268934","targetHints":{"allow":["GET"]}}],"collection":[{"href":"https:\/\/www.tucomarca.com\/wordpress\/segunda\/ca\/wp-json\/wp\/v2\/posts"}],"about":[{"href":"https:\/\/www.tucomarca.com\/wordpress\/segunda\/ca\/wp-json\/wp\/v2\/types\/post"}],"author":[{"embeddable":true,"href":"https:\/\/www.tucomarca.com\/wordpress\/segunda\/ca\/wp-json\/wp\/v2\/users\/1"}],"replies":[{"embeddable":true,"href":"https:\/\/www.tucomarca.com\/wordpress\/segunda\/ca\/wp-json\/wp\/v2\/comments?post=268934"}],"version-history":[{"count":0,"href":"https:\/\/www.tucomarca.com\/wordpress\/segunda\/ca\/wp-json\/wp\/v2\/posts\/268934\/revisions"}],"wp:featuredmedia":[{"embeddable":true,"href":"https:\/\/www.tucomarca.com\/wordpress\/segunda\/ca\/wp-json\/wp\/v2\/media\/268930"}],"wp:attachment":[{"href":"https:\/\/www.tucomarca.com\/wordpress\/segunda\/ca\/wp-json\/wp\/v2\/media?parent=268934"}],"wp:term":[{"taxonomy":"category","embeddable":true,"href":"https:\/\/www.tucomarca.com\/wordpress\/segunda\/ca\/wp-json\/wp\/v2\/categories?post=268934"},{"taxonomy":"post_tag","embeddable":true,"href":"https:\/\/www.tucomarca.com\/wordpress\/segunda\/ca\/wp-json\/wp\/v2\/tags?post=268934"}],"curies":[{"name":"wp","href":"https:\/\/api.w.org\/{rel}","templated":true}]}}