{"id":269008,"date":"2025-06-12T10:50:00","date_gmt":"2025-06-12T08:50:00","guid":{"rendered":"https:\/\/www.tucomarca.com\/wordpress\/segunda\/?p=269008"},"modified":"2025-06-12T11:42:32","modified_gmt":"2025-06-12T09:42:32","slug":"la-mancomunitat-de-la-foia-de-bunyol-xiva-rep-una-de-les-majors-ajudes-en-el-marc-del-pla-de-recuperacio-transformacio-i-resilencia","status":"publish","type":"post","link":"https:\/\/www.tucomarca.com\/wordpress\/segunda\/ca\/la-mancomunitat-de-la-foia-de-bunyol-xiva-rep-una-de-les-majors-ajudes-en-el-marc-del-pla-de-recuperacio-transformacio-i-resilencia\/","title":{"rendered":"La Mancomunitat de la Foia de Bunyol-Xiva rep una de les majors ajudes en el marc del Pla de Recuperaci\u00f3, Transformaci\u00f3 i resilencia"},"content":{"rendered":"\n<h3 class=\"wp-block-heading\">L&#8217;import total d&#8217;aquesta ajuda ascendeix a&nbsp;1.000.000 euros.<\/h3>\n\n\n\n<h3 class=\"wp-block-heading\">Aquesta ajuda ha sigut aprovada en Comissi\u00f3 Bilateral de Seguiment de la Secretaria d&#8217;Estat de Turisme i Turisme Comunitat Valenciana.<\/h3>\n\n\n\n<p>Turisme Comunitat Valenciana, en coordinaci\u00f3 amb la Secretaria d&#8217;Estat de Turisme, va decidir reorientar l&#8217;execuci\u00f3 sobre l&#8217;actuaci\u00f3 de Cohesi\u00f3 entre Destins de la Comunitat Valenciana, i articular un r\u00e8gim d&#8217;ajudes de concessi\u00f3 directa dirigides a les mancomunitats integrades pels municipis afectats per la DANA.<br>Les inversions per a les quals es destinaran aquesta ajuda seran coordinades per Ag\u00e8ncia de Desenvolupament Comarcal i supervisades en la seua gesti\u00f3 pel comit\u00e9 antifrau, que s&#8217;ha creat recentment, donat el comprom\u00eds amb la Uni\u00f3 Europea.<br>Aquestes ajudes estan destinades a la recuperaci\u00f3 i rehabilitaci\u00f3 urgent d&#8217;infraestructures i recursos tur\u00edstics danyats per la DANA, aix\u00ed com a la implementaci\u00f3 de mesures de mitigaci\u00f3 i prevenci\u00f3 de riscos clim\u00e0tics futurs, amb l&#8217;objectiu d&#8217;evitar un agreujament de l&#8217;impacte econ\u00f2mic i mediambiental en un sector estrat\u00e8gic com el turisme en la Comunitat Valenciana.<br>El president de la Mancomunitat, Toni D\u00edaz,&nbsp;ha posat l&#8217;accent en l&#8217;enorme oportunitat d&#8217;aquestes ajudes per a la reconstrucci\u00f3 tur\u00edstica de la comarca, i per a enfortir a tots els pobles afectats, aix\u00f2 suposar\u00e0 \u201cuna oportunitat per a cohesionar als nostres municipis, ja que sense inversions no hi ha avan\u00e7 \u201c.<br>Entre algunes de les actuacions, el departament de desenvolupament comarcal ha presentat es troben les seg\u00fcents; Dron Risk Trails. Prevenci\u00f3 i gesti\u00f3 de desastres naturals amb drons; Biotrituraci\u00f3n sostenible. Gesti\u00f3 de la Biomassa per a la millora d&#8217;entorns tur\u00edstics; Biciestaciones solars. Mobilitat Sostenible; Infraestructures de rec\u00e0rrega per a vehicles el\u00e8ctrics i Contenidors ign\u00edfugs innovadors per a entorns tur\u00edstics.<br>Algunes d&#8217;aquestes actuacions estan subjectes a revisi\u00f3 per Turisme Comunitat Valenciana, donat el seu grau d&#8217;innovaci\u00f3 i sostenibilitat.<a><\/a><\/p>\n","protected":false},"excerpt":{"rendered":"<div class=\"mh-excerpt\">L&#8217;import total d&#8217;aquesta ajuda ascendeix a&nbsp;1.000.000 euros. Aquesta ajuda ha sigut aprovada en Comissi\u00f3 Bilateral de Seguiment de la Secretaria d&#8217;Estat de Turisme i Turisme Comunitat Valenciana. Turisme Comunitat Valenciana, en coordinaci\u00f3 amb la Secretaria <a class=\"mh-excerpt-more\" href=\"https:\/\/www.tucomarca.com\/wordpress\/segunda\/ca\/la-mancomunitat-de-la-foia-de-bunyol-xiva-rep-una-de-les-majors-ajudes-en-el-marc-del-pla-de-recuperacio-transformacio-i-resilencia\/\" title=\"La Mancomunitat de la Foia de Bunyol-Xiva rep una de les majors ajudes en el marc del Pla de Recuperaci\u00f3, Transformaci\u00f3 i resilencia\">[+] <\/a><\/div>\n","protected":false},"author":12,"featured_media":269007,"comment_status":"open","ping_status":"open","sticky":false,"template":"","format":"standard","meta":{"footnotes":""},"categories":[10980,10948,10894,10912,10903,10947,10896],"tags":[10914,11514,22427],"class_list":{"0":"post-269008","1":"post","2":"type-post","3":"status-publish","4":"format-standard","5":"has-post-thumbnail","7":"category-yatova-ca","8":"category-infraestructuras-ca","9":"category-la-comarca-ca","10":"category-la-hoya-ca","11":"category-medio-ambiente-la-comarca-ca","12":"category-politica","13":"category-seccion-ca","14":"tag-la-hoya-de-bunol-chiva-ca","15":"tag-mancomunidad-de-la-hoya-de-bunol-chiva-ca","16":"tag-plan-de-recuperacion-ca"},"_links":{"self":[{"href":"https:\/\/www.tucomarca.com\/wordpress\/segunda\/ca\/wp-json\/wp\/v2\/posts\/269008","targetHints":{"allow":["GET"]}}],"collection":[{"href":"https:\/\/www.tucomarca.com\/wordpress\/segunda\/ca\/wp-json\/wp\/v2\/posts"}],"about":[{"href":"https:\/\/www.tucomarca.com\/wordpress\/segunda\/ca\/wp-json\/wp\/v2\/types\/post"}],"author":[{"embeddable":true,"href":"https:\/\/www.tucomarca.com\/wordpress\/segunda\/ca\/wp-json\/wp\/v2\/users\/12"}],"replies":[{"embeddable":true,"href":"https:\/\/www.tucomarca.com\/wordpress\/segunda\/ca\/wp-json\/wp\/v2\/comments?post=269008"}],"version-history":[{"count":0,"href":"https:\/\/www.tucomarca.com\/wordpress\/segunda\/ca\/wp-json\/wp\/v2\/posts\/269008\/revisions"}],"wp:featuredmedia":[{"embeddable":true,"href":"https:\/\/www.tucomarca.com\/wordpress\/segunda\/ca\/wp-json\/wp\/v2\/media\/269007"}],"wp:attachment":[{"href":"https:\/\/www.tucomarca.com\/wordpress\/segunda\/ca\/wp-json\/wp\/v2\/media?parent=269008"}],"wp:term":[{"taxonomy":"category","embeddable":true,"href":"https:\/\/www.tucomarca.com\/wordpress\/segunda\/ca\/wp-json\/wp\/v2\/categories?post=269008"},{"taxonomy":"post_tag","embeddable":true,"href":"https:\/\/www.tucomarca.com\/wordpress\/segunda\/ca\/wp-json\/wp\/v2\/tags?post=269008"}],"curies":[{"name":"wp","href":"https:\/\/api.w.org\/{rel}","templated":true}]}}