{"id":269313,"date":"2025-06-16T10:00:00","date_gmt":"2025-06-16T08:00:00","guid":{"rendered":"https:\/\/www.tucomarca.com\/wordpress\/segunda\/?p=269313"},"modified":"2025-06-16T13:16:22","modified_gmt":"2025-06-16T11:16:22","slug":"fotogaleria-els-paisatges-de-millars-testimonis-del-desafiament-terres-del-xuquer-amb-proves-de-gravel-i-mtb","status":"publish","type":"post","link":"https:\/\/www.tucomarca.com\/wordpress\/segunda\/ca\/fotogaleria-els-paisatges-de-millars-testimonis-del-desafiament-terres-del-xuquer-amb-proves-de-gravel-i-mtb\/","title":{"rendered":"Fotogaler\u00eda: Els paisatges de Millars testimonis del \u2018Desafiament Terres del X\u00faquer\u2019 amb proves de Gravel i MTB"},"content":{"rendered":"\n<p>El municipi de Millars i els seus enlluernadors paisatges han sigut l&#8217;escenari del \u201cDesafiament Terres del X\u00faquer \u2013 La Val\u00e8ncia Gravely\u201d, una jornada esportiva que ha reunit aquest passat diumenge a ciclistes en dues modalitats: Gravel i MTB (BTT).<\/p>\n\n\n\n<p>La prova, organitzada per \u00c0rea Sports 11 amb la col\u00b7laboraci\u00f3 de l&#8217;Ajuntament de Millars, ha transcorregut per recorreguts exclusius per a cada disciplina, la qual cosa ha perm\u00e9s als participants gaudir del fant\u00e0stic entorn natural de Millars adaptat a cada tipus de bicicleta.<\/p>\n\n\n\n<p>L&#8217;esdeveniment ciclista d&#8217;aquest diumenge ha sigut un plaer per als amants del ciclisme d&#8217;aventura, combinant esport, naturalesa i desafiament f\u00edsic en un dels paratges m\u00e9s emblem\u00e0tics de l&#8217;interior valenci\u00e0.<\/p>\n\n\n\n<figure class=\"wp-block-gallery has-nested-images columns-2 is-cropped wp-block-gallery-1 is-layout-flex wp-block-gallery-is-layout-flex\">\n<figure class=\"wp-block-image size-large\"><img loading=\"lazy\" decoding=\"async\" width=\"1024\" height=\"651\" data-id=\"269303\" src=\"https:\/\/www.tucomarca.com\/wordpress\/segunda\/wp-content\/uploads\/2025\/06\/millaresciclismo02-1024x651.jpg\" alt=\"\" class=\"wp-image-269303\" srcset=\"https:\/\/www.tucomarca.com\/wordpress\/segunda\/wp-content\/uploads\/2025\/06\/millaresciclismo02-1024x651.jpg 1024w, https:\/\/www.tucomarca.com\/wordpress\/segunda\/wp-content\/uploads\/2025\/06\/millaresciclismo02-300x191.jpg 300w, https:\/\/www.tucomarca.com\/wordpress\/segunda\/wp-content\/uploads\/2025\/06\/millaresciclismo02-768x488.jpg 768w, https:\/\/www.tucomarca.com\/wordpress\/segunda\/wp-content\/uploads\/2025\/06\/millaresciclismo02.jpg 1181w\" sizes=\"auto, (max-width: 1024px) 100vw, 1024px\" \/><\/figure>\n\n\n\n<figure class=\"wp-block-image size-large\"><img loading=\"lazy\" decoding=\"async\" width=\"1024\" height=\"666\" data-id=\"269305\" src=\"https:\/\/www.tucomarca.com\/wordpress\/segunda\/wp-content\/uploads\/2025\/06\/millaresciclismo03-1024x666.jpg\" alt=\"\" class=\"wp-image-269305\" srcset=\"https:\/\/www.tucomarca.com\/wordpress\/segunda\/wp-content\/uploads\/2025\/06\/millaresciclismo03-1024x666.jpg 1024w, https:\/\/www.tucomarca.com\/wordpress\/segunda\/wp-content\/uploads\/2025\/06\/millaresciclismo03-300x195.jpg 300w, https:\/\/www.tucomarca.com\/wordpress\/segunda\/wp-content\/uploads\/2025\/06\/millaresciclismo03-768x499.jpg 768w, https:\/\/www.tucomarca.com\/wordpress\/segunda\/wp-content\/uploads\/2025\/06\/millaresciclismo03.jpg 1181w\" sizes=\"auto, (max-width: 1024px) 100vw, 1024px\" \/><\/figure>\n\n\n\n<figure class=\"wp-block-image size-large\"><img loading=\"lazy\" decoding=\"async\" width=\"1024\" height=\"666\" data-id=\"269307\" src=\"https:\/\/www.tucomarca.com\/wordpress\/segunda\/wp-content\/uploads\/2025\/06\/millaresciclismo04-1024x666.jpg\" alt=\"\" class=\"wp-image-269307\" srcset=\"https:\/\/www.tucomarca.com\/wordpress\/segunda\/wp-content\/uploads\/2025\/06\/millaresciclismo04-1024x666.jpg 1024w, https:\/\/www.tucomarca.com\/wordpress\/segunda\/wp-content\/uploads\/2025\/06\/millaresciclismo04-300x195.jpg 300w, https:\/\/www.tucomarca.com\/wordpress\/segunda\/wp-content\/uploads\/2025\/06\/millaresciclismo04-768x499.jpg 768w, https:\/\/www.tucomarca.com\/wordpress\/segunda\/wp-content\/uploads\/2025\/06\/millaresciclismo04.jpg 1181w\" sizes=\"auto, (max-width: 1024px) 100vw, 1024px\" \/><\/figure>\n\n\n\n<figure class=\"wp-block-image size-large\"><img loading=\"lazy\" decoding=\"async\" width=\"1024\" height=\"666\" data-id=\"269301\" src=\"https:\/\/www.tucomarca.com\/wordpress\/segunda\/wp-content\/uploads\/2025\/06\/millaresciclismo01-1024x666.jpg\" alt=\"\" class=\"wp-image-269301\" srcset=\"https:\/\/www.tucomarca.com\/wordpress\/segunda\/wp-content\/uploads\/2025\/06\/millaresciclismo01-1024x666.jpg 1024w, https:\/\/www.tucomarca.com\/wordpress\/segunda\/wp-content\/uploads\/2025\/06\/millaresciclismo01-300x195.jpg 300w, https:\/\/www.tucomarca.com\/wordpress\/segunda\/wp-content\/uploads\/2025\/06\/millaresciclismo01-768x499.jpg 768w, https:\/\/www.tucomarca.com\/wordpress\/segunda\/wp-content\/uploads\/2025\/06\/millaresciclismo01.jpg 1181w\" sizes=\"auto, (max-width: 1024px) 100vw, 1024px\" \/><\/figure>\n<\/figure>\n","protected":false},"excerpt":{"rendered":"<div class=\"mh-excerpt\">El municipi de Millars i els seus enlluernadors paisatges han sigut l&#8217;escenari del \u201cDesafiament Terres del X\u00faquer \u2013 La Val\u00e8ncia Gravely\u201d, una jornada esportiva que ha reunit aquest passat diumenge a ciclistes en dues modalitats: <a class=\"mh-excerpt-more\" href=\"https:\/\/www.tucomarca.com\/wordpress\/segunda\/ca\/fotogaleria-els-paisatges-de-millars-testimonis-del-desafiament-terres-del-xuquer-amb-proves-de-gravel-i-mtb\/\" title=\"Fotogaler\u00eda: Els paisatges de Millars testimonis del \u2018Desafiament Terres del X\u00faquer\u2019 amb proves de Gravel i MTB\">[+] <\/a><\/div>\n","protected":false},"author":12,"featured_media":269311,"comment_status":"open","ping_status":"open","sticky":false,"template":"","format":"gallery","meta":{"footnotes":""},"categories":[11013,11003,10963,10894,10970,10896],"tags":[22672,11094,11186],"class_list":{"0":"post-269313","1":"post","2":"type-post","3":"status-publish","4":"format-gallery","5":"has-post-thumbnail","7":"category-ciclismo-ca","8":"category-sports","9":"category-la-canal-de-navarres-ca","10":"category-la-comarca-ca","11":"category-millares-ca","12":"category-seccion-ca","13":"tag-desafio-tierras-del-jucar-2-ca","14":"tag-la-canal-de-navarres","15":"tag-millares-ca","16":"post_format-post-format-gallery"},"_links":{"self":[{"href":"https:\/\/www.tucomarca.com\/wordpress\/segunda\/ca\/wp-json\/wp\/v2\/posts\/269313","targetHints":{"allow":["GET"]}}],"collection":[{"href":"https:\/\/www.tucomarca.com\/wordpress\/segunda\/ca\/wp-json\/wp\/v2\/posts"}],"about":[{"href":"https:\/\/www.tucomarca.com\/wordpress\/segunda\/ca\/wp-json\/wp\/v2\/types\/post"}],"author":[{"embeddable":true,"href":"https:\/\/www.tucomarca.com\/wordpress\/segunda\/ca\/wp-json\/wp\/v2\/users\/12"}],"replies":[{"embeddable":true,"href":"https:\/\/www.tucomarca.com\/wordpress\/segunda\/ca\/wp-json\/wp\/v2\/comments?post=269313"}],"version-history":[{"count":0,"href":"https:\/\/www.tucomarca.com\/wordpress\/segunda\/ca\/wp-json\/wp\/v2\/posts\/269313\/revisions"}],"wp:featuredmedia":[{"embeddable":true,"href":"https:\/\/www.tucomarca.com\/wordpress\/segunda\/ca\/wp-json\/wp\/v2\/media\/269311"}],"wp:attachment":[{"href":"https:\/\/www.tucomarca.com\/wordpress\/segunda\/ca\/wp-json\/wp\/v2\/media?parent=269313"}],"wp:term":[{"taxonomy":"category","embeddable":true,"href":"https:\/\/www.tucomarca.com\/wordpress\/segunda\/ca\/wp-json\/wp\/v2\/categories?post=269313"},{"taxonomy":"post_tag","embeddable":true,"href":"https:\/\/www.tucomarca.com\/wordpress\/segunda\/ca\/wp-json\/wp\/v2\/tags?post=269313"}],"curies":[{"name":"wp","href":"https:\/\/api.w.org\/{rel}","templated":true}]}}