{"id":269493,"date":"2025-06-17T13:00:00","date_gmt":"2025-06-17T11:00:00","guid":{"rendered":"https:\/\/www.tucomarca.com\/wordpress\/segunda\/?p=269493"},"modified":"2025-06-17T19:02:27","modified_gmt":"2025-06-17T17:02:27","slug":"la-generalitat-rep-1-119-sollicituds-per-a-les-noves-ajudes-de-vehicles-sinistrats-en-la-riuada-en-el-primer-dia-dobertura-del-termini","status":"publish","type":"post","link":"https:\/\/www.tucomarca.com\/wordpress\/segunda\/ca\/la-generalitat-rep-1-119-sollicituds-per-a-les-noves-ajudes-de-vehicles-sinistrats-en-la-riuada-en-el-primer-dia-dobertura-del-termini\/","title":{"rendered":"La Generalitat rep 1.119 sol\u00b7licituds per a les noves ajudes de vehicles sinistrats en la riuada en el primer dia d&#8217;obertura del termini"},"content":{"rendered":"\n<h3 class=\"wp-block-heading\">Aquest dilluns s&#8217;ha obert el termini per a sol\u00b7licitar la subvenci\u00f3, que amplia el tipus de vehicles sinistrats i preveu fins a 9.000 euros per camions o 15.000 euros per autobusos.<\/h3>\n\n\n\n<h3 class=\"wp-block-heading\">Les sol\u00b7licituds es poden presentar fins al 31 de juliol: les persones f\u00edsiques de manera telem\u00e0tica o presencial i les persones jur\u00eddiques solament en l\u00ednia.<\/h3>\n\n\n\n<h3 class=\"wp-block-heading\">La consellera d&#8217;Hisenda\u00a0recorda que la Generalitat destina en total 36 milions i que els primers beneficiaris comen\u00e7aran a cobrar durant la primera quinzena de juliol.<\/h3>\n\n\n\n<p>La Generalitat ha rebut 1.119 sol\u00b7licituds, tant de manera en l\u00ednia com presencial, per a la concessi\u00f3 directa d&#8217;ajudes a persones f\u00edsiques i jur\u00eddiques que van perdre el seu vehicle en la inundaci\u00f3 del passat 29 d&#8217;octubre en tot just 24 hores despr\u00e9s que s&#8217;obrira aquest dilluns el termini.<\/p>\n\n\n\n<p>En aquestes noves ajudes, dotades amb un total de 36 milions d&#8217;euros, s&#8217;ha ampliat la tipologia de vehicles com s\u00f3n els autobusos, camions de m\u00e9s de 3.500 quilos, tractors, caravanes i autocaravanes, remolcs o tractors agr\u00edcoles, entre altres. D&#8217;aquesta manera, es vol donar cobertura a vehicles que van quedar fora de la primera tanda d&#8217;ajudes, dotada amb m\u00e9s de 250 milions d&#8217;euros que va llan\u00e7ar la Generalitat per a vehicles sinistrats per la riuada.<\/p>\n\n\n\n<p>La quantia d&#8217;aquesta ajuda ascendeix als seg\u00fcents imports en funci\u00f3 de la categoria del vehicle sinistrat: 250 euros per a ciclomotors; 750 euros per a motocicletes; 2.000 euros per a turismes; per a furgons variar\u00e0 en funci\u00f3 del tonatge (de 2.000 a 5.000 euros); per a camions dep\u00e9n tamb\u00e9 del tonatge (des de 2.000 euros a 9.000 euros); per a autocaravanes varia segons el tonatge (des de 5.000 a 7.500 euros); 5.000 euros per a tractors agr\u00edcoles i fins a 15.000 euros per a autobusos, entre altres categories.<\/p>\n\n\n\n<p>Les persones interessades a percebre aquestes subvencions tenen de termini per a demanar les ajudes fins al pr\u00f2xim 31 de juliol. Cal destacar que amb l&#8217;objectiu de resoldre amb la m\u00e0xima rapidesa aquestes subvencions, les persones f\u00edsiques podran presentar les sol\u00b7licituds preferentment de manera telem\u00e0tica, en el seg\u00fcent&nbsp;enlla\u00e7.&nbsp;<\/p>\n\n\n\n<p>Tamb\u00e9 es podr\u00e0 presentar la sol\u00b7licitud per les persones f\u00edsiques en les Oficines PROP d&#8217;assist\u00e8ncia i atenci\u00f3 ciutadana i en les oficines d&#8217;assist\u00e8ncia en mat\u00e8ria de Registre de l&#8217;Ag\u00e8ncia Tribut\u00e0ria Valenciana.<\/p>\n\n\n\n<p>En el cas de les persones jur\u00eddiques, \u00fanicament podran presentar les sol\u00b7licituds telem\u00e0ticament.<\/p>\n\n\n\n<p>Tamb\u00e9 s&#8217;habilita un servei per a resoldre dubtes i consultes en el tel\u00e8fon 96-0990390 o en el correu electr\u00f2nic ajudavehiclesdana@gva.es. A m\u00e9s, tota la informaci\u00f3 estar\u00e0 disponible en la web de l&#8217;Ag\u00e8ncia&nbsp; Tribut\u00e0ria Valenciana, aix\u00ed com en la&nbsp;web&nbsp;de les ajudes habilitada per la Generalitat.<\/p>\n\n\n\n<p>La consellera d&#8217;Hisenda ha recordat que les primeres ajudes es resoldran i abonaran durant la primera quinzena de juliol i ha considerat que l&#8217;alt volum de sol\u00b7licituds evidencia que aquesta mesura \u201crespon de veritat al que els damnificats necessiten en aquest moment per a recuperar la mobilitat, sense infinitat de tr\u00e0mits ni paperasses i amb un termini de pagament molt breu\u201d.<\/p>\n\n\n\n<p><strong>Requisits per a ser beneficiaris<\/strong><\/p>\n\n\n\n<p>Podran ser benefici\u00e0ries d&#8217;aquestes subvencions les persones f\u00edsiques, les persones jur\u00eddiques (a excepci\u00f3 de les Administracions P\u00fabliques), aix\u00ed com les societats civils, comunitats de b\u00e9ns i altres entitats sense personalitat jur\u00eddica. No obstant aix\u00f2, no podran sol\u00b7licitar l&#8217;ajuda els socis, comuners o integrants d&#8217;aquestes entitats a t\u00edtol individual.<\/p>\n\n\n\n<p>A m\u00e9s, els beneficiaris de les ajudes hauran de figurar com a titulars en el Registre de Vehicles de la Direcci\u00f3 General de Tr\u00e0nsit a data 29 d&#8217;octubre de 2024 d&#8217;un vehicle matriculat a Espanya que es trobe assegurat, que no haja sigut transm\u00e9s amb posterioritat a aquesta data i que es declare sinistrat com a conseq\u00fc\u00e8ncia directa de les inundacions del passat 29 d&#8217;octubre.<\/p>\n\n\n\n<p>Igualment, les persones benefici\u00e0ries hauran d&#8217;haver iniciat abans del 31 de desembre de 2024 una reclamaci\u00f3 al Consorci de Compensaci\u00f3 d&#8217;Assegurances o, en defecte d&#8217;aix\u00f2, a l&#8217;asseguradora del vehicle sinistrat. Aquesta circumst\u00e0ncia s&#8217;acreditar\u00e0 mitjan\u00e7ant la consignaci\u00f3 en la sol\u00b7licitud de l&#8217;ajuda del n\u00famero d&#8217;expedient assignat al sinistre pel Consorci de Compensaci\u00f3 d&#8217;Assegurances o, en defecte d&#8217;aix\u00f2, per l&#8217;entitat asseguradora del vehicle.<\/p>\n\n\n\n<p>Aix\u00ed mateix, el vehicle haur\u00e0 d&#8217;haver sigut baixa en la Direcci\u00f3 General de Tr\u00e0nsit (DGT) amb motiu dels danys ocasionats per la riuada. Per a sol\u00b7licitar aquesta ajuda n&#8217;hi ha prou amb justificar la baixa temporal del vehicle en la DGT i manifestar el comprom\u00eds de tramitar la baixa definitiva del vehicle quan siga possible i abans del 31 de desembre de 2025.<\/p>\n\n\n\n<p>No es podr\u00e0 ser beneficiari d&#8217;aquestes noves ajudes si amb anterioritat s&#8217;haguera percebut l&#8217;anterior ajuda aprovada pel Consell per a vehicles destru\u00efts per la dana. En el cas que la sol\u00b7licitud de l&#8217;ajuda anterior es trobara arracada de concessi\u00f3, la tramitaci\u00f3 de la nova ajuda quedar\u00e0 suspesa fins que es resolga aquesta sol\u00b7licitud.<\/p>\n\n\n\n<p>Nom\u00e9s podr\u00e0 presentar-se una sol\u00b7licitud per cada vehicle sinistrat, de manera que les persones sol\u00b7licitants hauran de presentar una sol\u00b7licitud independent per cada vehicle de la seua propietat que haja resultat sinistrat.&nbsp;<\/p>\n\n\n\n<p>En el cas que un vehicle pertanga a diverses persones, l&#8217;ajuda se sol\u00b7licitar\u00e0 per la persona que figure com a titular principal en el Registre de Vehicles de la DGT, la qual quedar\u00e0 obligada, sota la seua responsabilitat, a entregar a la resta de copropietaris la part proporcional de l&#8217;ajuda.<\/p>\n","protected":false},"excerpt":{"rendered":"<div class=\"mh-excerpt\">Aquest dilluns s&#8217;ha obert el termini per a sol\u00b7licitar la subvenci\u00f3, que amplia el tipus de vehicles sinistrats i preveu fins a 9.000 euros per camions o 15.000 euros per autobusos. Les sol\u00b7licituds es poden <a class=\"mh-excerpt-more\" href=\"https:\/\/www.tucomarca.com\/wordpress\/segunda\/ca\/la-generalitat-rep-1-119-sollicituds-per-a-les-noves-ajudes-de-vehicles-sinistrats-en-la-riuada-en-el-primer-dia-dobertura-del-termini\/\" title=\"La Generalitat rep 1.119 sol\u00b7licituds per a les noves ajudes de vehicles sinistrats en la riuada en el primer dia d&#8217;obertura del termini\">[+] <\/a><\/div>\n","protected":false},"author":13,"featured_media":267761,"comment_status":"open","ping_status":"open","sticky":false,"template":"","format":"standard","meta":{"footnotes":""},"categories":[21466,10898,10948,10894,10904,10903,10947,10896,10897],"tags":[13821,15409,12903,11199],"class_list":{"0":"post-269493","1":"post","2":"type-post","3":"status-publish","4":"format-standard","5":"has-post-thumbnail","7":"category-dana-ca","8":"category-ventana-ca","9":"category-infraestructuras-ca","10":"category-la-comarca-ca","11":"category-sin-categorizar-ca","12":"category-medio-ambiente-la-comarca-ca","13":"category-politica","14":"category-seccion-ca","15":"category-sucesos-la-comarca-ca","16":"tag-ayudas-ca","17":"tag-dana-2-ca","18":"tag-infraestructuras-ca","19":"tag-la-comunitat-ca"},"_links":{"self":[{"href":"https:\/\/www.tucomarca.com\/wordpress\/segunda\/ca\/wp-json\/wp\/v2\/posts\/269493","targetHints":{"allow":["GET"]}}],"collection":[{"href":"https:\/\/www.tucomarca.com\/wordpress\/segunda\/ca\/wp-json\/wp\/v2\/posts"}],"about":[{"href":"https:\/\/www.tucomarca.com\/wordpress\/segunda\/ca\/wp-json\/wp\/v2\/types\/post"}],"author":[{"embeddable":true,"href":"https:\/\/www.tucomarca.com\/wordpress\/segunda\/ca\/wp-json\/wp\/v2\/users\/13"}],"replies":[{"embeddable":true,"href":"https:\/\/www.tucomarca.com\/wordpress\/segunda\/ca\/wp-json\/wp\/v2\/comments?post=269493"}],"version-history":[{"count":0,"href":"https:\/\/www.tucomarca.com\/wordpress\/segunda\/ca\/wp-json\/wp\/v2\/posts\/269493\/revisions"}],"wp:featuredmedia":[{"embeddable":true,"href":"https:\/\/www.tucomarca.com\/wordpress\/segunda\/ca\/wp-json\/wp\/v2\/media\/267761"}],"wp:attachment":[{"href":"https:\/\/www.tucomarca.com\/wordpress\/segunda\/ca\/wp-json\/wp\/v2\/media?parent=269493"}],"wp:term":[{"taxonomy":"category","embeddable":true,"href":"https:\/\/www.tucomarca.com\/wordpress\/segunda\/ca\/wp-json\/wp\/v2\/categories?post=269493"},{"taxonomy":"post_tag","embeddable":true,"href":"https:\/\/www.tucomarca.com\/wordpress\/segunda\/ca\/wp-json\/wp\/v2\/tags?post=269493"}],"curies":[{"name":"wp","href":"https:\/\/api.w.org\/{rel}","templated":true}]}}