{"id":269732,"date":"2025-06-18T09:00:00","date_gmt":"2025-06-18T07:00:00","guid":{"rendered":"https:\/\/www.tucomarca.com\/wordpress\/segunda\/una-tormenta-electrica-deja-incendios-forestales-y-fuertes-lluvias-en-bicorp-villagordo-del-cabriel-y-en-la-yesa\/"},"modified":"2025-06-18T10:25:47","modified_gmt":"2025-06-18T08:25:47","slug":"una-tormenta-electrica-deja-incendios-forestales-y-fuertes-lluvias-en-bicorp-villagordo-del-cabriel-y-en-la-yesa","status":"publish","type":"post","link":"https:\/\/www.tucomarca.com\/wordpress\/segunda\/ca\/una-tormenta-electrica-deja-incendios-forestales-y-fuertes-lluvias-en-bicorp-villagordo-del-cabriel-y-en-la-yesa\/","title":{"rendered":"Una tempesta el\u00e8ctrica deixa incendis forestals i forts pluges a Bicorb, Villagordo del Cabriel i a la Iessa"},"content":{"rendered":"\n<p>Segons informa l&#8217;Ag\u00e8ncia Estatal de Meteorologia (AEMET), la intensa tempesta registrada en la vesprada d&#8217;aquest dimarts que ha creuat la Comunitat Valenciana provocant diversos incidents, principalment a les comarques de l&#8217;interior.<\/p>\n\n\n\n<p>El fen\u00f3meno, acompa\u00f1ado de una intensa actividad el\u00e9ctrica, se ha desplazado hacia el sur en direcci\u00f3n a la provincia de Alicante. En la zona de <strong>Villena<\/strong>, un rayo ha provocado un <strong>incendio forestal<\/strong>. Asimismo, se han declarado <strong>fuegos en Bicorp<\/strong>, en la <strong>Canal de Navarr\u00e9s<\/strong>, y en el t\u00e9rmino de <strong>Villagordo del Cabriel<\/strong>, en la comarca de <strong>Utiel-Requena<\/strong>.<\/p>\n\n\n\n<p>El <strong>Consorcio Provincial de Bomberos de Val\u00e8ncia<\/strong> tambi\u00e9n ha intervenido en otros conatos declarados en puntos como <strong>La Yesa, Finestrat y Torre Ma\u00e7anes<\/strong>, donde la tormenta ha dejado su huella.<\/p>\n\n\n\n<p>En cuanto a las <strong>precipitaciones<\/strong>, la AEMET ha registrado lluvias de intensidad considerable. <strong>Font de la Figuera<\/strong> ha acumulado <strong>34,4 l\/m\u00b2<\/strong>, seguida de <strong>Chelva<\/strong> con <strong>28 l\/m\u00b2<\/strong>, <strong>Enguera<\/strong> con <strong>20,8 l\/m\u00b2<\/strong> y <strong>Valdelinares<\/strong> con <strong>18,4 l\/m\u00b2<\/strong>.<\/p>\n\n\n\n<p>El mayor n\u00famero de <strong>rayos<\/strong> se ha concentrado en el interior de la provincia de Val\u00e8ncia. Por comarcas, destacan los siguientes datos:<\/p>\n\n\n\n<ul class=\"wp-block-list\">\n<li><strong>La Serran\u00eda<\/strong>: 194 impactos<\/li>\n\n\n\n<li><strong>La Vall d&#8217;Albaida<\/strong>: 170<\/li>\n\n\n\n<li><strong>La Costera<\/strong>: 149<\/li>\n\n\n\n<li><strong>La Canal de Navarr\u00e9s<\/strong>: 92<\/li>\n\n\n\n<li><strong>El Alto Vinalop\u00f3<\/strong>: 77<\/li>\n\n\n\n<li><strong>Valle de Cofrentes-Ayora<\/strong>: 75<\/li>\n\n\n\n<li><strong>Utiel-Requena<\/strong>: 72<\/li>\n\n\n\n<li><strong>L&#8217;Alcoi\u00e0<\/strong>: 58<\/li>\n<\/ul>\n\n\n\n<p>Los equipos de emergencia contin\u00faan trabajando en el seguimiento y control de los incendios declarados. La AEMET no descarta nuevas precipitaciones en las pr\u00f3ximas horas.<\/p>\n","protected":false},"excerpt":{"rendered":"<div class=\"mh-excerpt\">Segons informa l&#8217;Ag\u00e8ncia Estatal de Meteorologia (AEMET), la intensa tempesta registrada en la vesprada d&#8217;aquest dimarts que ha creuat la Comunitat Valenciana provocant diversos incidents, principalment a les comarques de l&#8217;interior. El fen\u00f3meno, acompa\u00f1ado de <a class=\"mh-excerpt-more\" href=\"https:\/\/www.tucomarca.com\/wordpress\/segunda\/ca\/una-tormenta-electrica-deja-incendios-forestales-y-fuertes-lluvias-en-bicorp-villagordo-del-cabriel-y-en-la-yesa\/\" title=\"Una tempesta el\u00e8ctrica deixa incendis forestals i forts pluges a Bicorb, Villagordo del Cabriel i a la Iessa\">[+] <\/a><\/div>\n","protected":false},"author":1,"featured_media":269722,"comment_status":"open","ping_status":"open","sticky":false,"template":"","format":"standard","meta":{"footnotes":""},"categories":[10965,11046,10898,10948,10963,10894,10904,11023,10903,10909,10896,10897,11061],"tags":[13893,11721,11094,10910,22697],"class_list":{"0":"post-269732","1":"post","2":"type-post","3":"status-publish","4":"format-standard","5":"has-post-thumbnail","7":"category-bicorp-ca","8":"category-los-serranos-ca","9":"category-ventana-ca","10":"category-infraestructuras-ca","11":"category-la-canal-de-navarres-ca","12":"category-la-comarca-ca","13":"category-sin-categorizar-ca","14":"category-la-yesa-ca","15":"category-medio-ambiente-la-comarca-ca","16":"category-requena-utiel-ca","17":"category-seccion-ca","18":"category-sucesos-la-comarca-ca","19":"category-villargordo-del-cabriel-ca","20":"tag-bicorp-ca","21":"tag-incendios-forestales-ca","22":"tag-la-canal-de-navarres","23":"tag-requena-utiel-ca","24":"tag-villagordo-del-cabriel-ca"},"_links":{"self":[{"href":"https:\/\/www.tucomarca.com\/wordpress\/segunda\/ca\/wp-json\/wp\/v2\/posts\/269732","targetHints":{"allow":["GET"]}}],"collection":[{"href":"https:\/\/www.tucomarca.com\/wordpress\/segunda\/ca\/wp-json\/wp\/v2\/posts"}],"about":[{"href":"https:\/\/www.tucomarca.com\/wordpress\/segunda\/ca\/wp-json\/wp\/v2\/types\/post"}],"author":[{"embeddable":true,"href":"https:\/\/www.tucomarca.com\/wordpress\/segunda\/ca\/wp-json\/wp\/v2\/users\/1"}],"replies":[{"embeddable":true,"href":"https:\/\/www.tucomarca.com\/wordpress\/segunda\/ca\/wp-json\/wp\/v2\/comments?post=269732"}],"version-history":[{"count":0,"href":"https:\/\/www.tucomarca.com\/wordpress\/segunda\/ca\/wp-json\/wp\/v2\/posts\/269732\/revisions"}],"wp:featuredmedia":[{"embeddable":true,"href":"https:\/\/www.tucomarca.com\/wordpress\/segunda\/ca\/wp-json\/wp\/v2\/media\/269722"}],"wp:attachment":[{"href":"https:\/\/www.tucomarca.com\/wordpress\/segunda\/ca\/wp-json\/wp\/v2\/media?parent=269732"}],"wp:term":[{"taxonomy":"category","embeddable":true,"href":"https:\/\/www.tucomarca.com\/wordpress\/segunda\/ca\/wp-json\/wp\/v2\/categories?post=269732"},{"taxonomy":"post_tag","embeddable":true,"href":"https:\/\/www.tucomarca.com\/wordpress\/segunda\/ca\/wp-json\/wp\/v2\/tags?post=269732"}],"curies":[{"name":"wp","href":"https:\/\/api.w.org\/{rel}","templated":true}]}}