{"id":269870,"date":"2025-06-19T12:00:00","date_gmt":"2025-06-19T10:00:00","guid":{"rendered":"https:\/\/www.tucomarca.com\/wordpress\/segunda\/?p=269870"},"modified":"2025-06-19T18:29:32","modified_gmt":"2025-06-19T16:29:32","slug":"nuria-martinez-anuncia-la-posada-en-servici-del-palau-de-justicia-de-lliria-durant-el-tercer-trimestre-de-2025","status":"publish","type":"post","link":"https:\/\/www.tucomarca.com\/wordpress\/segunda\/ca\/nuria-martinez-anuncia-la-posada-en-servici-del-palau-de-justicia-de-lliria-durant-el-tercer-trimestre-de-2025\/","title":{"rendered":"Nuria Mart\u00ednez anuncia la posada en servici del Palau de Just\u00edcia de Ll\u00edria durant el tercer trimestre de 2025"},"content":{"rendered":"\n<h3 class=\"wp-block-heading\">Les obres es troben al 90 % d\u2019execuci\u00f3 i suposaran una inversi\u00f3 total de 19,1 milions d\u2019euros.<\/h3>\n\n\n\n<h3 class=\"wp-block-heading\">El nou Palau de Just\u00edcia estar\u00e0 dotat amb els m\u00e9s moderns sistemes de seguretat i confort t\u00e8rmic, ser\u00e0 completament accessible i sostenible, i s\u2019ha fet una reserva d\u2019espai per a instal\u00b7lar fins a 14 jutjats en un futur.<\/h3>\n\n\n\n<p>La consellera de Just\u00edcia i Administraci\u00f3 P\u00fablica, Nuria Mart\u00ednez, ha anunciat \u201cla posada en servici del Palau de Just\u00edcia de Ll\u00edria durant el tercer trimestre de 2025\u201d.<\/p>\n\n\n\n<p>Les obres d\u2019esta nova infraestructura judicial es troben al 90 % d\u2019execuci\u00f3 i suposaran una inversi\u00f3 total de 19,1 milions d\u2019euros.<\/p>\n\n\n\n<p>Nuria Mart\u00ednez ha destacat que \u201cla nova seu d\u2019este partit judicial de la comarca de Camp de T\u00faria, que at\u00e9n 170.000 persones de 41 municipis, permetr\u00e0 concentrar els \u00f2rgans i servicis judicials que, ara mateix, estan repartits en tres locals diferents\u201d.<\/p>\n\n\n\n<p>La consellera ha emmarcat esta nova seu judicial \u201cdins del pla de modernitzaci\u00f3 de les infraestructures judicials que impulsa la Generalitat, amb el qual volem dotar el sistema judicial d\u2019espais adequats, funcionals, que oferisquen un servici m\u00e9s eficient, pr\u00f2xim i accessible a la ciutadania\u201d.<\/p>\n\n\n\n<p>En este sentit \u201cel nou Palau de Just\u00edcia de Ll\u00edria estar\u00e0 dotat amb els m\u00e9s moderns sistemes de seguretat i confort t\u00e8rmic, ser\u00e0 completament accessible i sostenible, i s\u2019ha fet una reserva d\u2019espai perqu\u00e8 es puguen instal\u00b7lar altres sis jutjats m\u00e9s en un futur, a m\u00e9s dels huit que hi ha hui dia\u201d, ha explicat Nuria Mart\u00ednez.&nbsp;<\/p>\n\n\n\n<p>D\u2019altra banda, la consellera ha informat que amb l\u2019entrada en vigor de la Llei org\u00e0nica 1\/2025, en el partit judicial de Ll\u00edria s\u2019implantar\u00e0 l\u20191 de juliol un servici com\u00fa general i un servici com\u00fa de tramitaci\u00f3 i que, a m\u00e9s, el 3 d\u2019octubre comen\u00e7ar\u00e0 tamb\u00e9 a funcionar una pla\u00e7a de la Secci\u00f3 de Viol\u00e8ncia sobre la Dona del Tribunal d\u2019Inst\u00e0ncia de Ll\u00edria, creada a trav\u00e9s del Reial decret 422\/2025, de 3 de juny.<\/p>\n\n\n\n<p><strong>Caracter\u00edstiques del projecte<\/strong><\/p>\n\n\n\n<p>La nova seu se situa en un solar de m\u00e9s de 2.000 metres quadrats en l\u2019avinguda de B\u00e9tera que enfronta a tres carrers.&nbsp;<\/p>\n\n\n\n<p>T\u00e9 un poc m\u00e9s de 12.000 m\u00b2 que allotjaran els huit jutjats que t\u00e9 el partit judicial, si b\u00e9 s\u2019ha dissenyat per a acollir-ne fins a 14 en el futur. Disposar\u00e0 de 75 sales per a diferents usos, 64 despatxos i un aparcament de cinc places en soterrani primer i 61 places en soterrani segon.&nbsp;<\/p>\n\n\n\n<p>En la planta baixa se situar\u00e0 el Registre Civil, que tindr\u00e0 una sala de lact\u00e0ncia, les sales de vistes (que inclouran zones d\u2019espera, espai per a detinguts i estances segures per a declaracions de v\u00edctimes de manera que es preserve la seua identitat), el jutjat de gu\u00e0rdia amb acc\u00e9s 24 hores independitzat de l\u2019edifici i les depend\u00e8ncies per a l\u2019Advocacia i la Procura.<\/p>\n\n\n\n<p>Tamb\u00e9 se situar\u00e0 l\u2019Oficina d\u2019Assist\u00e8ncia a les V\u00edctimes del Delicte, la Cl\u00ednica Medicoforense, la Unitat de Valoraci\u00f3 Integral, el gabinet psicosocial i la cambra Gesell (sala dissenyada per a l\u2019observaci\u00f3 encoberta, dividida per un espill de doble visi\u00f3 que permet als observadors vore des d\u2019un costat sense ser vistos des de l\u2019altre).<\/p>\n\n\n\n<p>En la resta de les plantes se situaran els huit \u00f2rgans judicials que t\u00e9 actualment el partit judicial de Ll\u00edria i la fiscalia.<\/p>\n\n\n\n<h3 class=\"wp-block-heading\"><\/h3>\n\n\n\n<figure class=\"wp-block-gallery has-nested-images columns-2 is-cropped wp-block-gallery-1 is-layout-flex wp-block-gallery-is-layout-flex\">\n<figure class=\"wp-block-image size-large\"><img loading=\"lazy\" decoding=\"async\" width=\"1024\" height=\"576\" data-id=\"269859\" src=\"https:\/\/www.tucomarca.com\/wordpress\/segunda\/wp-content\/uploads\/2025\/06\/LliriaPalacioJusticia3-1024x576.jpeg\" alt=\"\" class=\"wp-image-269859\" srcset=\"https:\/\/www.tucomarca.com\/wordpress\/segunda\/wp-content\/uploads\/2025\/06\/LliriaPalacioJusticia3-1024x576.jpeg 1024w, https:\/\/www.tucomarca.com\/wordpress\/segunda\/wp-content\/uploads\/2025\/06\/LliriaPalacioJusticia3-300x169.jpeg 300w, https:\/\/www.tucomarca.com\/wordpress\/segunda\/wp-content\/uploads\/2025\/06\/LliriaPalacioJusticia3-768x432.jpeg 768w, https:\/\/www.tucomarca.com\/wordpress\/segunda\/wp-content\/uploads\/2025\/06\/LliriaPalacioJusticia3-1536x864.jpeg 1536w, https:\/\/www.tucomarca.com\/wordpress\/segunda\/wp-content\/uploads\/2025\/06\/LliriaPalacioJusticia3-2048x1152.jpeg 2048w, https:\/\/www.tucomarca.com\/wordpress\/segunda\/wp-content\/uploads\/2025\/06\/LliriaPalacioJusticia3-678x381.jpeg 678w\" sizes=\"auto, (max-width: 1024px) 100vw, 1024px\" \/><\/figure>\n\n\n\n<figure class=\"wp-block-image size-large\"><img loading=\"lazy\" decoding=\"async\" width=\"1024\" height=\"576\" data-id=\"269857\" src=\"https:\/\/www.tucomarca.com\/wordpress\/segunda\/wp-content\/uploads\/2025\/06\/LliriaPalacioJusticia2-1024x576.jpeg\" alt=\"\" class=\"wp-image-269857\" srcset=\"https:\/\/www.tucomarca.com\/wordpress\/segunda\/wp-content\/uploads\/2025\/06\/LliriaPalacioJusticia2-1024x576.jpeg 1024w, https:\/\/www.tucomarca.com\/wordpress\/segunda\/wp-content\/uploads\/2025\/06\/LliriaPalacioJusticia2-300x169.jpeg 300w, https:\/\/www.tucomarca.com\/wordpress\/segunda\/wp-content\/uploads\/2025\/06\/LliriaPalacioJusticia2-768x432.jpeg 768w, https:\/\/www.tucomarca.com\/wordpress\/segunda\/wp-content\/uploads\/2025\/06\/LliriaPalacioJusticia2-1536x864.jpeg 1536w, https:\/\/www.tucomarca.com\/wordpress\/segunda\/wp-content\/uploads\/2025\/06\/LliriaPalacioJusticia2-2048x1152.jpeg 2048w, https:\/\/www.tucomarca.com\/wordpress\/segunda\/wp-content\/uploads\/2025\/06\/LliriaPalacioJusticia2-678x381.jpeg 678w\" sizes=\"auto, (max-width: 1024px) 100vw, 1024px\" \/><\/figure>\n\n\n\n<figure class=\"wp-block-image size-large\"><img loading=\"lazy\" decoding=\"async\" width=\"1024\" height=\"576\" data-id=\"269861\" src=\"https:\/\/www.tucomarca.com\/wordpress\/segunda\/wp-content\/uploads\/2025\/06\/LliriaPalacioJusticia4-1024x576.jpeg\" alt=\"\" class=\"wp-image-269861\" srcset=\"https:\/\/www.tucomarca.com\/wordpress\/segunda\/wp-content\/uploads\/2025\/06\/LliriaPalacioJusticia4-1024x576.jpeg 1024w, https:\/\/www.tucomarca.com\/wordpress\/segunda\/wp-content\/uploads\/2025\/06\/LliriaPalacioJusticia4-300x169.jpeg 300w, https:\/\/www.tucomarca.com\/wordpress\/segunda\/wp-content\/uploads\/2025\/06\/LliriaPalacioJusticia4-768x432.jpeg 768w, https:\/\/www.tucomarca.com\/wordpress\/segunda\/wp-content\/uploads\/2025\/06\/LliriaPalacioJusticia4-1536x864.jpeg 1536w, https:\/\/www.tucomarca.com\/wordpress\/segunda\/wp-content\/uploads\/2025\/06\/LliriaPalacioJusticia4-2048x1152.jpeg 2048w, https:\/\/www.tucomarca.com\/wordpress\/segunda\/wp-content\/uploads\/2025\/06\/LliriaPalacioJusticia4-678x381.jpeg 678w\" sizes=\"auto, (max-width: 1024px) 100vw, 1024px\" \/><\/figure>\n<\/figure>\n","protected":false},"excerpt":{"rendered":"<div class=\"mh-excerpt\">Les obres es troben al 90 % d\u2019execuci\u00f3 i suposaran una inversi\u00f3 total de 19,1 milions d\u2019euros. El nou Palau de Just\u00edcia estar\u00e0 dotat amb els m\u00e9s moderns sistemes de seguretat i confort t\u00e8rmic, ser\u00e0 <a class=\"mh-excerpt-more\" href=\"https:\/\/www.tucomarca.com\/wordpress\/segunda\/ca\/nuria-martinez-anuncia-la-posada-en-servici-del-palau-de-justicia-de-lliria-durant-el-tercer-trimestre-de-2025\/\" title=\"Nuria Mart\u00ednez anuncia la posada en servici del Palau de Just\u00edcia de Ll\u00edria durant el tercer trimestre de 2025\">[+] <\/a><\/div>\n","protected":false},"author":1,"featured_media":269856,"comment_status":"open","ping_status":"open","sticky":false,"template":"","format":"gallery","meta":{"footnotes":""},"categories":[10892,10898,10948,10894,10904,10928,10947,10896],"tags":[10899,11498,11070],"class_list":{"0":"post-269870","1":"post","2":"type-post","3":"status-publish","4":"format-gallery","5":"has-post-thumbnail","7":"category-camp-de-turia-ca","8":"category-ventana-ca","9":"category-infraestructuras-ca","10":"category-la-comarca-ca","11":"category-sin-categorizar-ca","12":"category-lliria-ca","13":"category-politica","14":"category-seccion-ca","15":"tag-camp-de-turia-ca","16":"tag-generalitat-valenciana-ca","17":"tag-lliria-ca","18":"post_format-post-format-gallery"},"_links":{"self":[{"href":"https:\/\/www.tucomarca.com\/wordpress\/segunda\/ca\/wp-json\/wp\/v2\/posts\/269870","targetHints":{"allow":["GET"]}}],"collection":[{"href":"https:\/\/www.tucomarca.com\/wordpress\/segunda\/ca\/wp-json\/wp\/v2\/posts"}],"about":[{"href":"https:\/\/www.tucomarca.com\/wordpress\/segunda\/ca\/wp-json\/wp\/v2\/types\/post"}],"author":[{"embeddable":true,"href":"https:\/\/www.tucomarca.com\/wordpress\/segunda\/ca\/wp-json\/wp\/v2\/users\/1"}],"replies":[{"embeddable":true,"href":"https:\/\/www.tucomarca.com\/wordpress\/segunda\/ca\/wp-json\/wp\/v2\/comments?post=269870"}],"version-history":[{"count":0,"href":"https:\/\/www.tucomarca.com\/wordpress\/segunda\/ca\/wp-json\/wp\/v2\/posts\/269870\/revisions"}],"wp:featuredmedia":[{"embeddable":true,"href":"https:\/\/www.tucomarca.com\/wordpress\/segunda\/ca\/wp-json\/wp\/v2\/media\/269856"}],"wp:attachment":[{"href":"https:\/\/www.tucomarca.com\/wordpress\/segunda\/ca\/wp-json\/wp\/v2\/media?parent=269870"}],"wp:term":[{"taxonomy":"category","embeddable":true,"href":"https:\/\/www.tucomarca.com\/wordpress\/segunda\/ca\/wp-json\/wp\/v2\/categories?post=269870"},{"taxonomy":"post_tag","embeddable":true,"href":"https:\/\/www.tucomarca.com\/wordpress\/segunda\/ca\/wp-json\/wp\/v2\/tags?post=269870"}],"curies":[{"name":"wp","href":"https:\/\/api.w.org\/{rel}","templated":true}]}}