{"id":269949,"date":"2025-06-20T08:30:00","date_gmt":"2025-06-20T06:30:00","guid":{"rendered":"https:\/\/www.tucomarca.com\/wordpress\/segunda\/?p=269949"},"modified":"2025-06-20T13:24:56","modified_gmt":"2025-06-20T11:24:56","slug":"la-mancomunitat-foia-de-bunyol-xiva-programa-el-seu-cicle-de-xarrades-taller-per-a-families","status":"publish","type":"post","link":"https:\/\/www.tucomarca.com\/wordpress\/segunda\/ca\/la-mancomunitat-foia-de-bunyol-xiva-programa-el-seu-cicle-de-xarrades-taller-per-a-families\/","title":{"rendered":"La Mancomunitat Foia de Bunyol-Xiva programa el seu cicle de Xarrades Taller per a Fam\u00edlies"},"content":{"rendered":"\n<p>L&#8217;equip de Serveis Socials de la Mancomunitat desenvolupa durant aquest mes de juliol, juntament amb els centres psicopedagogicos Gabald\u00f3n, una s\u00e8rie de xarrades-tallers, dirigits a fam\u00edlies amb l&#8217;objectiu de millorar les compet\u00e8ncies familiars.<\/p>\n\n\n<div class=\"wp-block-image\">\n<figure class=\"alignleft size-large is-resized\"><img loading=\"lazy\" decoding=\"async\" width=\"767\" height=\"1024\" src=\"https:\/\/www.tucomarca.com\/wordpress\/segunda\/wp-content\/uploads\/2025\/06\/charlasmancomunidad-767x1024.jpg\" alt=\"\" class=\"wp-image-269946\" style=\"width:386px;height:auto\" srcset=\"https:\/\/www.tucomarca.com\/wordpress\/segunda\/wp-content\/uploads\/2025\/06\/charlasmancomunidad-767x1024.jpg 767w, https:\/\/www.tucomarca.com\/wordpress\/segunda\/wp-content\/uploads\/2025\/06\/charlasmancomunidad-225x300.jpg 225w, https:\/\/www.tucomarca.com\/wordpress\/segunda\/wp-content\/uploads\/2025\/06\/charlasmancomunidad-768x1025.jpg 768w, https:\/\/www.tucomarca.com\/wordpress\/segunda\/wp-content\/uploads\/2025\/06\/charlasmancomunidad-1151x1536.jpg 1151w, https:\/\/www.tucomarca.com\/wordpress\/segunda\/wp-content\/uploads\/2025\/06\/charlasmancomunidad.jpg 1181w\" sizes=\"auto, (max-width: 767px) 100vw, 767px\" \/><\/figure>\n<\/div>\n\n\n<p>Les xarrades tenen per objecte posar en relleu el conjunt de coneixements, habilitats, actituds i pr\u00e0ctiques que les fam\u00edlies i les persones cuidadores han d&#8217;utilitzar per a criar, protegir i educar als seus fills i filles, assegurant un desenvolupament saludable.\u00a0<br>Aquestes activitats, que es desenvoluparan en els set municipis, formen part del programa d&#8217;Intervenci\u00f3 Familiar desenvolupat pels serveis socials d&#8217;atenci\u00f3 prim\u00e0ria b\u00e0sica de la Mancomunitat Foia de Bunyol Xiva.<br>Aquestes xarrades tindran tem\u00e0tiques diferents en cadascun dels pobles, amb acc\u00e9s total, totalment gratu\u00eft i dirigit a totes les fam\u00edlies que siguen del seu inter\u00e9s. Seran de lliure acc\u00e9s, independentment del municipi on residisques.<br>Amb aquesta iniciativa, la mancomunitat Foia de Bunyol Xiva proporciona eines pr\u00e0ctiques i coneixements fonamentals per a enfortir les compet\u00e8ncies parentals. En abordar tem\u00e0tiques clau sobre la crian\u00e7a, protecci\u00f3 i educaci\u00f3 dels fills i filles, aquestes sessions promouen un desenvolupament infantil saludable i reforcen el benestar familiar. A m\u00e9s, en oferir-se de manera gratu\u00efta, amb acc\u00e9s lliure i en diferents municipis, es garanteix la inclusi\u00f3 i l&#8217;equitat, facilitant que qualsevol fam\u00edlia interessada puga beneficiar-se, sense importar el seu lloc de resid\u00e8ncia.<\/p>\n","protected":false},"excerpt":{"rendered":"<div class=\"mh-excerpt\">L&#8217;equip de Serveis Socials de la Mancomunitat desenvolupa durant aquest mes de juliol, juntament amb els centres psicopedagogicos Gabald\u00f3n, una s\u00e8rie de xarrades-tallers, dirigits a fam\u00edlies amb l&#8217;objectiu de millorar les compet\u00e8ncies familiars. Les xarrades <a class=\"mh-excerpt-more\" href=\"https:\/\/www.tucomarca.com\/wordpress\/segunda\/ca\/la-mancomunitat-foia-de-bunyol-xiva-programa-el-seu-cicle-de-xarrades-taller-per-a-families\/\" title=\"La Mancomunitat Foia de Bunyol-Xiva programa el seu cicle de Xarrades Taller per a Fam\u00edlies\">[+] <\/a><\/div>\n","protected":false},"author":12,"featured_media":269947,"comment_status":"open","ping_status":"open","sticky":false,"template":"","format":"standard","meta":{"footnotes":""},"categories":[11019,10976,10977,10980,10894,10912,10896,10979],"tags":[11132,11087,10914,11514,11157,11141],"class_list":{"0":"post-269949","1":"post","2":"type-post","3":"status-publish","4":"format-standard","5":"has-post-thumbnail","7":"category-agenda-ca","8":"category-dos-aguas-ca","9":"category-godelleta-ca","10":"category-yatova-ca","11":"category-la-comarca-ca","12":"category-la-hoya-ca","13":"category-seccion-ca","14":"category-siete-aguas-ca","15":"tag-dos-aguas","16":"tag-godelleta-ca","17":"tag-la-hoya-de-bunol-chiva-ca","18":"tag-mancomunidad-de-la-hoya-de-bunol-chiva-ca","19":"tag-siete-aguas-ca","20":"tag-yatova-ca"},"_links":{"self":[{"href":"https:\/\/www.tucomarca.com\/wordpress\/segunda\/ca\/wp-json\/wp\/v2\/posts\/269949","targetHints":{"allow":["GET"]}}],"collection":[{"href":"https:\/\/www.tucomarca.com\/wordpress\/segunda\/ca\/wp-json\/wp\/v2\/posts"}],"about":[{"href":"https:\/\/www.tucomarca.com\/wordpress\/segunda\/ca\/wp-json\/wp\/v2\/types\/post"}],"author":[{"embeddable":true,"href":"https:\/\/www.tucomarca.com\/wordpress\/segunda\/ca\/wp-json\/wp\/v2\/users\/12"}],"replies":[{"embeddable":true,"href":"https:\/\/www.tucomarca.com\/wordpress\/segunda\/ca\/wp-json\/wp\/v2\/comments?post=269949"}],"version-history":[{"count":0,"href":"https:\/\/www.tucomarca.com\/wordpress\/segunda\/ca\/wp-json\/wp\/v2\/posts\/269949\/revisions"}],"wp:featuredmedia":[{"embeddable":true,"href":"https:\/\/www.tucomarca.com\/wordpress\/segunda\/ca\/wp-json\/wp\/v2\/media\/269947"}],"wp:attachment":[{"href":"https:\/\/www.tucomarca.com\/wordpress\/segunda\/ca\/wp-json\/wp\/v2\/media?parent=269949"}],"wp:term":[{"taxonomy":"category","embeddable":true,"href":"https:\/\/www.tucomarca.com\/wordpress\/segunda\/ca\/wp-json\/wp\/v2\/categories?post=269949"},{"taxonomy":"post_tag","embeddable":true,"href":"https:\/\/www.tucomarca.com\/wordpress\/segunda\/ca\/wp-json\/wp\/v2\/tags?post=269949"}],"curies":[{"name":"wp","href":"https:\/\/api.w.org\/{rel}","templated":true}]}}