{"id":270190,"date":"2025-06-23T11:00:00","date_gmt":"2025-06-23T09:00:00","guid":{"rendered":"https:\/\/www.tucomarca.com\/wordpress\/segunda\/?p=270190"},"modified":"2025-06-23T12:24:28","modified_gmt":"2025-06-23T10:24:28","slug":"carlos-mazon-hem-destinat-265-milions-deuros-per-a-recobrar-la-mobilitat-de-les-zones-afectades-per-les-riuades","status":"publish","type":"post","link":"https:\/\/www.tucomarca.com\/wordpress\/segunda\/ca\/carlos-mazon-hem-destinat-265-milions-deuros-per-a-recobrar-la-mobilitat-de-les-zones-afectades-per-les-riuades\/","title":{"rendered":"Carlos Maz\u00f3n: \u201cHem destinat 265 milions d&#8217;euros per a recobrar la mobilitat de les zones afectades per les riuades\u201d"},"content":{"rendered":"\n<h3 class=\"wp-block-heading\">La Generalitat ha invertit 75 milions d&#8217;euros per a recuperar les 18 carreteres auton\u00f2miques, 50 milions per a m\u00e9s de mig centenar d&#8217;infraestructures de titularitat local i altres 140 milions per a la reconstrucci\u00f3 del metre.<\/h3>\n\n\n\n<h3 class=\"wp-block-heading\">El cap del Consell titlla \u201cde nou fita\u201d la recuperaci\u00f3 del 100% de la xarxa de Metrovalencia i subratlla que el tram Val\u00e8ncia Sud-Castell\u00f3 \u201cestar\u00e0 en ple funcionament el 27 de juny\u201d.<\/h3>\n\n\n\n<h3 class=\"wp-block-heading\">El president de la Generalitat insta el Govern a \u201cdonar un impuls real a la recuperaci\u00f3 de la l\u00ednia C3 de Rodalia que segueix sense restituir-se\u201d i reclama ajudes a fons perdut per a \u201caccelerar la reconstrucci\u00f3\u201d.<\/h3>\n\n\n\n<p>El president de la Generalitat, Carlos Maz\u00f3n, ha destacat la inversi\u00f3 de l&#8217;Executiu valenci\u00e0 de \u201cm\u00e9s de 265 milions d&#8217;euros per a recuperar la mobilitat en carreteres i metre de les zones danyades per les riuades amb un comprom\u00eds real i efectiu que vam posar en marxa per a accelerar la recuperaci\u00f3\u201d.<\/p>\n\n\n\n<p>El cap del Consell ha incidit \u201cl&#8217;esfor\u00e7 tit\u00e0nic\u201d de la Generalitat en aquesta mat\u00e8ria \u201camb unes actuacions realitzades en temps r\u00e8cord que acrediten que estem realitzant la major mobilitzaci\u00f3 de recursos de la hist\u00f2ria en el menor temps possible sense cap suport del Govern d&#8217;Espanya\u201d.&nbsp;<\/p>\n\n\n\n<p>En aquest sentit, ha al\u00b7ludit a la inversi\u00f3 de 140 milions de l&#8217;Executiu auton\u00f2mic per a la reconstrucci\u00f3 de la xarxa de Metrovalencia afectada per les inundacions, de la qual ha recordat que \u201crecobrar\u00e0 el 100% del servei en la zona zero divendres que ve 27 de juny amb el tram que uneix Val\u00e8ncia Sud-Castell\u00f3\u201d, que se sumen als m\u00e9s de 75 milions d&#8217;euros per a recuperar les 18 carreteres auton\u00f2miques i 50 milions d&#8217;euros per a reconstruir 54 infraestructures de titularitat local.<\/p>\n\n\n\n<p>Maz\u00f3n ha ressaltat que \u201cuna de les nostres principals prioritats ha sigut que les zones afectades pogueren recobrar la connectivitat pel que des del minut un ens vam posar a treballar per a poder restablir les diferents connexions\u201d.<\/p>\n\n\n\n<p>En contraposici\u00f3, s&#8217;ha referit a les connexions a nivell estatal \u201cque encara segueixen sense recobrar el servei\u201d i ha instat el Govern d&#8217;Espanya a \u201cdonar un impuls real a la recuperaci\u00f3 de la l\u00ednia C3 de Rodalia que continua sense restituir-se\u201d, la qual cosa ha considerat \u201ctotalment inacceptable\u201d.<\/p>\n\n\n\n<p>Igualment, ha tornat a reclamar a l&#8217;Executiu central \u201cajudes a fons perdut per a accelerar la rehabilitaci\u00f3 d&#8217;infraestructures vi\u00e0ries, educatives, socials o sanit\u00e0ries, que mereixen els nostres ciutadans\u201d i ha lamentat que la Generalitat haja d&#8217;assumir \u201ca pulm\u00f3\u201d aquestes obres a c\u00e0rrec de m\u00e9s deute que \u201chem de pagar tots els valencians, alacantins i castellonencs\u201d.<\/p>\n\n\n\n<p>Nova fita de la reconstrucci\u00f3<\/p>\n\n\n\n<p>El cap del Consell ha titllat \u201cde nou fita\u201d la recuperaci\u00f3 de la totalitat del servei de Metrovalencia divendres que ve, el que ha considerat com \u201cun pas de gegant\u201d cap a la normalitat dels afectats per les inundacions.<\/p>\n\n\n\n<p>En aquest sentit, ha recordat que en tot just dues setmanes despr\u00e9s de la cat\u00e0strofe la Generalitat va restablir el servei del tramvia i a principis de desembre es va posar en funcionament el 80% de la xarxa de Metrovalencia.<\/p>\n\n\n\n<p>Igualment, ha al\u00b7ludit a les 25 l\u00ednies llan\u00e7adora habilitades per a suplir el servei de metro i al lliurament de m\u00e9s de 200.000 targetes de transport gratu\u00eft \u2018Recuperem Val\u00e8ncia\u2019 que permet viatjar als beneficiaris sense cap cost en Metrovalencia, Rodalia, EMT, Metrob\u00fas i autobusos auton\u00f2mics, de les quals ha ressaltat \u201cl&#8217;ampliaci\u00f3 per a tot l&#8217;any 2026\u201d.<\/p>\n\n\n\n<p>De la mateixa manera, s&#8217;ha referit a la recuperaci\u00f3 de la circulaci\u00f3 en les 18 carreteres de titularitat auton\u00f2mica afectades per les riuades \u201cen tan sols sis setmanes\u201d, facilitant aix\u00ed la mobilitat de persones, empreses i \u00e0rees industrials, al mateix temps que ha subratllat que aquest estiu conclouran totes les actuacions \u201cretornant les carreteres al seu estat previ\u201d.<\/p>\n\n\n\n<p>Respecte a l&#8217;execuci\u00f3 de les obres en infraestructures locals assumides per la Generalitat, ha assenyalat que \u201cavancen a bon ritme\u201d i ha posat com a exemple la finalitzaci\u00f3 del pont que uneix Catarroja i Massanassa o el pont que uneix Catarroja i Albal.<\/p>\n","protected":false},"excerpt":{"rendered":"<div class=\"mh-excerpt\">La Generalitat ha invertit 75 milions d&#8217;euros per a recuperar les 18 carreteres auton\u00f2miques, 50 milions per a m\u00e9s de mig centenar d&#8217;infraestructures de titularitat local i altres 140 milions per a la reconstrucci\u00f3 del <a class=\"mh-excerpt-more\" href=\"https:\/\/www.tucomarca.com\/wordpress\/segunda\/ca\/carlos-mazon-hem-destinat-265-milions-deuros-per-a-recobrar-la-mobilitat-de-les-zones-afectades-per-les-riuades\/\" title=\"Carlos Maz\u00f3n: \u201cHem destinat 265 milions d&#8217;euros per a recobrar la mobilitat de les zones afectades per les riuades\u201d\">[+] <\/a><\/div>\n","protected":false},"author":1,"featured_media":257859,"comment_status":"open","ping_status":"open","sticky":false,"template":"","format":"standard","meta":{"footnotes":""},"categories":[10892,21466,11046,10898,10948,10904,10912,10902,10903,10947,10909,10896,10897],"tags":[10899,10914,11077,10910],"class_list":{"0":"post-270190","1":"post","2":"type-post","3":"status-publish","4":"format-standard","5":"has-post-thumbnail","7":"category-camp-de-turia-ca","8":"category-dana-ca","9":"category-los-serranos-ca","10":"category-ventana-ca","11":"category-infraestructuras-ca","12":"category-sin-categorizar-ca","13":"category-la-hoya-ca","14":"category-la-ribera-ca","15":"category-medio-ambiente-la-comarca-ca","16":"category-politica","17":"category-requena-utiel-ca","18":"category-seccion-ca","19":"category-sucesos-la-comarca-ca","20":"tag-camp-de-turia-ca","21":"tag-la-hoya-de-bunol-chiva-ca","22":"tag-la-ribera-alta-ca","23":"tag-requena-utiel-ca"},"_links":{"self":[{"href":"https:\/\/www.tucomarca.com\/wordpress\/segunda\/ca\/wp-json\/wp\/v2\/posts\/270190","targetHints":{"allow":["GET"]}}],"collection":[{"href":"https:\/\/www.tucomarca.com\/wordpress\/segunda\/ca\/wp-json\/wp\/v2\/posts"}],"about":[{"href":"https:\/\/www.tucomarca.com\/wordpress\/segunda\/ca\/wp-json\/wp\/v2\/types\/post"}],"author":[{"embeddable":true,"href":"https:\/\/www.tucomarca.com\/wordpress\/segunda\/ca\/wp-json\/wp\/v2\/users\/1"}],"replies":[{"embeddable":true,"href":"https:\/\/www.tucomarca.com\/wordpress\/segunda\/ca\/wp-json\/wp\/v2\/comments?post=270190"}],"version-history":[{"count":0,"href":"https:\/\/www.tucomarca.com\/wordpress\/segunda\/ca\/wp-json\/wp\/v2\/posts\/270190\/revisions"}],"wp:featuredmedia":[{"embeddable":true,"href":"https:\/\/www.tucomarca.com\/wordpress\/segunda\/ca\/wp-json\/wp\/v2\/media\/257859"}],"wp:attachment":[{"href":"https:\/\/www.tucomarca.com\/wordpress\/segunda\/ca\/wp-json\/wp\/v2\/media?parent=270190"}],"wp:term":[{"taxonomy":"category","embeddable":true,"href":"https:\/\/www.tucomarca.com\/wordpress\/segunda\/ca\/wp-json\/wp\/v2\/categories?post=270190"},{"taxonomy":"post_tag","embeddable":true,"href":"https:\/\/www.tucomarca.com\/wordpress\/segunda\/ca\/wp-json\/wp\/v2\/tags?post=270190"}],"curies":[{"name":"wp","href":"https:\/\/api.w.org\/{rel}","templated":true}]}}