{"id":270222,"date":"2025-06-23T10:30:00","date_gmt":"2025-06-23T08:30:00","guid":{"rendered":"https:\/\/www.tucomarca.com\/wordpress\/segunda\/?p=270222"},"modified":"2025-06-23T13:34:15","modified_gmt":"2025-06-23T11:34:15","slug":"enguix-i-mazzolari-explicaran-el-treball-de-la-diputacio-despres-de-la-dana-en-un-simposi-de-la-ue-a-varsovia","status":"publish","type":"post","link":"https:\/\/www.tucomarca.com\/wordpress\/segunda\/ca\/enguix-i-mazzolari-explicaran-el-treball-de-la-diputacio-despres-de-la-dana-en-un-simposi-de-la-ue-a-varsovia\/","title":{"rendered":"Enguix i Mazzolari explicaran el treball de la Diputaci\u00f3 despr\u00e9s de la dana en un simposi de la UE a Vars\u00f2via"},"content":{"rendered":"\n<h3 class=\"wp-block-heading\">Les vicepresidentes de la corporaci\u00f3 provincial participen estos dies en la Confer\u00e8ncia Nacional per a Governs Locals BGK al costat del diputat d&#8217;Innovaci\u00f3 i Fons Europeus, Juan Ram\u00f3n Adsuara.<\/h3>\n\n\n\n<p>Nat\u00e0lia Enguix i Reme Mazzolari, vicepresidentes primera i segona de la Diputaci\u00f3 de Val\u00e8ncia, participen estos dies a Vars\u00f2via, al costat del diputat d&#8217;Innovaci\u00f3 i Fons Europeus, Juan Ram\u00f3n Adsuara, en la 18a Confer\u00e8ncia Nacional per a Governs Locals organitzada pel Banc Nacional d&#8217;Economia de Pol\u00f2nia (BGK). Amb la resili\u00e8ncia de les entitats locals com a tema de debat, l&#8217;encontre compta, entre altres autoritats, amb el ministre de l&#8217;Interior polon\u00e9s, Tomasz Siemoniak, i la ministra de Fons i Pol\u00edtica Regional, Katarzyna Petczynska-Natecz.<\/p>\n\n\n\n<p>Els responsables de la Diputaci\u00f3 centraran les seues intervencions en la resposta institucional davant la dana que va afectar la prov\u00edncia el passat 29 d&#8217;octubre i el proc\u00e9s de recuperaci\u00f3 despr\u00e9s que es produ\u00efsquen les cat\u00e0strofes naturals. Enguix, Mazzolari i Adsuara intervindran en el taller programat per al dimarts 24 a les 9.30 hores, amb la resili\u00e8ncia local davant cat\u00e0strofes i inundacions com a punt de partida. \u201cCol\u00b7laborar en f\u00f2rums europeus sempre \u00e9s important, enriquidor; m\u00e9s si cap en el context actual en el qual hem d&#8217;estar m\u00e9s units que mai per a fer front als reptes d&#8217;un m\u00f3n globalitzat que s&#8217;enfronta a perills com la degradaci\u00f3 ambiental o les tensions geopol\u00edtiques\u201d, apunta Nat\u00e0lia Enguix.<\/p>\n\n\n\n<p>Per part seua, la vicepresidenta Mazzolari, responsable d&#8217;Infraestructures i Carreteres en la Diputaci\u00f3, exposar\u00e0 la resposta oferida per la corporaci\u00f3 davant la dana, ajudant als municipis afectats amb una inversi\u00f3 superior als 100 milions d&#8217;euros i una atenci\u00f3 constant tant en assessorament com en recursos t\u00e8cnics. En opini\u00f3 de Reme Mazzolari, \u201cles diputacions i altres governs intermedis han demostrat la seua solv\u00e8ncia a l&#8217;hora d&#8217;intervindre davant situacions de risc, i eixa import\u00e0ncia que tenen per a la cohesi\u00f3 social ens convertix en institucions imprescindibles per a la ciutadania, les m\u00e9s pr\u00f2ximes als municipis i ens locals\u201d.<\/p>\n\n\n\n<p>El diputat de Fons Europeus, Juan Ram\u00f3n Adsuara, exposar\u00e0 a Vars\u00f2via la seua experi\u00e8ncia com a alcalde d&#8217;Alfafar, un dels municipis afectats per la riuada d&#8217;octubre en territori valenci\u00e0. Adsuara analitzar\u00e0 el proc\u00e9s de recuperaci\u00f3 gradual de les infraestructures danyades i insistir\u00e0 en la reivindicaci\u00f3 efectuada per la Diputaci\u00f3 sobre el paper que poden exercir els governs intermedis com a gestors de fons de la UE dirigits als municipis, amb l&#8217;objectiu de \u201cdesenvolupar efica\u00e7ment el territori\u201d.<\/p>\n\n\n\n<figure class=\"wp-block-image size-large\"><img loading=\"lazy\" decoding=\"async\" width=\"1024\" height=\"669\" src=\"http:\/\/www.tucomarca.com\/wordpress\/segunda\/wp-content\/uploads\/2025\/06\/DipuVarsovia2-1024x669.jpg\" alt=\"\" class=\"wp-image-270219\" srcset=\"https:\/\/www.tucomarca.com\/wordpress\/segunda\/wp-content\/uploads\/2025\/06\/DipuVarsovia2-1024x669.jpg 1024w, https:\/\/www.tucomarca.com\/wordpress\/segunda\/wp-content\/uploads\/2025\/06\/DipuVarsovia2-300x196.jpg 300w, https:\/\/www.tucomarca.com\/wordpress\/segunda\/wp-content\/uploads\/2025\/06\/DipuVarsovia2-768x502.jpg 768w, https:\/\/www.tucomarca.com\/wordpress\/segunda\/wp-content\/uploads\/2025\/06\/DipuVarsovia2-1536x1004.jpg 1536w, https:\/\/www.tucomarca.com\/wordpress\/segunda\/wp-content\/uploads\/2025\/06\/DipuVarsovia2.jpg 2048w\" sizes=\"auto, (max-width: 1024px) 100vw, 1024px\" \/><\/figure>\n","protected":false},"excerpt":{"rendered":"<div class=\"mh-excerpt\">Les vicepresidentes de la corporaci\u00f3 provincial participen estos dies en la Confer\u00e8ncia Nacional per a Governs Locals BGK al costat del diputat d&#8217;Innovaci\u00f3 i Fons Europeus, Juan Ram\u00f3n Adsuara. Nat\u00e0lia Enguix i Reme Mazzolari, vicepresidentes <a class=\"mh-excerpt-more\" href=\"https:\/\/www.tucomarca.com\/wordpress\/segunda\/ca\/enguix-i-mazzolari-explicaran-el-treball-de-la-diputacio-despres-de-la-dana-en-un-simposi-de-la-ue-a-varsovia\/\" title=\"Enguix i Mazzolari explicaran el treball de la Diputaci\u00f3 despr\u00e9s de la dana en un simposi de la UE a Vars\u00f2via\">[+] <\/a><\/div>\n","protected":false},"author":12,"featured_media":270217,"comment_status":"open","ping_status":"open","sticky":false,"template":"","format":"standard","meta":{"footnotes":""},"categories":[21466,10898,10948,10894,10904,10903,10947,10896,10897],"tags":[22716,15409,11246,20404,19433,12885],"class_list":{"0":"post-270222","1":"post","2":"type-post","3":"status-publish","4":"format-standard","5":"has-post-thumbnail","7":"category-dana-ca","8":"category-ventana-ca","9":"category-infraestructuras-ca","10":"category-la-comarca-ca","11":"category-sin-categorizar-ca","12":"category-medio-ambiente-la-comarca-ca","13":"category-politica","14":"category-seccion-ca","15":"category-sucesos-la-comarca-ca","16":"tag-conferencia-nacional-para-gobiernos-locales-bgk-ca","17":"tag-dana-2-ca","18":"tag-diputacio-de-valencia-ca","19":"tag-natalia-enguix-2-ca","20":"tag-reme-mazzolari-ca","21":"tag-ue-ca"},"_links":{"self":[{"href":"https:\/\/www.tucomarca.com\/wordpress\/segunda\/ca\/wp-json\/wp\/v2\/posts\/270222","targetHints":{"allow":["GET"]}}],"collection":[{"href":"https:\/\/www.tucomarca.com\/wordpress\/segunda\/ca\/wp-json\/wp\/v2\/posts"}],"about":[{"href":"https:\/\/www.tucomarca.com\/wordpress\/segunda\/ca\/wp-json\/wp\/v2\/types\/post"}],"author":[{"embeddable":true,"href":"https:\/\/www.tucomarca.com\/wordpress\/segunda\/ca\/wp-json\/wp\/v2\/users\/12"}],"replies":[{"embeddable":true,"href":"https:\/\/www.tucomarca.com\/wordpress\/segunda\/ca\/wp-json\/wp\/v2\/comments?post=270222"}],"version-history":[{"count":0,"href":"https:\/\/www.tucomarca.com\/wordpress\/segunda\/ca\/wp-json\/wp\/v2\/posts\/270222\/revisions"}],"wp:featuredmedia":[{"embeddable":true,"href":"https:\/\/www.tucomarca.com\/wordpress\/segunda\/ca\/wp-json\/wp\/v2\/media\/270217"}],"wp:attachment":[{"href":"https:\/\/www.tucomarca.com\/wordpress\/segunda\/ca\/wp-json\/wp\/v2\/media?parent=270222"}],"wp:term":[{"taxonomy":"category","embeddable":true,"href":"https:\/\/www.tucomarca.com\/wordpress\/segunda\/ca\/wp-json\/wp\/v2\/categories?post=270222"},{"taxonomy":"post_tag","embeddable":true,"href":"https:\/\/www.tucomarca.com\/wordpress\/segunda\/ca\/wp-json\/wp\/v2\/tags?post=270222"}],"curies":[{"name":"wp","href":"https:\/\/api.w.org\/{rel}","templated":true}]}}