{"id":270368,"date":"2025-06-26T10:30:00","date_gmt":"2025-06-26T08:30:00","guid":{"rendered":"https:\/\/www.tucomarca.com\/wordpress\/segunda\/?p=270368"},"modified":"2025-06-26T18:51:22","modified_gmt":"2025-06-26T16:51:22","slug":"carmen-alis-marzal-poder-representar-al-poble-com-a-reina-de-la-fira-i-festes-de-bunyol-em-fa-moltissima-illusio-estic-desitjant-que-comence-ja","status":"publish","type":"post","link":"https:\/\/www.tucomarca.com\/wordpress\/segunda\/ca\/carmen-alis-marzal-poder-representar-al-poble-com-a-reina-de-la-fira-i-festes-de-bunyol-em-fa-moltissima-illusio-estic-desitjant-que-comence-ja\/","title":{"rendered":"Carmen Al\u00eds Marzal: &#8220;poder representar al poble com a Reina de la Fira i Festes de Bunyol em fa molt\u00edssima il\u00b7lusi\u00f3; estic desitjant que comence ja&#8221;"},"content":{"rendered":"\n<h3 class=\"wp-block-heading\">Carmen Al\u00eds Marzal ser\u00e0 proclamada Reina de la Fira i Festes de Bunyol 2025 aquest divendres, 27 de juny al Parc de Borrunes.<\/h3>\n\n\n<div class=\"wp-block-image\">\n<figure class=\"alignleft size-large is-resized\"><img loading=\"lazy\" decoding=\"async\" width=\"683\" height=\"1024\" src=\"http:\/\/www.tucomarca.com\/wordpress\/segunda\/wp-content\/uploads\/2025\/06\/CARMEN-ALIS-MARZAL-683x1024.jpg\" alt=\"\" class=\"wp-image-270365\" style=\"width:353px;height:auto\" srcset=\"https:\/\/www.tucomarca.com\/wordpress\/segunda\/wp-content\/uploads\/2025\/06\/CARMEN-ALIS-MARZAL-683x1024.jpg 683w, https:\/\/www.tucomarca.com\/wordpress\/segunda\/wp-content\/uploads\/2025\/06\/CARMEN-ALIS-MARZAL-200x300.jpg 200w, https:\/\/www.tucomarca.com\/wordpress\/segunda\/wp-content\/uploads\/2025\/06\/CARMEN-ALIS-MARZAL-768x1152.jpg 768w, https:\/\/www.tucomarca.com\/wordpress\/segunda\/wp-content\/uploads\/2025\/06\/CARMEN-ALIS-MARZAL-1024x1536.jpg 1024w, https:\/\/www.tucomarca.com\/wordpress\/segunda\/wp-content\/uploads\/2025\/06\/CARMEN-ALIS-MARZAL.jpg 1181w\" sizes=\"auto, (max-width: 683px) 100vw, 683px\" \/><\/figure>\n<\/div>\n\n\n<p><strong>\u2014Com et sents a escassos dies de la celebraci\u00f3 de Sant Joan i de la teua proclamaci\u00f3 com a Reina de la Fira i Festes de Bunyol?<\/strong><\/p>\n\n\n\n<p>\u2014Em sent s\u00faper il\u00b7lusionada. Per a mi aix\u00f2 \u00e9s una cosa completament nova i tinc molt\u00edssimes ganes de viure-ho. Estic desitjant veure a tota la meua fam\u00edlia, a la meua cort i als meus amics i amigues. \u00c9s una experi\u00e8ncia \u00fanica i tinc moltes ganes de gaudir-la.<\/p>\n\n\n\n<p><strong>\u2014Imaginem que ser\u00e0 un dels moments m\u00e9s esperats. Com ho viu la teua fam\u00edlia?<\/strong><\/p>\n\n\n\n<p>\u2014Amb la meua fam\u00edlia molt b\u00e9, la veritat. Les meues germanes estan molt il\u00b7lusionades, i els meus pares tamb\u00e9 ho estan vivint amb molta alegria. Per\u00f2, sobretot, les meues \u00e0vies s\u00f3n les que m\u00e9s ho estan gaudint: em diuen cada dia que torne de provar-me algun vestit o de la perruqueria, sempre volen saber com ha anat tot. La gent els pregunta molt per mi, i aix\u00f2 els fa molta il\u00b7lusi\u00f3. En general, estem tots molt emocionats.<\/p>\n\n\n\n<p><strong>\u2014Com t&#8217;imagines viure aquesta experi\u00e8ncia?<\/strong><\/p>\n\n\n\n<p>\u2014Tinc un munt de ganes! Comen\u00e7ant per la proclamaci\u00f3 i continuant amb tot el mes d&#8217;agost. M&#8217;encanten les festes de Bunyol i des de sempre he intentat no perdre&#8217;m res. Ara, poder representar al poble en una cosa tan important em fa molt\u00edssima il\u00b7lusi\u00f3. Ho veig com una oportunitat preciosa, i estic desitjant que comence ja.<\/p>\n","protected":false},"excerpt":{"rendered":"<div class=\"mh-excerpt\">Carmen Al\u00eds Marzal ser\u00e0 proclamada Reina de la Fira i Festes de Bunyol 2025 aquest divendres, 27 de juny al Parc de Borrunes. \u2014Com et sents a escassos dies de la celebraci\u00f3 de Sant Joan <a class=\"mh-excerpt-more\" href=\"https:\/\/www.tucomarca.com\/wordpress\/segunda\/ca\/carmen-alis-marzal-poder-representar-al-poble-com-a-reina-de-la-fira-i-festes-de-bunyol-em-fa-moltissima-illusio-estic-desitjant-que-comence-ja\/\" title=\"Carmen Al\u00eds Marzal: &#8220;poder representar al poble com a Reina de la Fira i Festes de Bunyol em fa molt\u00edssima il\u00b7lusi\u00f3; estic desitjant que comence ja&#8221;\">[+] <\/a><\/div>\n","protected":false},"author":12,"featured_media":270364,"comment_status":"open","ping_status":"open","sticky":false,"template":"","format":"standard","meta":{"footnotes":""},"categories":[11019,10911,10894,10912,11004,11007,11008,10896],"tags":[10913,11191,11177,10914],"class_list":{"0":"post-270368","1":"post","2":"type-post","3":"status-publish","4":"format-standard","5":"has-post-thumbnail","7":"category-agenda-ca","8":"category-bunol-ca","9":"category-la-comarca-ca","10":"category-la-hoya-ca","11":"category-la-semana-en-imagenes-ca","12":"category-ocio-y-cultura-ca","13":"category-pueblos-en-fiestas-ca","14":"category-seccion-ca","15":"tag-bunol-ca","16":"tag-fiestas-ca","17":"tag-fira-y-festes","18":"tag-la-hoya-de-bunol-chiva-ca"},"_links":{"self":[{"href":"https:\/\/www.tucomarca.com\/wordpress\/segunda\/ca\/wp-json\/wp\/v2\/posts\/270368","targetHints":{"allow":["GET"]}}],"collection":[{"href":"https:\/\/www.tucomarca.com\/wordpress\/segunda\/ca\/wp-json\/wp\/v2\/posts"}],"about":[{"href":"https:\/\/www.tucomarca.com\/wordpress\/segunda\/ca\/wp-json\/wp\/v2\/types\/post"}],"author":[{"embeddable":true,"href":"https:\/\/www.tucomarca.com\/wordpress\/segunda\/ca\/wp-json\/wp\/v2\/users\/12"}],"replies":[{"embeddable":true,"href":"https:\/\/www.tucomarca.com\/wordpress\/segunda\/ca\/wp-json\/wp\/v2\/comments?post=270368"}],"version-history":[{"count":0,"href":"https:\/\/www.tucomarca.com\/wordpress\/segunda\/ca\/wp-json\/wp\/v2\/posts\/270368\/revisions"}],"wp:featuredmedia":[{"embeddable":true,"href":"https:\/\/www.tucomarca.com\/wordpress\/segunda\/ca\/wp-json\/wp\/v2\/media\/270364"}],"wp:attachment":[{"href":"https:\/\/www.tucomarca.com\/wordpress\/segunda\/ca\/wp-json\/wp\/v2\/media?parent=270368"}],"wp:term":[{"taxonomy":"category","embeddable":true,"href":"https:\/\/www.tucomarca.com\/wordpress\/segunda\/ca\/wp-json\/wp\/v2\/categories?post=270368"},{"taxonomy":"post_tag","embeddable":true,"href":"https:\/\/www.tucomarca.com\/wordpress\/segunda\/ca\/wp-json\/wp\/v2\/tags?post=270368"}],"curies":[{"name":"wp","href":"https:\/\/api.w.org\/{rel}","templated":true}]}}