{"id":270461,"date":"2025-06-26T10:35:00","date_gmt":"2025-06-26T08:35:00","guid":{"rendered":"https:\/\/www.tucomarca.com\/wordpress\/segunda\/?p=270461"},"modified":"2025-06-26T11:11:08","modified_gmt":"2025-06-26T09:11:08","slug":"sanitat-alerta-de-risc-alt-per-calor-en-48-municipis-de-7-comarques-de-la-comunitat-entre-elles-la-foia-la-ribera-alta-la-regio-muntanyenca-i-camp-de-turia","status":"publish","type":"post","link":"https:\/\/www.tucomarca.com\/wordpress\/segunda\/ca\/sanitat-alerta-de-risc-alt-per-calor-en-48-municipis-de-7-comarques-de-la-comunitat-entre-elles-la-foia-la-ribera-alta-la-regio-muntanyenca-i-camp-de-turia\/","title":{"rendered":"Sanitat alerta de &#8220;risc alt&#8221; per calor en 48 municipis de 7 comarques de la Comunitat, entre elles La Foia, La Ribera Alta, La Serran\u00eda i Camp de T\u00faria"},"content":{"rendered":"\n<h3 class=\"wp-block-heading\">Davant la possibilitat d&#8217;altes&nbsp; temperatures di\u00fcrnes, Sanitat aconsella anar amb compte amb el sol, especialment entre les 12,00 i les 17,00 hores.<\/h3>\n\n\n\n<p>La Conselleria de Sanitat de la Generalitat Valenciana ha em\u00e9s per a aquest dijous un av\u00eds de &#8220;risc alt&#8221; per temperatures altes al mig centenar de municipis de set comarques de Castell\u00f3 i Val\u00e8ncia, entre elles a l&#8217;interior de la prov\u00edncia les de La Foia de Bunyol, La Ribera Alta i La Serran\u00eda.<\/p>\n\n\n\n<p>A aquesta alerta se suma l&#8217;av\u00eds de &#8220;risc mitj\u00e0&#8221; per calor en un centenar de localitats d&#8217;aquestes comarques a m\u00e9s d&#8217;altres pertanyents al Camp de T\u00faria.<\/p>\n\n\n\n<p>Des de la Conselleria de Sanitat s&#8217;aconsella anar amb compte amb el sol, especialment entre les 12,00 i les 17,00 hores, beure abundants l\u00edquids encara que no es tinga set i evitar les begudes amb cafe\u00efna, alcohol o ensucrades, ja que poden afavorir la deshidrataci\u00f3.<\/p>\n\n\n\n<p>Sanitat detalla els municipis afectats pels diferents avisos en el Sistema de vigil\u00e0ncia de temperatures extremes en la Comunitat Valenciana, disponible en <a href=\"https:\/\/comunitatvalenciana.meteoclim.com\/?language=es\" target=\"_blank\" rel=\"noreferrer noopener\">l&#8217;enlla\u00e7<\/a>.<\/p>\n\n\n\n<p><strong>Temps previst per a dijous i divendres, segons la Aemet<\/strong><\/p>\n\n\n\n<p>Des de l&#8217;Ag\u00e8ncia Estatal de Meteorologia (Aemet) es preveu per a aquest dijous que el cel a la Comunitat Valenciana estiga buidat, amb unes temperatures m\u00ednimes que pujaran o a penes canviaran i amb unes m\u00e0ximes que patiran un descens, excepte en el ter\u00e7 sud on no variaran. El vent ser\u00e0 fluix de direcci\u00f3 variable, amb intervals de nord-oest moderat a l&#8217;interior a primeres hores, predominant la component aquest amb intervals de moderat a la vesprada.<\/p>\n\n\n\n<p>Per al divendres, la Aemet preveu que seguiran els cels buidats, les temperatures m\u00ednimes baixaran lleugerament o no canviaran, les m\u00e0ximes seran m\u00e9s baixes en el sud d&#8217;Alacant i pujaran en la resta, i el vent ser\u00e0 fluix de direcci\u00f3 variable les primeres i \u00faltimes hores, predominant la component aquest amb intervals de moderat a la vesprada.<\/p>\n","protected":false},"excerpt":{"rendered":"<div class=\"mh-excerpt\">Davant la possibilitat d&#8217;altes&nbsp; temperatures di\u00fcrnes, Sanitat aconsella anar amb compte amb el sol, especialment entre les 12,00 i les 17,00 hores. La Conselleria de Sanitat de la Generalitat Valenciana ha em\u00e9s per a aquest <a class=\"mh-excerpt-more\" href=\"https:\/\/www.tucomarca.com\/wordpress\/segunda\/ca\/sanitat-alerta-de-risc-alt-per-calor-en-48-municipis-de-7-comarques-de-la-comunitat-entre-elles-la-foia-la-ribera-alta-la-regio-muntanyenca-i-camp-de-turia\/\" title=\"Sanitat alerta de &#8220;risc alt&#8221; per calor en 48 municipis de 7 comarques de la Comunitat, entre elles La Foia, La Ribera Alta, La Serran\u00eda i Camp de T\u00faria\">[+] <\/a><\/div>\n","protected":false},"author":1,"featured_media":139316,"comment_status":"open","ping_status":"open","sticky":false,"template":"","format":"standard","meta":{"footnotes":""},"categories":[10892,11046,10898,10948,10894,10904,10912,10902,10903,10897],"tags":[10899,10914,11077,11928,11080],"class_list":{"0":"post-270461","1":"post","2":"type-post","3":"status-publish","4":"format-standard","5":"has-post-thumbnail","7":"category-camp-de-turia-ca","8":"category-los-serranos-ca","9":"category-ventana-ca","10":"category-infraestructuras-ca","11":"category-la-comarca-ca","12":"category-sin-categorizar-ca","13":"category-la-hoya-ca","14":"category-la-ribera-ca","15":"category-medio-ambiente-la-comarca-ca","16":"category-sucesos-la-comarca-ca","17":"tag-camp-de-turia-ca","18":"tag-la-hoya-de-bunol-chiva-ca","19":"tag-la-ribera-alta-ca","20":"tag-la-serrania-ca","21":"tag-los-serranos-ca"},"_links":{"self":[{"href":"https:\/\/www.tucomarca.com\/wordpress\/segunda\/ca\/wp-json\/wp\/v2\/posts\/270461","targetHints":{"allow":["GET"]}}],"collection":[{"href":"https:\/\/www.tucomarca.com\/wordpress\/segunda\/ca\/wp-json\/wp\/v2\/posts"}],"about":[{"href":"https:\/\/www.tucomarca.com\/wordpress\/segunda\/ca\/wp-json\/wp\/v2\/types\/post"}],"author":[{"embeddable":true,"href":"https:\/\/www.tucomarca.com\/wordpress\/segunda\/ca\/wp-json\/wp\/v2\/users\/1"}],"replies":[{"embeddable":true,"href":"https:\/\/www.tucomarca.com\/wordpress\/segunda\/ca\/wp-json\/wp\/v2\/comments?post=270461"}],"version-history":[{"count":0,"href":"https:\/\/www.tucomarca.com\/wordpress\/segunda\/ca\/wp-json\/wp\/v2\/posts\/270461\/revisions"}],"wp:featuredmedia":[{"embeddable":true,"href":"https:\/\/www.tucomarca.com\/wordpress\/segunda\/ca\/wp-json\/wp\/v2\/media\/139316"}],"wp:attachment":[{"href":"https:\/\/www.tucomarca.com\/wordpress\/segunda\/ca\/wp-json\/wp\/v2\/media?parent=270461"}],"wp:term":[{"taxonomy":"category","embeddable":true,"href":"https:\/\/www.tucomarca.com\/wordpress\/segunda\/ca\/wp-json\/wp\/v2\/categories?post=270461"},{"taxonomy":"post_tag","embeddable":true,"href":"https:\/\/www.tucomarca.com\/wordpress\/segunda\/ca\/wp-json\/wp\/v2\/tags?post=270461"}],"curies":[{"name":"wp","href":"https:\/\/api.w.org\/{rel}","templated":true}]}}