{"id":270470,"date":"2025-06-27T12:50:00","date_gmt":"2025-06-27T10:50:00","guid":{"rendered":"https:\/\/www.tucomarca.com\/wordpress\/segunda\/?p=270470"},"modified":"2025-06-27T16:04:50","modified_gmt":"2025-06-27T14:04:50","slug":"la-cambra-de-comerc-de-valencia-reconeix-a-la-posada-venta-pilar-de-bunyol-com-a-empresa-centenaria","status":"publish","type":"post","link":"https:\/\/www.tucomarca.com\/wordpress\/segunda\/ca\/la-cambra-de-comerc-de-valencia-reconeix-a-la-posada-venta-pilar-de-bunyol-com-a-empresa-centenaria\/","title":{"rendered":"La Cambra de Comer\u00e7 de Val\u00e8ncia reconeix a la Posada Venta Pilar de Bunyol com a empresa centen\u00e0ria"},"content":{"rendered":"\n<p>La Cambra de Comer\u00e7 de Val\u00e8ncia ha atorgat el distintiu d&#8217;empresa centen\u00e0ria a la Posada Venta Pilar de Bunyol, en reconeixement a la seua dilatada traject\u00f2ria i contribuci\u00f3 al teixit econ\u00f2mic i social de la prov\u00edncia.<\/p>\n\n\n\n<p>Situada al carrer P\u00e9rez Gald\u00f3s n\u00famero 5 de Bunyol, la Posada Venta Pilar \u00e9s una antiga posada de cavalls del segle XVII que ha sabut conservar el seu estil r\u00fastic, adaptant-se amb encert a les exig\u00e8ncies del segle XXI. L&#8217;establiment ha passat de generaci\u00f3 en generaci\u00f3 fins a arribar a les mans d&#8217;Enrique Galindo Ferrer, actual responsable, qui continua amb la tradici\u00f3 familiar mantenint viu l&#8217;esperit del lloc.<\/p>\n\n\n\n<p>M\u00e9s que un hostal-restaurant, Venta Pilar \u00e9s un espai on la hist\u00f2ria es respira en cada rac\u00f3. Els seus murs conserven el llegat de segles, mentre la seua oferta culin\u00e0ria i el seu servei d&#8217;hostalatge ofereixen una experi\u00e8ncia pr\u00f2xima, c\u00e0lida i aut\u00e8ntica.<\/p>\n\n\n\n<p>Compta amb dos amplis menjadors amb capacitat per a 200 comensals, en els quals se serveix men\u00fa diari, carta i celebracions com a bodes, batejos i comunions. Entre les seues especialitats destaquen les paelles a la llenya, els arrossos, les paperetes, aparedats de pernil i pit de pollastre, el ajoarriero i la tradicional fruita en paella.<\/p>\n\n\n\n<p>En les seues c\u00f2modes habitacions d&#8217;estil r\u00fastic, el visitant pot gaudir d&#8217;una estada agradable en ple cor de Bunyol, acompanyat d&#8217;una cuina mediterr\u00e0nia que ret homenatge als sabors de sempre.<\/p>\n\n\n\n<p>Amb aquest reconeixement, la Cambra de Comer\u00e7 posa en valor l&#8217;esfor\u00e7 d&#8217;empreses com a Venta Pilar, que s\u00f3n part essencial del patrimoni viu i econ\u00f2mic de la nostra terra.<\/p>\n","protected":false},"excerpt":{"rendered":"<div class=\"mh-excerpt\">La Cambra de Comer\u00e7 de Val\u00e8ncia ha atorgat el distintiu d&#8217;empresa centen\u00e0ria a la Posada Venta Pilar de Bunyol, en reconeixement a la seua dilatada traject\u00f2ria i contribuci\u00f3 al teixit econ\u00f2mic i social de la <a class=\"mh-excerpt-more\" href=\"https:\/\/www.tucomarca.com\/wordpress\/segunda\/ca\/la-cambra-de-comerc-de-valencia-reconeix-a-la-posada-venta-pilar-de-bunyol-com-a-empresa-centenaria\/\" title=\"La Cambra de Comer\u00e7 de Val\u00e8ncia reconeix a la Posada Venta Pilar de Bunyol com a empresa centen\u00e0ria\">[+] <\/a><\/div>\n","protected":false},"author":12,"featured_media":270469,"comment_status":"open","ping_status":"open","sticky":false,"template":"","format":"standard","meta":{"footnotes":""},"categories":[10911,10894,10912,11007,10896],"tags":[10913,10914,22730],"class_list":{"0":"post-270470","1":"post","2":"type-post","3":"status-publish","4":"format-standard","5":"has-post-thumbnail","7":"category-bunol-ca","8":"category-la-comarca-ca","9":"category-la-hoya-ca","10":"category-ocio-y-cultura-ca","11":"category-seccion-ca","12":"tag-bunol-ca","13":"tag-la-hoya-de-bunol-chiva-ca","14":"tag-posada-venta-pilar-ca"},"_links":{"self":[{"href":"https:\/\/www.tucomarca.com\/wordpress\/segunda\/ca\/wp-json\/wp\/v2\/posts\/270470","targetHints":{"allow":["GET"]}}],"collection":[{"href":"https:\/\/www.tucomarca.com\/wordpress\/segunda\/ca\/wp-json\/wp\/v2\/posts"}],"about":[{"href":"https:\/\/www.tucomarca.com\/wordpress\/segunda\/ca\/wp-json\/wp\/v2\/types\/post"}],"author":[{"embeddable":true,"href":"https:\/\/www.tucomarca.com\/wordpress\/segunda\/ca\/wp-json\/wp\/v2\/users\/12"}],"replies":[{"embeddable":true,"href":"https:\/\/www.tucomarca.com\/wordpress\/segunda\/ca\/wp-json\/wp\/v2\/comments?post=270470"}],"version-history":[{"count":0,"href":"https:\/\/www.tucomarca.com\/wordpress\/segunda\/ca\/wp-json\/wp\/v2\/posts\/270470\/revisions"}],"wp:featuredmedia":[{"embeddable":true,"href":"https:\/\/www.tucomarca.com\/wordpress\/segunda\/ca\/wp-json\/wp\/v2\/media\/270469"}],"wp:attachment":[{"href":"https:\/\/www.tucomarca.com\/wordpress\/segunda\/ca\/wp-json\/wp\/v2\/media?parent=270470"}],"wp:term":[{"taxonomy":"category","embeddable":true,"href":"https:\/\/www.tucomarca.com\/wordpress\/segunda\/ca\/wp-json\/wp\/v2\/categories?post=270470"},{"taxonomy":"post_tag","embeddable":true,"href":"https:\/\/www.tucomarca.com\/wordpress\/segunda\/ca\/wp-json\/wp\/v2\/tags?post=270470"}],"curies":[{"name":"wp","href":"https:\/\/api.w.org\/{rel}","templated":true}]}}