{"id":270554,"date":"2025-06-27T09:00:00","date_gmt":"2025-06-27T07:00:00","guid":{"rendered":"https:\/\/www.tucomarca.com\/wordpress\/segunda\/?p=270554"},"modified":"2025-06-27T15:43:33","modified_gmt":"2025-06-27T13:43:33","slug":"la-comunitat-de-regants-de-godelleta-impulsa-la-seua-transformacio-digital-amb-fons-europeus","status":"publish","type":"post","link":"https:\/\/www.tucomarca.com\/wordpress\/segunda\/ca\/la-comunitat-de-regants-de-godelleta-impulsa-la-seua-transformacio-digital-amb-fons-europeus\/","title":{"rendered":"La Comunitat de Regants de Godelleta impulsa la seua transformaci\u00f3 digital amb fons europeus"},"content":{"rendered":"\n<h3 class=\"wp-block-heading\">La Comunitat de Regants de Godelleta afronta la seua reconversi\u00f3 4.0 amb la tecnologia m\u00e9s avantguardista. Sens dubte, un punt d&#8217;inflexi\u00f3 per a aquesta entitat benefici\u00e0ria de la I Convocat\u00f2ria del PERTE de Digitalitzaci\u00f3 del Cicle de l&#8217;Aigua, amb la qual ha aconseguit una subvenci\u00f3 de m\u00e9s de 338.000\u20ac. D&#8217;aquesta manera, la implementaci\u00f3 de les diferents solucions digitals \u00e9s finan\u00e7ada per la Uni\u00f3 Europea a trav\u00e9s dels fons Next GenerationUE, dins del Pla de Recuperaci\u00f3, Transformaci\u00f3 i Resili\u00e8ncia.<\/h3>\n\n\n\n<h3 class=\"wp-block-heading\">Entre el PERTE I i el PERTE II la Comunitat de Regants rebr\u00e0 m\u00e9s de 800.000\u20ac<\/h3>\n\n\n\n<p>La Comunitat de Regants de Godelleta ha estat atenta i a la concessi\u00f3 el PERTE I prompte podria sumar una altra subvenci\u00f3 de la m\u00e0 del PERTE II. D&#8217;aquesta manera, aquesta entitat de la Foia de Bunyol-Xiva encara el seu desafiament digital amb el matal\u00e0s dels fons europeus i amb el convenciment que el present i el futur del camp passa per la seua reconversi\u00f3.<br>\u201cB\u00e0sicament, hem optat a tot el que pod\u00edem, de manera que en el PERTE I estem parlant d&#8217;una subvenci\u00f3 superior als 300.000\u20ac. Si es confirmen les nostres expectatives, afegirem un import superior als 400.000\u20ac del PERTE II. Sense aquestes ajudes, per a una Comunitat de Regants com la nostra, amb pr\u00e9stecs d&#8217;obres, ho hagu\u00e9rem deixat per a m\u00e9s endavant. Amb el finan\u00e7ament europeu, es podr\u00e0 fer tot ara\u201d, assenyala Vicente Franco.<\/p>\n\n\n\n<p><strong>Programari de suport a la presa de decisions 4PIOT<\/strong><\/p>\n\n\n\n<p>De manera imminent, es far\u00e0 realitat el desplegament de les solucions digitals lligades al PERTE I. Unes actuacions que tamb\u00e9 atenen la faceta administrativa ja que s&#8217;instal\u00b7lar\u00e0 el programari de suport a la presa de decisions 4PIOT. Aquest inclour\u00e0 i mostrar\u00e0 tota la informaci\u00f3 dels sensors instal\u00b7lats en la Comunitat de Regants, des de aforadores a estacions meteorol\u00f2giques passant per les dades hidr\u00e0uliques i d&#8217;energia.<br>D&#8217;altra banda, s&#8217;implementar\u00e0 una p\u00e0gina web i un SIG (Sistema d&#8217;Informaci\u00f3 Geogr\u00e0fica) amb el registre de les parcel\u00b7les, el cens i el padr\u00f3 de regants. Tamb\u00e9 la cartografia associada a les principals conduccions i infraestructures de reg.<br>\u201cA nivell administratiu i a nivell d&#8217;informaci\u00f3 per al soci \u00e9s molt important i es traduir\u00e0 en una gesti\u00f3 m\u00e9s \u00e0gil, transparent i de f\u00e0cil \u00fas. Ara que ens hem acostumat, per exemple, a la banca electr\u00f2nica, la relaci\u00f3 entre el soci i la Comunitat de Regants ser\u00e0 semblant. Podran sol\u00b7licitar i rebre informaci\u00f3, sol\u00b7licitar canvis, saber a trav\u00e9s de la web les obres que s&#8217;han fet, a quant s&#8217;ha pagat el metre c\u00fabic, quants ha usat, quants tenia disponible&#8230; \u00e9s una cosa molt important\u201d, manifesta el president de l&#8217;aquesta Comunitat de la Foia de Bunyol-Xiva.<\/p>\n\n\n\n<p><strong>Desplegament de solucions digitals<\/strong><\/p>\n\n\n\n<p>El salt al camp 4.0 comporta tamb\u00e9 comptadors intel\u00b7ligents i sondes d&#8217;humitat que controlaran les necessitats de reg amb una visi\u00f3 instant\u00e0nia de l&#8217;\u00fas i consum d&#8217;aigua facilitant la gesti\u00f3 i la presa de decisions. A l&#8217;\u00e9sser un sistema autom\u00e0tic, es reduiran els errors humans en la lectura de comptadors.<br>Tamb\u00e9 es desplegaran lis\u00edmetres que permetran con\u00e9ixer la quantitat d&#8217;aigua i els excessos de nutrients i residus fitosanitaris que percolen o es lixivian m\u00e9s enll\u00e0 de la profunditat de les arrels, arribant a l&#8217;aq\u00fc\u00edfer. Les actuacions inclouen 380 sensors, 4 estacions meteorol\u00f2giques i un sistema de teledetecci\u00f3 satel\u00b7lit\u00e0ria.<br>\u201cConsiderem que estem en bones mans i que amb l&#8217;empresa Grup 4Plus hem estat informats des del primer moment, \u00e9s a dir, s\u00f3n els que han portat la gesti\u00f3 i s\u00f3n els que ens han facilitat l&#8217;acc\u00e9s a eixa mena d&#8217;ajudes, aix\u00ed com unes altres que tenim tamb\u00e9 ja en marxa\u201d, indica Vicente Franco. Es tracta d&#8217;una instal\u00b7laci\u00f3 fotovoltaica combinada amb l&#8217;agricultura, \u00e9s a dir, una instal\u00b7laci\u00f3 de agrivoltaica amb una pot\u00e8ncia aproximada a 1 megavat i que podria comptar amb una subvenci\u00f3 del 90%.<br>La Comunitat de Regants de Godelleta es va consolidar en el 2024, despr\u00e9s d&#8217;una sequera molt profunda que va unir a 4 entitats de reg. Actualment, t\u00e9 en reg simultani al voltant de 23.000 fanecades dedicades, principalment, a ra\u00efm de moscatell, c\u00edtrics, caqui i, en menor mesura, fruita de pinyol. Amb la integraci\u00f3 d&#8217;aquestes tecnologies digitals avan\u00e7ades, els regants de Godelleta s&#8217;alineen amb la sostenibilitat i una gesti\u00f3 m\u00e9s eficient, productiva i responsable.<\/p>\n\n\n\n<p><\/p>\n","protected":false},"excerpt":{"rendered":"<div class=\"mh-excerpt\">La Comunitat de Regants de Godelleta afronta la seua reconversi\u00f3 4.0 amb la tecnologia m\u00e9s avantguardista. Sens dubte, un punt d&#8217;inflexi\u00f3 per a aquesta entitat benefici\u00e0ria de la I Convocat\u00f2ria del PERTE de Digitalitzaci\u00f3 del <a class=\"mh-excerpt-more\" href=\"https:\/\/www.tucomarca.com\/wordpress\/segunda\/ca\/la-comunitat-de-regants-de-godelleta-impulsa-la-seua-transformacio-digital-amb-fons-europeus\/\" title=\"La Comunitat de Regants de Godelleta impulsa la seua transformaci\u00f3 digital amb fons europeus\">[+] <\/a><\/div>\n","protected":false},"author":12,"featured_media":126284,"comment_status":"open","ping_status":"open","sticky":false,"template":"","format":"standard","meta":{"footnotes":""},"categories":[10977,10948,10894,10912,10903,10947,10896,10897],"tags":[22737,18614,11087,10914],"class_list":{"0":"post-270554","1":"post","2":"type-post","3":"status-publish","4":"format-standard","5":"has-post-thumbnail","7":"category-godelleta-ca","8":"category-infraestructuras-ca","9":"category-la-comarca-ca","10":"category-la-hoya-ca","11":"category-medio-ambiente-la-comarca-ca","12":"category-politica","13":"category-seccion-ca","14":"category-sucesos-la-comarca-ca","15":"tag-comunidad-de-regantes-de-godelleta-ca","16":"tag-fondos-europeos-ca","17":"tag-godelleta-ca","18":"tag-la-hoya-de-bunol-chiva-ca"},"_links":{"self":[{"href":"https:\/\/www.tucomarca.com\/wordpress\/segunda\/ca\/wp-json\/wp\/v2\/posts\/270554","targetHints":{"allow":["GET"]}}],"collection":[{"href":"https:\/\/www.tucomarca.com\/wordpress\/segunda\/ca\/wp-json\/wp\/v2\/posts"}],"about":[{"href":"https:\/\/www.tucomarca.com\/wordpress\/segunda\/ca\/wp-json\/wp\/v2\/types\/post"}],"author":[{"embeddable":true,"href":"https:\/\/www.tucomarca.com\/wordpress\/segunda\/ca\/wp-json\/wp\/v2\/users\/12"}],"replies":[{"embeddable":true,"href":"https:\/\/www.tucomarca.com\/wordpress\/segunda\/ca\/wp-json\/wp\/v2\/comments?post=270554"}],"version-history":[{"count":0,"href":"https:\/\/www.tucomarca.com\/wordpress\/segunda\/ca\/wp-json\/wp\/v2\/posts\/270554\/revisions"}],"wp:featuredmedia":[{"embeddable":true,"href":"https:\/\/www.tucomarca.com\/wordpress\/segunda\/ca\/wp-json\/wp\/v2\/media\/126284"}],"wp:attachment":[{"href":"https:\/\/www.tucomarca.com\/wordpress\/segunda\/ca\/wp-json\/wp\/v2\/media?parent=270554"}],"wp:term":[{"taxonomy":"category","embeddable":true,"href":"https:\/\/www.tucomarca.com\/wordpress\/segunda\/ca\/wp-json\/wp\/v2\/categories?post=270554"},{"taxonomy":"post_tag","embeddable":true,"href":"https:\/\/www.tucomarca.com\/wordpress\/segunda\/ca\/wp-json\/wp\/v2\/tags?post=270554"}],"curies":[{"name":"wp","href":"https:\/\/api.w.org\/{rel}","templated":true}]}}