{"id":270675,"date":"2025-06-27T09:30:00","date_gmt":"2025-06-27T07:30:00","guid":{"rendered":"https:\/\/www.tucomarca.com\/wordpress\/segunda\/?p=270675"},"modified":"2025-06-27T15:21:03","modified_gmt":"2025-06-27T13:21:03","slug":"el-consorci-provincial-de-bombers-de-valencia-elaborara-plans-dactuacio-especifics-per-a-edificis-amb-facana-inflamable","status":"publish","type":"post","link":"https:\/\/www.tucomarca.com\/wordpress\/segunda\/ca\/el-consorci-provincial-de-bombers-de-valencia-elaborara-plans-dactuacio-especifics-per-a-edificis-amb-facana-inflamable\/","title":{"rendered":"El Consorci Provincial de Bombers de Val\u00e8ncia elaborar\u00e0 plans d&#8217;actuaci\u00f3 espec\u00edfics per a edificis amb fa\u00e7ana inflamable"},"content":{"rendered":"\n<h3 class=\"wp-block-heading\">L&#8217;entitat dependent de la Diputaci\u00f3 de Val\u00e8ncia inicia un programa de formatiu dirigit a tota l&#8217;escala de comandament i inspecci\u00f3 en la qual s&#8217;aborda el comportament del foc en estes instal\u00b7lacions i les pautes d&#8217;actuaci\u00f3 per part de l&#8217;operatiu.<\/h3>\n\n\n\n<h3 class=\"wp-block-heading\">El Consorci sol\u00b7licita als ajuntaments de la prov\u00edncia que identifiquen els edificis revestits amb panells d&#8217;alumini amb nucli de politileno per a l&#8217;elaboraci\u00f3 dels respectius protocols d&#8217;intervenci\u00f3.<\/h3>\n\n\n\n<p>El Consorci Provincial de Bombers de Val\u00e8ncia ha iniciat un pla de treball per a l&#8217;elaboraci\u00f3 de protocols espec\u00edfics d&#8217;actuaci\u00f3 davant possibles incendis en edificis amb fa\u00e7anes inflamables, una iniciativa pionera que t\u00e9 com a objectiu refor\u00e7ar la seguretat dels residents i del propi operatiu d&#8217;emerg\u00e8ncies en situacions de risc elevat.<\/p>\n\n\n\n<p>El president del Consorci i diputat de Medi Ambient, Avelino Mascarell, ha afirmat que \u201cl&#8217;objectiu \u00e9s clar: salvar vides. Si sabem quins edificis presenten un risc elevat, podrem actuar de forma molt m\u00e9s efica\u00e7. Esta iniciativa ens permet avan\u00e7ar-nos al foc i protegir millor tant a la ciutadania com als nostres professionals\u201d.<\/p>\n\n\n\n<p>El pla partix de la necessitat d&#8217;anticipar-se a incendis amb un comportament inusual a causa de la propagaci\u00f3 r\u00e0pida del foc a trav\u00e9s de la fa\u00e7ana, com el que va oc\u00f2rrer en el barri de Campanar de Val\u00e8ncia al febrer de l&#8217;any passat o el cas de la Torre Grenfell de Londres al juny de 2017.<\/p>\n\n\n\n<p><strong>Formaci\u00f3 espec\u00edfica per a comandaments i inspecci\u00f3<\/strong><\/p>\n\n\n\n<p>Com a primer pas, s&#8217;est\u00e0 impartint una formaci\u00f3 especialitzada dirigida a tota l&#8217;escala de comandament i inspecci\u00f3 del Consorci, sent la primera vegada que s&#8217;aborda de manera espec\u00edfica esta problem\u00e0tica. L&#8217;acci\u00f3 formativa, impartida per l&#8217;inspector en cap Jorge Gil Blesa, analitza les caracter\u00edstiques singulars dels incendis que es propaguen per fa\u00e7ana, posant l&#8217;accent principalment en els edificis que utilitzen panells d&#8217;alumini amb nucli de polietil\u00e9, un material d&#8217;alta combustibilitat.<\/p>\n\n\n\n<p>\u201cSabem que els incendis en edificis amb revestiments combustibles poden evolucionar de forma extremadament r\u00e0pida i violenta. Per aix\u00f2, \u00e9s fonamental comptar amb una planificaci\u00f3 espec\u00edfica que ens permeta actuar amb seguretat i efic\u00e0cia\u201d, ha explicat l&#8217;inspector cap, qui subratlla que este tipus d&#8217;incendis afecten amb freq\u00fc\u00e8ncia a la totalitat de les vivendes de l&#8217;edifici, comprometent fins i tot la integritat dels bombers.<\/p>\n\n\n\n<p>Durant les sessions s&#8217;estudien tant el comportament del foc com les pautes d&#8217;intervenci\u00f3 operativa, amb l&#8217;objectiu d&#8217;incrementar l&#8217;efectivitat de les actuacions i minimitzar el risc per als intervinents.<\/p>\n\n\n\n<p><strong>Col\u00b7laboraci\u00f3 municipal per a localitzar els edificis de risc<\/strong><\/p>\n\n\n\n<p>Com a part d&#8217;este proc\u00e9s, el Consorci remetr\u00e0 en les pr\u00f2ximes hores una comunicaci\u00f3 a tots els ajuntaments de la prov\u00edncia en la qual sol\u00b7licita la seua col\u00b7laboraci\u00f3 per a identificar edificis que compten amb esta mena de revestiments. La informaci\u00f3 proporcionada permetr\u00e0 confeccionar un llistat d&#8217;immobles amb risc potencial i avan\u00e7ar en l&#8217;elaboraci\u00f3 dels respectius plans d&#8217;actuaci\u00f3.&nbsp;<\/p>\n\n\n\n<p>Tal com s&#8217;indica en la missiva, se sol\u00b7licita que els ajuntaments faciliten dades com la ubicaci\u00f3 de l&#8217;edifici, el seu \u00fas, el nombre de plantes, el tipus de fa\u00e7ana i el material combustible, en cas de con\u00e9ixer-lo. Esta informaci\u00f3 \u00e9s clau per a dissenyar estrat\u00e8gies d&#8217;intervenci\u00f3 adaptades a cada immoble i establir prioritats d&#8217;actuaci\u00f3 en funci\u00f3 del risc.<\/p>\n\n\n\n<p>Amb les dades aportades pels municipis i la formaci\u00f3 especialitzada del personal, el Consorci elaborar\u00e0 un pla d&#8217;intervenci\u00f3 espec\u00edfic per a cada un dels edificis identificats d\u2019alt risc, adaptant les estrat\u00e8gies d&#8217;extinci\u00f3 a les caracter\u00edstiques constructives de cada immoble.<\/p>\n\n\n\n<p>\u201cEste tipus d&#8217;actuacions reflectixen el comprom\u00eds ferm del Consorci amb la prevenci\u00f3 i l&#8217;anticipaci\u00f3 davant nous reptes. No es tracta nom\u00e9s de respondre a les emerg\u00e8ncies, sin\u00f3 de preparar-nos millor per a evitar-les o minimitzar el seu impacte. Necessitem treballar bra\u00e7 a bra\u00e7 amb els ajuntaments. \u00c9s q\u00fcesti\u00f3 d&#8217;anticipaci\u00f3, planificaci\u00f3 i de corresponsabilitat institucional\u201d, ha concl\u00f2s Avelino Mascarell.<\/p>\n\n\n\n<p><\/p>\n","protected":false},"excerpt":{"rendered":"<div class=\"mh-excerpt\">L&#8217;entitat dependent de la Diputaci\u00f3 de Val\u00e8ncia inicia un programa de formatiu dirigit a tota l&#8217;escala de comandament i inspecci\u00f3 en la qual s&#8217;aborda el comportament del foc en estes instal\u00b7lacions i les pautes d&#8217;actuaci\u00f3 <a class=\"mh-excerpt-more\" href=\"https:\/\/www.tucomarca.com\/wordpress\/segunda\/ca\/el-consorci-provincial-de-bombers-de-valencia-elaborara-plans-dactuacio-especifics-per-a-edificis-amb-facana-inflamable\/\" title=\"El Consorci Provincial de Bombers de Val\u00e8ncia elaborar\u00e0 plans d&#8217;actuaci\u00f3 espec\u00edfics per a edificis amb fa\u00e7ana inflamable\">[+] <\/a><\/div>\n","protected":false},"author":12,"featured_media":270674,"comment_status":"open","ping_status":"open","sticky":false,"template":"","format":"standard","meta":{"footnotes":""},"categories":[10898,10948,10894,10904,10903,10947,10896,10897],"tags":[20593,11246],"class_list":{"0":"post-270675","1":"post","2":"type-post","3":"status-publish","4":"format-standard","5":"has-post-thumbnail","7":"category-ventana-ca","8":"category-infraestructuras-ca","9":"category-la-comarca-ca","10":"category-sin-categorizar-ca","11":"category-medio-ambiente-la-comarca-ca","12":"category-politica","13":"category-seccion-ca","14":"category-sucesos-la-comarca-ca","15":"tag-consorcio-de-bomberos-de-la-diputacio-ca","16":"tag-diputacio-de-valencia-ca"},"_links":{"self":[{"href":"https:\/\/www.tucomarca.com\/wordpress\/segunda\/ca\/wp-json\/wp\/v2\/posts\/270675","targetHints":{"allow":["GET"]}}],"collection":[{"href":"https:\/\/www.tucomarca.com\/wordpress\/segunda\/ca\/wp-json\/wp\/v2\/posts"}],"about":[{"href":"https:\/\/www.tucomarca.com\/wordpress\/segunda\/ca\/wp-json\/wp\/v2\/types\/post"}],"author":[{"embeddable":true,"href":"https:\/\/www.tucomarca.com\/wordpress\/segunda\/ca\/wp-json\/wp\/v2\/users\/12"}],"replies":[{"embeddable":true,"href":"https:\/\/www.tucomarca.com\/wordpress\/segunda\/ca\/wp-json\/wp\/v2\/comments?post=270675"}],"version-history":[{"count":0,"href":"https:\/\/www.tucomarca.com\/wordpress\/segunda\/ca\/wp-json\/wp\/v2\/posts\/270675\/revisions"}],"wp:featuredmedia":[{"embeddable":true,"href":"https:\/\/www.tucomarca.com\/wordpress\/segunda\/ca\/wp-json\/wp\/v2\/media\/270674"}],"wp:attachment":[{"href":"https:\/\/www.tucomarca.com\/wordpress\/segunda\/ca\/wp-json\/wp\/v2\/media?parent=270675"}],"wp:term":[{"taxonomy":"category","embeddable":true,"href":"https:\/\/www.tucomarca.com\/wordpress\/segunda\/ca\/wp-json\/wp\/v2\/categories?post=270675"},{"taxonomy":"post_tag","embeddable":true,"href":"https:\/\/www.tucomarca.com\/wordpress\/segunda\/ca\/wp-json\/wp\/v2\/tags?post=270675"}],"curies":[{"name":"wp","href":"https:\/\/api.w.org\/{rel}","templated":true}]}}