{"id":270713,"date":"2025-06-27T09:00:00","date_gmt":"2025-06-27T07:00:00","guid":{"rendered":"https:\/\/www.tucomarca.com\/wordpress\/segunda\/?p=270713"},"modified":"2025-06-27T15:50:41","modified_gmt":"2025-06-27T13:50:41","slug":"cinema-jove-clausura-la-seua-40a-edicio-amb-un-espectacle-que-reivindica-la-historia-del-festival-i-les-seues-perspectives-de-futur","status":"publish","type":"post","link":"https:\/\/www.tucomarca.com\/wordpress\/segunda\/ca\/cinema-jove-clausura-la-seua-40a-edicio-amb-un-espectacle-que-reivindica-la-historia-del-festival-i-les-seues-perspectives-de-futur\/","title":{"rendered":"Cinema Jove clausura la seua 40\u00aa edici\u00f3 amb un espectacle que reivindica la hist\u00f2ria del festival i les seues perspectives de futur"},"content":{"rendered":"\n<h3 class=\"wp-block-heading\">La gala,\u00a0dirigida per l&#8217;actor i dramaturg Jaime Pujol,\u00a0se celebra el dissabte 28 de juny en el Teatre Principal de Val\u00e8ncia\u00a0i en finalitzar es\u00a0projecta el curtmetratge guanyador de la Secci\u00f3 Oficial.<\/h3>\n\n\n\n<h3 class=\"wp-block-heading\">En la Filmoteca es podr\u00e0 veure el llargmetratge guanyador\u00a0del Premi del P\u00fablico i Lluna de Val\u00e8ncia a Millor Pel\u00b7l\u00edcula.<\/h3>\n\n\n\n<p>El Festival Internacional de Cinema de Val\u00e8ncia Cinema Jove, organitzat per la Conselleria d&#8217;Educaci\u00f3, Cultura, Universitats i Ocupaci\u00f3, a trav\u00e9s del Institut Valenci\u00e0 de Cultura (IVC), clausura la seua 40a edici\u00f3 amb un espectacle i un lliurament de premis, que reivindicar\u00e0 la hist\u00f2ria del festival i mirar\u00e0 cap al futur. &nbsp;<\/p>\n\n\n\n<p>El director de la gala, l&#8217;actor i dramaturg Jaime Pujol, ha assenyalat que en aquesta gala de clausura \u201ccontinuem posant en valor els quaranta anys del festival i continuem apostant pel seu futur, per la qual cosa continuem jugant amb la idea de com seran els lliuraments de premis i el festival dins de quaranta anys\u201d.<\/p>\n\n\n\n<p>La gala tindr\u00e0 lloc el dissabte 28 de juny, a les 19.00 hores, en el Teatre Principal de Val\u00e8ncia, i en ella s&#8217;entregaran els premis d&#8217;un palmar\u00e9s que es donar\u00e0 a con\u00e9ixer el mateix dia. Segons Pujol, \u201cla prioritat \u00e9s que siga un lliurament de premis \u00e0gil amb una posada en escena divertida i amb humor\u201d. Despr\u00e9s de l&#8217;acte, es podr\u00e0 veure el curt guanyador de la Secci\u00f3 Oficial de Curtmetratges.&nbsp;<\/p>\n\n\n\n<p>D&#8217;altra banda, eixe mateix dia en la Filmoteca Valenciana, a les 20.00 hores, es projectaran dues pel\u00b7l\u00edcules amb guard\u00f3. Una ser\u00e0 la pel\u00b7l\u00edcula guanyadora del Premi del P\u00fablico, i la seg\u00fcent ser\u00e0 la guanyadora del Premi Lluna de Val\u00e8ncia a Millor Pel\u00b7l\u00edcula. Els t\u00edtols que es podran veure en totes dues projeccions es donaran a con\u00e9ixer el mateix dissabte.<\/p>\n\n\n\n<p><strong>Final de la programaci\u00f3<\/strong><\/p>\n\n\n\n<p>Aix\u00ed mateix, a les 11.00 hores la Filmoteca projectar\u00e0 \u2018The Botanist\u2019 (2025) de Jing Yi, en l&#8217;\u00faltim passe de la Secci\u00f3 Oficial de Llargmetratges a competici\u00f3. A m\u00e9s, dins del cicle Selecci\u00f3 de Llunes, que reuneix les \u00faltimes guanyadores del premi Lluna de Val\u00e8ncia, La Filmoteca projecta, a les 17.30 hores, \u2018Fly On\u2019 (2023) de Takuya Kat\u00f4, vencedora de la passada edici\u00f3.&nbsp;<\/p>\n\n\n\n<p>En el Teatre Rialto, a les 17.30 hores, es projecta el d\u00e8cim i \u00faltim programa de curtmetratges, conformat per \u2018Llaure You Scared to Be Yourself Because You Think That You Might Fail?\u2019 (2024), de Bec Pecaut; \u2018Bad For a Moment\u2019 (2024), de Daniel Soares; \u2018The Thief\u2019(2025), de Christoffer Rizvanovic Stenbakken; \u2018Sans voix\u2019 (2024), de Samuel Patthey; i \u2018Almost Certainly False\u2019 (2024), de Cansu Baydar.&nbsp;<\/p>\n\n\n\n<p><strong>Comiat<\/strong><\/p>\n\n\n\n<p>El cicle \u2018High School 5\u00e9 Curs\u2019 culmina en el Espai T\u00faria de la Pla\u00e7a Viriato amb la projecci\u00f3, a les 22.30 hores, de \u2018Un xicotet m\u00f3n\u2019 (2021) de Laura Wandel, la hist\u00f2ria de dos germans i la complexitat de la seua relaci\u00f3 quan un d&#8217;ells pateix assetjament al pati del col\u00b7legi. Aquesta pel\u00b7l\u00edcula va ser la guanyadora del Premi FIPRESCI d&#8217;Un Certain Regard a Cannes en 2021.&nbsp;<\/p>\n\n\n\n<p>Abans i despr\u00e9s de la projecci\u00f3 de la pel\u00b7l\u00edcula de Laura Wandel, el Espai T\u00faria celebrar\u00e0 la mateixa Pla\u00e7a Viriato la seua ja tradicional Festa de fi de curs, amb la DJ Sika en directe.&nbsp;<\/p>\n\n\n\n<p>Finalment, el cicle \u2018Backstage: \u00cddols Z\u2019 s&#8217;acomiada en el Centre del Carme, a les 22.30 hores, amb la projecci\u00f3 de \u2018BTS: Break the Silence The Movie\u2019 (2020) de Park Jun-el seu. La pel\u00b7l\u00edcula \u00e9s la hist\u00f2ria no contada de la banda m\u00e9s influent del K-Pop: BTS; un viatge per tot el m\u00f3n en el qual els set membres de la banda conten les seues hist\u00f2ries m\u00e9s personals.<\/p>\n","protected":false},"excerpt":{"rendered":"<div class=\"mh-excerpt\">La gala,\u00a0dirigida per l&#8217;actor i dramaturg Jaime Pujol,\u00a0se celebra el dissabte 28 de juny en el Teatre Principal de Val\u00e8ncia\u00a0i en finalitzar es\u00a0projecta el curtmetratge guanyador de la Secci\u00f3 Oficial. En la Filmoteca es podr\u00e0 <a class=\"mh-excerpt-more\" href=\"https:\/\/www.tucomarca.com\/wordpress\/segunda\/ca\/cinema-jove-clausura-la-seua-40a-edicio-amb-un-espectacle-que-reivindica-la-historia-del-festival-i-les-seues-perspectives-de-futur\/\" title=\"Cinema Jove clausura la seua 40\u00aa edici\u00f3 amb un espectacle que reivindica la hist\u00f2ria del festival i les seues perspectives de futur\">[+] <\/a><\/div>\n","protected":false},"author":12,"featured_media":270711,"comment_status":"open","ping_status":"open","sticky":false,"template":"","format":"standard","meta":{"footnotes":""},"categories":[11019,10904,11007,10896],"tags":[11199,15856],"class_list":{"0":"post-270713","1":"post","2":"type-post","3":"status-publish","4":"format-standard","5":"has-post-thumbnail","7":"category-agenda-ca","8":"category-sin-categorizar-ca","9":"category-ocio-y-cultura-ca","10":"category-seccion-ca","11":"tag-la-comunitat-ca","12":"tag-ocio-y-cultura-ca"},"_links":{"self":[{"href":"https:\/\/www.tucomarca.com\/wordpress\/segunda\/ca\/wp-json\/wp\/v2\/posts\/270713","targetHints":{"allow":["GET"]}}],"collection":[{"href":"https:\/\/www.tucomarca.com\/wordpress\/segunda\/ca\/wp-json\/wp\/v2\/posts"}],"about":[{"href":"https:\/\/www.tucomarca.com\/wordpress\/segunda\/ca\/wp-json\/wp\/v2\/types\/post"}],"author":[{"embeddable":true,"href":"https:\/\/www.tucomarca.com\/wordpress\/segunda\/ca\/wp-json\/wp\/v2\/users\/12"}],"replies":[{"embeddable":true,"href":"https:\/\/www.tucomarca.com\/wordpress\/segunda\/ca\/wp-json\/wp\/v2\/comments?post=270713"}],"version-history":[{"count":0,"href":"https:\/\/www.tucomarca.com\/wordpress\/segunda\/ca\/wp-json\/wp\/v2\/posts\/270713\/revisions"}],"wp:featuredmedia":[{"embeddable":true,"href":"https:\/\/www.tucomarca.com\/wordpress\/segunda\/ca\/wp-json\/wp\/v2\/media\/270711"}],"wp:attachment":[{"href":"https:\/\/www.tucomarca.com\/wordpress\/segunda\/ca\/wp-json\/wp\/v2\/media?parent=270713"}],"wp:term":[{"taxonomy":"category","embeddable":true,"href":"https:\/\/www.tucomarca.com\/wordpress\/segunda\/ca\/wp-json\/wp\/v2\/categories?post=270713"},{"taxonomy":"post_tag","embeddable":true,"href":"https:\/\/www.tucomarca.com\/wordpress\/segunda\/ca\/wp-json\/wp\/v2\/tags?post=270713"}],"curies":[{"name":"wp","href":"https:\/\/api.w.org\/{rel}","templated":true}]}}