{"id":270754,"date":"2025-06-27T13:00:00","date_gmt":"2025-06-27T11:00:00","guid":{"rendered":"https:\/\/www.tucomarca.com\/wordpress\/segunda\/?p=270754"},"modified":"2025-06-27T15:39:50","modified_gmt":"2025-06-27T13:39:50","slug":"mazon-crearem-dos-parcs-urbans-anti-inundacions-en-les-riberes-del-turia-i-del-barranc-del-pedris-que-seran-un-exemple-per-a-tota-europa","status":"publish","type":"post","link":"https:\/\/www.tucomarca.com\/wordpress\/segunda\/ca\/mazon-crearem-dos-parcs-urbans-anti-inundacions-en-les-riberes-del-turia-i-del-barranc-del-pedris-que-seran-un-exemple-per-a-tota-europa\/","title":{"rendered":"Maz\u00f3n: \u201cCrearem dos parcs urbans anti-inundacions en les riberes del T\u00faria i del Barranc del Poyo que seran un exemple per a tota Europa\u201d"},"content":{"rendered":"\n<p>Aix\u00ed s&#8217;ha pronunciat durant la visita al Parc Natural de L\u2019Albufera de la delegaci\u00f3 de la Comissi\u00f3 de Recursos Naturals del Comit\u00e9 Europeu de les Regions, que han realitzat una jornada d&#8217;estudi sobre la reconstrucci\u00f3 despr\u00e9s de les riuades i els mecanismes que es pretenen implantar per a minimitzar l&#8217;impacte de fen\u00f2mens meteorol\u00f2gics extrems.<\/p>\n\n\n\n<p>Maz\u00f3n ha explicat que, m\u00e9s enll\u00e0 de la reconstrucci\u00f3 del Parc Natural que est\u00e0 duent a terme la Generalitat, s&#8217;impulsar\u00e0 a llarg termini una s\u00e8rie d&#8217;actuacions complement\u00e0ries a les obres de canalitzaci\u00f3 de barrancs que ha d&#8217;executar el Govern central. La m\u00e9s destacada \u00e9s un parc anti-inundacions al T\u00faria, que \u201cconnectar\u00e0 l&#8217;actual cap\u00e7alera del Jard\u00ed del T\u00faria amb el Parc Natural amb una superf\u00edcie aproximada de 10,5 quil\u00f2metres\u201d.<\/p>\n\n\n\n<p>Una infraestructura similar es desenvolupar\u00e0 en el barranc del Pedr\u00eds, amb dos sectors de 18,5 i 5,5 quil\u00f2metres respectivament, es conformar\u00e0 amb els terrenys r\u00fastics existents entre Pla de Quart i l\u2019Albufera\u201d.<\/p>\n\n\n\n<p>El cap del Consell ha assenyalat que, amb aquestes actuacions, \u201ces regeneraran ambientalment m\u00e9s de 1.500 hect\u00e0rees per a crear una zona verda equivalent a la Casa de Camp de Madrid que conformaran una nova defensa davant possibles riuades\u201d.<\/p>\n\n\n\n<p><strong>Recuperaci\u00f3 del Parc Natural de L\u2019Albufera<\/strong><\/p>\n\n\n\n<p>Carlos Maz\u00f3n ha recordat que el 29 d&#8217;octubre \u201cL\u2019Albufera va actuar com a barrera de mitigaci\u00f3 i protecci\u00f3 davant les riuades ja que va absorbir una bona part dels cabals, preservant a gran part de les poblacions riberenques\u201d. En aquest sentit, ha assenyalat que \u201cel parc va pagar un alt preu per aix\u00f2\u201d pel que \u201cdes del primer dia, la Generalitat es va posar a treballar per a con\u00e9ixer i analitzar l&#8217;impacte patit i establir accions per a la seua recuperaci\u00f3\u201d.<\/p>\n\n\n\n<p>\u201cEs va materialitzar en un pla de xoc que ha suposat una inversi\u00f3 de m\u00e9s de 20 milions d&#8217;euros i que s&#8217;ha centrat en el desgu\u00e0s i neteja del parc natural, la restauraci\u00f3 d&#8217;infraestructures danyades i l&#8217;adaptaci\u00f3 a llarg termini realitzant un seguiment d&#8217;alta precisi\u00f3 per a obtindre una radiografia exhaustiva del conjunt de l\u2019Albufera\u201d ha continuat el president.&nbsp;<\/p>\n\n\n\n<p>Aix\u00ed, ha ressaltat que, quant a la retirada de residus, \u201cl&#8217;\u00faltim balan\u00e7 aconsegueix les 4.000 tones retirades\u201d i ha avan\u00e7at que \u201cestem treballant per a avan\u00e7ar en l&#8217;eliminaci\u00f3 de residus contaminants dispersos perqu\u00e8 ja no es detecten materials perjudicials per a l&#8217;entorn\u201d.<\/p>\n\n\n\n<p>Maz\u00f3n ha indicat que, gr\u00e0cies a l&#8217;activaci\u00f3 d&#8217;aquest pla de xoc, en poc m\u00e9s d&#8217;un mes i despr\u00e9s de la instal\u00b7laci\u00f3 d&#8217;un sistema de bombament provisional, \u201caconseguim l&#8217;abocament 0 al parc natural\u201d.<\/p>\n\n\n\n<p>Aix\u00ed mateix, ha posat en valor l&#8217;I Pacte de l&#8217;Aigua per l\u2019Albufera per a garantir l&#8217;enviament al llac de 24,3 hect\u00f2metres c\u00fabics a l&#8217;any \u201cgr\u00e0cies a la generositat dels regants\u201d, la qual cosa assegura almenys durant tres anys m\u00e9s un subministrament de cabal addicional que permeta que el parc accelere la seua recuperaci\u00f3\u201d.<\/p>\n\n\n\n<p>\u201cUna recuperaci\u00f3 en la qual tindr\u00e0 un paper essencial el nou Pla d&#8217;Ordenaci\u00f3 dels Recursos Naturals de L\u2019Albufera, el qual s&#8217;actualitzar\u00e0 despr\u00e9s de 30 anys\u201d ha destacat el president.<\/p>\n\n\n\n<p>Entre altres mesures, el nou PORN inclour\u00e0 l&#8217;espai mar\u00edtim enfront del litoral del parc per la protecci\u00f3 dels ecosistemes que poden desenvolupar-se en aquesta \u00e0rea mar\u00edtima, la important influ\u00e8ncia del Port de Val\u00e8ncia i la seua activitat sobre els ecosistemes litorals del parc i la intenci\u00f3 d&#8217;establir un futur connector ecol\u00f2gic entre el Parc Natural del T\u00faria i el de L\u2019Albufera. Dins d&#8217;aquest \u00faltim aspecte, el cap del Consell ha traslladat que \u201cplantejarem la creaci\u00f3 d&#8217;una s\u00e8rie de connectors ambientals per a corregir el proc\u00e9s d&#8217;a\u00efllament ecol\u00f2gic que el parc est\u00e0 experimentant\u201d.<\/p>\n\n\n\n<p>Durant la seua intervenci\u00f3, Carlos Maz\u00f3n ha recordat que abans de les riuades el Consell estava ultimant els treballs de la candidatura de L\u2019Albufera com a Reserva de la Biosfera de la Unesco i ha assenyalat que \u201ces tracta d&#8217;un projecte que s&#8217;ha ajornat, per\u00f2 al qual no hem renunciat i per al qual estem dedicant recursos i mitjans perqu\u00e8 siga possible\u201d.<\/p>\n\n\n\n<p>Aix\u00ed, ha reiterat el comprom\u00eds de la Generalitat \u201cdes del convenciment que no estarem solos en aquest prop\u00f2sit, perqu\u00e8 L\u2019Albufera \u00e9s molt m\u00e9s que un aiguamoll, que una senya d&#8217;identitat valenciana o que una joia valuosa del patrimoni natural espanyol\u201d sin\u00f3 que \u201cestem parlant d&#8217;un ecosistema \u00fanic en el qual s&#8217;aconsegueix una integraci\u00f3 harm\u00f2nica de la biodiversitat amb l&#8217;acci\u00f3 humana com a poques vegades es dona en el m\u00f3n sencer\u201d.<\/p>\n\n\n\n<figure class=\"wp-block-image size-large\"><img loading=\"lazy\" decoding=\"async\" width=\"1024\" height=\"807\" src=\"http:\/\/www.tucomarca.com\/wordpress\/segunda\/wp-content\/uploads\/2025\/06\/MazonParqueDANA3-1024x807.jpg\" alt=\"\" class=\"wp-image-270746\" srcset=\"https:\/\/www.tucomarca.com\/wordpress\/segunda\/wp-content\/uploads\/2025\/06\/MazonParqueDANA3-1024x807.jpg 1024w, https:\/\/www.tucomarca.com\/wordpress\/segunda\/wp-content\/uploads\/2025\/06\/MazonParqueDANA3-300x236.jpg 300w, https:\/\/www.tucomarca.com\/wordpress\/segunda\/wp-content\/uploads\/2025\/06\/MazonParqueDANA3-768x605.jpg 768w, https:\/\/www.tucomarca.com\/wordpress\/segunda\/wp-content\/uploads\/2025\/06\/MazonParqueDANA3-1536x1210.jpg 1536w, https:\/\/www.tucomarca.com\/wordpress\/segunda\/wp-content\/uploads\/2025\/06\/MazonParqueDANA3-2048x1613.jpg 2048w\" sizes=\"auto, (max-width: 1024px) 100vw, 1024px\" \/><\/figure>\n\n\n\n<p><strong>Actuacions de la reconstrucci\u00f3<\/strong><\/p>\n\n\n\n<p>El president de la Generalitat ha mantingut una reuni\u00f3 amb la delegaci\u00f3 de la Comissi\u00f3 de Recursos Naturals del Comit\u00e9 Europeu de les Regions, encap\u00e7alada pel seu president Piotr Calbecki, que han visitat diferents infraestructures recuperades despr\u00e9s de les riuades aix\u00ed com el Parc Natural de L\u2019Albufera.<\/p>\n\n\n\n<p>Durant la jornada, s&#8217;han detallat les diferents actuacions que tant la Conselleria de Medi Ambient, Infraestructures i Territori com la Conselleria d&#8217;Agricultura, Aigua, Ramaderia i Pesca estan realitzant per a continuar amb els treballs de reconstrucci\u00f3 de les zones afectades per les riuades.<\/p>\n\n\n\n<p>Intervencions com el nou viaducte sobre el Barranc del Pedr\u00eds de la carretera CV-36 que s&#8217;ha al\u00e7at en 7 mesos i 10 dies despr\u00e9s d&#8217;una inversi\u00f3 de 12,4 milions d&#8217;euros o la reparaci\u00f3 de la connexi\u00f3 Torrent-Alaqu\u00e0s-Aldaia amb el baip\u00e1s en la mateixa CV-36.<\/p>\n\n\n\n<p>Aix\u00ed mateix, s&#8217;ha destacat les actuacions dutes a terme en el punt de transfer\u00e8ncia de residus de Quart on, al costat dels de Manises, Catarroja, Picassent, Alberic i Alfafar s&#8217;han tractat una mitjana de 15.000 tones de residus al dia per al que s&#8217;han destinat prop de 180 milions d&#8217;euros.<\/p>\n\n\n\n<p>D&#8217;igual manera, s&#8217;han detallat les obres de reconstrucci\u00f3 dels passos del barranc del Murtal a Godelleta i les diferents actuacions per a la reparaci\u00f3 de 335 camins rurals en 60 municipis de Val\u00e8ncia i Castell\u00f3 amb una inversi\u00f3 de m\u00e9s de 30 milions d&#8217;euros per a restablir la connectivitat rural. A m\u00e9s, s&#8217;ha adonat dels treballs de recuperaci\u00f3 del parc natural de l\u2019Albufera en el qual s&#8217;est\u00e0 aplicant un pla de xoc amb m\u00e9s de 20 milions de pressupost<\/p>\n\n\n\n<p>La jornada conclour\u00e0 amb una visita a la nova estaci\u00f3 de Metrovalencia a Paiporta, aix\u00ed com a Alc\u00e0sser, on es coneixer\u00e0 l&#8217;estat dels camins rurals reconstru\u00efts per part de la Conselleria d&#8217;Agricultura, Aigua, Ramaderia i Pesca.<\/p>\n\n\n\n<p>Piotr Calbecki, president de la comissi\u00f3 de recursos naturals (NAT) en el Comit\u00e9 Europeu de les Regions, i president de la regi\u00f3 Kuyavia i Pomer\u00e0nia a Pol\u00f2nia, ha destacat que el prop\u00f2sit d&#8217;aquesta visita d&#8217;estudi \u00e9s centrar-se \u201cen com podem desenvolupar la resili\u00e8ncia i la recuperaci\u00f3 enfront dels fen\u00f2mens meteorol\u00f2gics extrems\u201d. \u201cAquests episodis ja no s\u00f3n excepcionals: s\u00f3n la nova realitat en tota Europa. Els alcaldes i l\u00edders regionals estan en primera l\u00ednia i la seua tasca \u00e9s garantir que les nostres ciutats i regions siguen m\u00e9s resilients i millor adaptades a la crisi clim\u00e0tica\u201d, ha sentenciat.<\/p>\n\n\n\n<figure class=\"wp-block-image size-large\"><img loading=\"lazy\" decoding=\"async\" width=\"1024\" height=\"629\" src=\"http:\/\/www.tucomarca.com\/wordpress\/segunda\/wp-content\/uploads\/2025\/06\/MazonParque2-1024x629.jpg\" alt=\"\" class=\"wp-image-270749\" srcset=\"https:\/\/www.tucomarca.com\/wordpress\/segunda\/wp-content\/uploads\/2025\/06\/MazonParque2-1024x629.jpg 1024w, https:\/\/www.tucomarca.com\/wordpress\/segunda\/wp-content\/uploads\/2025\/06\/MazonParque2-300x184.jpg 300w, https:\/\/www.tucomarca.com\/wordpress\/segunda\/wp-content\/uploads\/2025\/06\/MazonParque2-768x472.jpg 768w, https:\/\/www.tucomarca.com\/wordpress\/segunda\/wp-content\/uploads\/2025\/06\/MazonParque2-1536x944.jpg 1536w, https:\/\/www.tucomarca.com\/wordpress\/segunda\/wp-content\/uploads\/2025\/06\/MazonParque2-2048x1258.jpg 2048w\" sizes=\"auto, (max-width: 1024px) 100vw, 1024px\" \/><\/figure>\n","protected":false},"excerpt":{"rendered":"<div class=\"mh-excerpt\">Aix\u00ed s&#8217;ha pronunciat durant la visita al Parc Natural de L\u2019Albufera de la delegaci\u00f3 de la Comissi\u00f3 de Recursos Naturals del Comit\u00e9 Europeu de les Regions, que han realitzat una jornada d&#8217;estudi sobre la reconstrucci\u00f3 <a class=\"mh-excerpt-more\" href=\"https:\/\/www.tucomarca.com\/wordpress\/segunda\/ca\/mazon-crearem-dos-parcs-urbans-anti-inundacions-en-les-riberes-del-turia-i-del-barranc-del-pedris-que-seran-un-exemple-per-a-tota-europa\/\" title=\"Maz\u00f3n: \u201cCrearem dos parcs urbans anti-inundacions en les riberes del T\u00faria i del Barranc del Poyo que seran un exemple per a tota Europa\u201d\">[+] <\/a><\/div>\n","protected":false},"author":1,"featured_media":270752,"comment_status":"open","ping_status":"open","sticky":false,"template":"","format":"gallery","meta":{"footnotes":""},"categories":[10892,21466,10898,10977,10948,10894,10904,10912,10903,10947,10896,10897],"tags":[10899,18807,15409],"class_list":{"0":"post-270754","1":"post","2":"type-post","3":"status-publish","4":"format-gallery","5":"has-post-thumbnail","7":"category-camp-de-turia-ca","8":"category-dana-ca","9":"category-ventana-ca","10":"category-godelleta-ca","11":"category-infraestructuras-ca","12":"category-la-comarca-ca","13":"category-sin-categorizar-ca","14":"category-la-hoya-ca","15":"category-medio-ambiente-la-comarca-ca","16":"category-politica","17":"category-seccion-ca","18":"category-sucesos-la-comarca-ca","19":"tag-camp-de-turia-ca","20":"tag-carlos-mazon-ca","21":"tag-dana-2-ca","22":"post_format-post-format-gallery"},"_links":{"self":[{"href":"https:\/\/www.tucomarca.com\/wordpress\/segunda\/ca\/wp-json\/wp\/v2\/posts\/270754","targetHints":{"allow":["GET"]}}],"collection":[{"href":"https:\/\/www.tucomarca.com\/wordpress\/segunda\/ca\/wp-json\/wp\/v2\/posts"}],"about":[{"href":"https:\/\/www.tucomarca.com\/wordpress\/segunda\/ca\/wp-json\/wp\/v2\/types\/post"}],"author":[{"embeddable":true,"href":"https:\/\/www.tucomarca.com\/wordpress\/segunda\/ca\/wp-json\/wp\/v2\/users\/1"}],"replies":[{"embeddable":true,"href":"https:\/\/www.tucomarca.com\/wordpress\/segunda\/ca\/wp-json\/wp\/v2\/comments?post=270754"}],"version-history":[{"count":0,"href":"https:\/\/www.tucomarca.com\/wordpress\/segunda\/ca\/wp-json\/wp\/v2\/posts\/270754\/revisions"}],"wp:featuredmedia":[{"embeddable":true,"href":"https:\/\/www.tucomarca.com\/wordpress\/segunda\/ca\/wp-json\/wp\/v2\/media\/270752"}],"wp:attachment":[{"href":"https:\/\/www.tucomarca.com\/wordpress\/segunda\/ca\/wp-json\/wp\/v2\/media?parent=270754"}],"wp:term":[{"taxonomy":"category","embeddable":true,"href":"https:\/\/www.tucomarca.com\/wordpress\/segunda\/ca\/wp-json\/wp\/v2\/categories?post=270754"},{"taxonomy":"post_tag","embeddable":true,"href":"https:\/\/www.tucomarca.com\/wordpress\/segunda\/ca\/wp-json\/wp\/v2\/tags?post=270754"}],"curies":[{"name":"wp","href":"https:\/\/api.w.org\/{rel}","templated":true}]}}