{"id":270792,"date":"2025-06-28T08:00:00","date_gmt":"2025-06-28T06:00:00","guid":{"rendered":"https:\/\/www.tucomarca.com\/wordpress\/segunda\/?p=270792"},"modified":"2025-06-28T09:58:41","modified_gmt":"2025-06-28T07:58:41","slug":"la-diputacio-obri-el-feminari-amb-les-dones-com-a-protagonistes-actives-de-la-historia-i-el-feminisme-com-a-revolucio","status":"publish","type":"post","link":"https:\/\/www.tucomarca.com\/wordpress\/segunda\/ca\/la-diputacio-obri-el-feminari-amb-les-dones-com-a-protagonistes-actives-de-la-historia-i-el-feminisme-com-a-revolucio\/","title":{"rendered":"La Diputaci\u00f3 obri el Feminari amb les dones com a protagonistes actives de la hist\u00f2ria i el feminisme com a revoluci\u00f3"},"content":{"rendered":"\n<h3 class=\"wp-block-heading\">La vicepresidenta primera i diputada d&#8217;Igualtat, Nat\u00e0lia Enguix, inaugura la huitena edici\u00f3 del f\u00f2rum feminista al costat del president, Vicent Momp\u00f3, i la historiadora irlandesa Mary Nash, encarregada de la confer\u00e8ncia d&#8217;obertura.<\/h3>\n\n\n\n<h3 class=\"wp-block-heading\">Enguix: \u201c\u00e9s important con\u00e9ixer d&#8217;on sorgix el feminisme per a entendre els reptes actuals, combatre l&#8217;odi de l&#8217;extrema dreta i abordar amenaces com la prostituci\u00f3, els ventres de lloguer o el discurs queer\u201d.<\/h3>\n\n\n\n<h3 class=\"wp-block-heading\"><strong>Mary Nash destaca la import<\/strong>\u00e0ncia de Val\u00e8ncia \u201ccom a espai d&#8217;encontre feminista\u201d i assegura que \u201cel que patim h<strong>ui amb les fake news ho portem patint segles les dones en la defensa dels nostres drets\u201d<\/strong>.<\/h3>\n\n\n\n<p>El Feminari \u201c\u00e9s la prova viva que les dones estem ac\u00ed com a subjecte de la nostra pr\u00f2pia hist\u00f2ria, amb capacitat d&#8217;acci\u00f3 i de transformaci\u00f3 social\u201d. D&#8217;esta manera ha obert el huit\u00e9 congr\u00e9s feminista organitzat per la Diputaci\u00f3 de Val\u00e8ncia la vicepresidenta primera i diputada d&#8217;Igualtat, Nat\u00e0lia Enguix, qui ha deixat clar en l&#8217;escenari del centre cultural la Petxina que \u201cquan ens unim per al debat, la reflexi\u00f3 i la sororitat som imparables\u201d.<\/p>\n\n\n\n<p>Baix el t\u00edtol \u2018Feminisme amb perspectiva: hist\u00f2ria, veus i futur\u2019, el president de la Diputaci\u00f3, Vicent Momp\u00f3, i la mateixa Nat\u00e0lia Enguix han al\u00e7at el tel\u00f3 d&#8217;un Feminari que proposa con\u00e9ixer d&#8217;on sorgix el moviment feminista per a afrontar els reptes actuals, entre ells &#8220;el d&#8217;abordar amenaces com la prostituci\u00f3, els ventres de lloguer o el discurs queer\u201d. Aix\u00ed ho ha manifestat la responsable provincial d&#8217;Igualtat, qui t\u00e9 clar que el futur \u201cser\u00e0 feminista o no ser\u00e0, perqu\u00e8 el feminisme, com ens recorda sempre la mestra Celia Amor\u00f3s, \u00e9s la m\u00e9s important de les revolucions\u201d.<\/p>\n\n\n\n<p>El president Momp\u00f3 ha expressat que la defensa de la Igualtat \u201cdes del respecte, la conviv\u00e8ncia i el trellat, \u00e9s una causa que est\u00e0 per damunt de qualsevol ideologia, un d&#8217;eixos consensos que no admeten debat\u201d. El m\u00e0xim responsable provincial ha celebrat la consolidaci\u00f3 del Feminari de la Diputaci\u00f3 com \u201cuna de les grans cites feministes del panorama nacional\u201d, un encontre que \u201csempre ha tingut clar el paper transformador de la dona en tots els \u00e0mbits de la societat, i que es convertix en una declaraci\u00f3 de principis per a continuar avan\u00e7ant en eixa igualtat que no va contra ning\u00fa, sin\u00f3 a favor de totes i tots\u201d.<\/p>\n\n\n\n<p>Momp\u00f3 ha posat en valor el treball de la vicepresidenta Enguix al capdavant d&#8217;una delegaci\u00f3 d&#8217;Igualtat que complix el seu des\u00e9 aniversari, \u201camb m\u00e9s recursos, m\u00e9s pres\u00e8ncia i sobretot m\u00e9s determinaci\u00f3 en esta nova etapa en la qual ha convertit la igualtat en punt d&#8217;encontre i no de confrontaci\u00f3, en una realitat que vertebra totes les pol\u00edtiques comarcals i que es contempla en cada iniciativa que partix d&#8217;esta corporaci\u00f3\u201d. \u201cLa Igualtat no \u00e9s una moda, \u00e9s una responsabilitat institucional i democr\u00e0tica que hem d&#8217;aplicar cada dia perqu\u00e8 no acabe sent un discurs est\u00e8ril\u201d, ha concl\u00f2s el president.<\/p>\n\n\n\n<p>Nat\u00e0lia Enguix considera este Feminari \u201cm\u00e9s necessari que mai, en un moment en qu\u00e8 els discursos d&#8217;odi, el negacionisme de la viol\u00e8ncia masclista que ens continua colpejant com a societat i els atacs a la igualtat tornen a guanyar terreny i pres\u00e8ncia en els espais p\u00fablics\u201d. Enfront d&#8217;esta conjuntura, \u201cels poders p\u00fablics no podem mirar cap a un altre costat, i el feminisme \u00e9s una ferramenta de just\u00edcia social a la qual hem de rec\u00f3rrer per a implantar la perspectiva de g\u00e8nere en cada norma, en cada pressupost i en cada pol\u00edtica municipal\u201d. \u201cNo \u00e9s una opci\u00f3, \u00e9s una obligaci\u00f3 democr\u00e0tica, ha afegit Enguix\u201d.<\/p>\n\n\n\n<p><strong>Mary Nash i els segles de lluita feminista<\/strong><\/p>\n\n\n\n<p>La protagonista de la confer\u00e8ncia inaugural del huit\u00e9 Feminari ha sigut Mary Nash, catedr\u00e0tica em\u00e8rita de la Universitat de Barcelona. Amb el t\u00edtol \u2018Feminisme, relats de g\u00e8nere i cultures pol\u00edtiques\u2019, Mary ha introdu\u00eft en la seua pon\u00e8ncia la genealogia del moviment feminista, destacant \u201cla capacitat de les dones per a transformar les narratives i els discursos\u201d. En este sentit, la directora del grup d&#8217;investigaci\u00f3 consolidat \u2018Multiculturalisme i G\u00e8nere\u2019, ha assenyalat que \u201cel que hui patim amb les fake news ho hem patit hist\u00f2ricament les dones respecte a l&#8217;adquisici\u00f3 de drets i la presa en consideraci\u00f3 de les nostres reivindicacions\u201d.<\/p>\n\n\n\n<p>Nash, autora de nombrosos articles acad\u00e8mics i llibres com a \u2018Mujeres en el mundo\u2019, \u2018Dones en transici\u00f3\u2019 o \u2018Las mujeres republicanas en la Guerra Civil\u2019, ha fet un rep\u00e0s a la hist\u00f2ria del feminisme i la resignificaci\u00f3 dels seus missatges. \u201cAbans de la Revoluci\u00f3 Francesa, les dones ja reclamaven la igualtat, utilitzant les estrat\u00e8gies dels pol\u00edtics del moment per a exposar el seu argumentari. Aix\u00ed va comen\u00e7ar la lluita per uns drets universals que no podien ser excloents deixant fora a les dones\u201d.<\/p>\n\n\n\n<p>La historiadora irlandesa ha agra\u00eft la invitaci\u00f3 al f\u00f2rum de la Diputaci\u00f3, ja que \u201cVal\u00e8ncia sempre ha sigut un espai de trobada feminista, est\u00edmul intel\u00b7lectual i pensament cr\u00edtic, i \u00e9s un gran honor estar ac\u00ed\u201d. Mary Nash ha situat l&#8217;origen de la lluita feminista abans de donar pas a la primera taula redona del Feminari, centrada en els ressons i llocs del feminisme en els \u00faltims tres segles. Han intervingut la professora de Filosofia Moral de la UNED Ana de Miguel; l&#8217;escriptora Rosa Cobo; i l&#8217;activista C\u00e0ndida Barroso, figura destacada del moviment feminista valenci\u00e0, que ser\u00e0 protagonista durant la resta de la matinal amb l&#8217;homenatge a Concha Gisbert i el seu llegat viu del feminisme.<\/p>\n\n\n\n<p><strong>La dona com a subjecte pol\u00edtic<\/strong><\/p>\n\n\n\n<p>La jornada vespertina arranca amb una taula interdisciplin\u00e0ria el t\u00edtol de la qual convida a la reflexi\u00f3: \u2018\u00c9s el feminisme un mur de contenci\u00f3 enfront de l&#8217;odi i el totalitarisme?\u2019 En ella intervenen Alicia Puleo, fil\u00f2sofa i experta en ecofeminisme; Mar\u00eda Mart\u00edn Barranco, especialista en llenguatge inclusiu; i l&#8217;actriu, guionista, escriptora i directora de cinema Letizia Dolera, autora del llibre \u2018Morder la manzana: la revoluci\u00f3n ser\u00e1 feminista o no ser\u00e1\u2019, i a qui hem vist en s\u00e8ries de televisi\u00f3 com \u2018Los Serrano\u2019, \u2018El Comisario\u2019 i \u2018Al salir de clase\u2019; en pel\u00b7l\u00edcules com \u2018Ver\u00f3nica\u2019, \u2018La novia\u2019, \u2018El otro lado de la cama\u2019 i \u2018REC 3: G\u00e9nesis\u2019, de la qual va ser protagonista; i al capdavant de films com a \u2018Requisitos para ser una persona normal\u2019, que li va valdre la nominaci\u00f3 a la millor direcci\u00f3 novella en els Goya i el reconeixement com a com\u00e8dia en els Feroz.<\/p>\n\n\n\n<p>En opini\u00f3 de la vicepresidenta de la Diputaci\u00f3, Nat\u00e0lia Enguix, \u201cl&#8217;objectiu \u00e9s posar el focus en la dona com a subjecte pol\u00edtic del feminisme i aprofitar la capacitat del moviment com a inspirador de la cultura de la pau per a ajudar a una Europa amena\u00e7ada per la radicalitat i els conflictes armats\u201d. La responsable provincial t\u00e9 clar que el moviment feminista \u201cdefensa la igualtat entre homes i dones i tamb\u00e9 es manifesta a favor de les reivindicacions de diferents col\u00b7lectius, per\u00f2 per damunt de tot est\u00e0 la dona i la defensa dels seus drets, i eixe \u00e9s el punt de partida i ha de ser tamb\u00e9 la meta a la qual ens continuem acostant gr\u00e0cies al treball del moviment feminista en els \u00faltims 200 anys\u201d.<\/p>\n\n\n\n<p>El f\u00f2rum feminista de la Diputaci\u00f3 es tancar\u00e0 amb la celebraci\u00f3 del des\u00e9 aniversari de la delegaci\u00f3 d&#8217;Igualtat que dirigix Enguix i que abans va tindre al capdavant a Isabel Garc\u00eda i Eli Garc\u00eda, amb la participaci\u00f3 de la cantant valenciana Sole Gim\u00e9nez.<\/p>\n\n\n\n<figure class=\"wp-block-gallery has-nested-images columns-default is-cropped wp-block-gallery-1 is-layout-flex wp-block-gallery-is-layout-flex\">\n<figure class=\"wp-block-image size-large\"><img loading=\"lazy\" decoding=\"async\" width=\"1024\" height=\"665\" data-id=\"270782\" src=\"https:\/\/www.tucomarca.com\/wordpress\/segunda\/wp-content\/uploads\/2025\/06\/Feminario1-1024x665.jpg\" alt=\"\" class=\"wp-image-270782\" srcset=\"https:\/\/www.tucomarca.com\/wordpress\/segunda\/wp-content\/uploads\/2025\/06\/Feminario1-1024x665.jpg 1024w, https:\/\/www.tucomarca.com\/wordpress\/segunda\/wp-content\/uploads\/2025\/06\/Feminario1-300x195.jpg 300w, https:\/\/www.tucomarca.com\/wordpress\/segunda\/wp-content\/uploads\/2025\/06\/Feminario1-768x499.jpg 768w, https:\/\/www.tucomarca.com\/wordpress\/segunda\/wp-content\/uploads\/2025\/06\/Feminario1-1536x998.jpg 1536w, https:\/\/www.tucomarca.com\/wordpress\/segunda\/wp-content\/uploads\/2025\/06\/Feminario1-2048x1331.jpg 2048w\" sizes=\"auto, (max-width: 1024px) 100vw, 1024px\" \/><\/figure>\n\n\n\n<figure class=\"wp-block-image size-large\"><img loading=\"lazy\" decoding=\"async\" width=\"1024\" height=\"665\" data-id=\"270786\" src=\"https:\/\/www.tucomarca.com\/wordpress\/segunda\/wp-content\/uploads\/2025\/06\/Feminario3-1024x665.jpg\" alt=\"\" class=\"wp-image-270786\" srcset=\"https:\/\/www.tucomarca.com\/wordpress\/segunda\/wp-content\/uploads\/2025\/06\/Feminario3-1024x665.jpg 1024w, https:\/\/www.tucomarca.com\/wordpress\/segunda\/wp-content\/uploads\/2025\/06\/Feminario3-300x195.jpg 300w, https:\/\/www.tucomarca.com\/wordpress\/segunda\/wp-content\/uploads\/2025\/06\/Feminario3-768x499.jpg 768w, https:\/\/www.tucomarca.com\/wordpress\/segunda\/wp-content\/uploads\/2025\/06\/Feminario3-1536x998.jpg 1536w, https:\/\/www.tucomarca.com\/wordpress\/segunda\/wp-content\/uploads\/2025\/06\/Feminario3-2048x1331.jpg 2048w\" sizes=\"auto, (max-width: 1024px) 100vw, 1024px\" \/><\/figure>\n\n\n\n<figure class=\"wp-block-image size-large\"><img loading=\"lazy\" decoding=\"async\" width=\"1024\" height=\"665\" data-id=\"270788\" src=\"https:\/\/www.tucomarca.com\/wordpress\/segunda\/wp-content\/uploads\/2025\/06\/Feminario4-1024x665.jpg\" alt=\"\" class=\"wp-image-270788\" srcset=\"https:\/\/www.tucomarca.com\/wordpress\/segunda\/wp-content\/uploads\/2025\/06\/Feminario4-1024x665.jpg 1024w, https:\/\/www.tucomarca.com\/wordpress\/segunda\/wp-content\/uploads\/2025\/06\/Feminario4-300x195.jpg 300w, https:\/\/www.tucomarca.com\/wordpress\/segunda\/wp-content\/uploads\/2025\/06\/Feminario4-768x499.jpg 768w, https:\/\/www.tucomarca.com\/wordpress\/segunda\/wp-content\/uploads\/2025\/06\/Feminario4-1536x998.jpg 1536w, https:\/\/www.tucomarca.com\/wordpress\/segunda\/wp-content\/uploads\/2025\/06\/Feminario4-2048x1331.jpg 2048w\" sizes=\"auto, (max-width: 1024px) 100vw, 1024px\" \/><\/figure>\n<\/figure>\n","protected":false},"excerpt":{"rendered":"<div class=\"mh-excerpt\">La vicepresidenta primera i diputada d&#8217;Igualtat, Nat\u00e0lia Enguix, inaugura la huitena edici\u00f3 del f\u00f2rum feminista al costat del president, Vicent Momp\u00f3, i la historiadora irlandesa Mary Nash, encarregada de la confer\u00e8ncia d&#8217;obertura. Enguix: \u201c\u00e9s important <a class=\"mh-excerpt-more\" href=\"https:\/\/www.tucomarca.com\/wordpress\/segunda\/ca\/la-diputacio-obri-el-feminari-amb-les-dones-com-a-protagonistes-actives-de-la-historia-i-el-feminisme-com-a-revolucio\/\" title=\"La Diputaci\u00f3 obri el Feminari amb les dones com a protagonistes actives de la hist\u00f2ria i el feminisme com a revoluci\u00f3\">[+] <\/a><\/div>\n","protected":false},"author":12,"featured_media":270785,"comment_status":"open","ping_status":"open","sticky":false,"template":"","format":"gallery","meta":{"footnotes":""},"categories":[20541,10898,10948,10894,10904,20456,10947,10896],"tags":[20809,11199,21009],"class_list":{"0":"post-270792","1":"post","2":"type-post","3":"status-publish","4":"format-gallery","5":"has-post-thumbnail","7":"category-igualtat-i-diversitat","8":"category-ventana-ca","9":"category-infraestructuras-ca","10":"category-la-comarca-ca","11":"category-sin-categorizar-ca","12":"category-la-diputacio-de-valencia-informa-ca","13":"category-politica","14":"category-seccion-ca","15":"tag-diversidad-e-igualdad-ca","16":"tag-la-comunitat-ca","17":"tag-la-diputacio-de-valencia-ca","18":"post_format-post-format-gallery"},"_links":{"self":[{"href":"https:\/\/www.tucomarca.com\/wordpress\/segunda\/ca\/wp-json\/wp\/v2\/posts\/270792","targetHints":{"allow":["GET"]}}],"collection":[{"href":"https:\/\/www.tucomarca.com\/wordpress\/segunda\/ca\/wp-json\/wp\/v2\/posts"}],"about":[{"href":"https:\/\/www.tucomarca.com\/wordpress\/segunda\/ca\/wp-json\/wp\/v2\/types\/post"}],"author":[{"embeddable":true,"href":"https:\/\/www.tucomarca.com\/wordpress\/segunda\/ca\/wp-json\/wp\/v2\/users\/12"}],"replies":[{"embeddable":true,"href":"https:\/\/www.tucomarca.com\/wordpress\/segunda\/ca\/wp-json\/wp\/v2\/comments?post=270792"}],"version-history":[{"count":0,"href":"https:\/\/www.tucomarca.com\/wordpress\/segunda\/ca\/wp-json\/wp\/v2\/posts\/270792\/revisions"}],"wp:featuredmedia":[{"embeddable":true,"href":"https:\/\/www.tucomarca.com\/wordpress\/segunda\/ca\/wp-json\/wp\/v2\/media\/270785"}],"wp:attachment":[{"href":"https:\/\/www.tucomarca.com\/wordpress\/segunda\/ca\/wp-json\/wp\/v2\/media?parent=270792"}],"wp:term":[{"taxonomy":"category","embeddable":true,"href":"https:\/\/www.tucomarca.com\/wordpress\/segunda\/ca\/wp-json\/wp\/v2\/categories?post=270792"},{"taxonomy":"post_tag","embeddable":true,"href":"https:\/\/www.tucomarca.com\/wordpress\/segunda\/ca\/wp-json\/wp\/v2\/tags?post=270792"}],"curies":[{"name":"wp","href":"https:\/\/api.w.org\/{rel}","templated":true}]}}