{"id":271174,"date":"2025-07-01T08:05:00","date_gmt":"2025-07-01T06:05:00","guid":{"rendered":"https:\/\/www.tucomarca.com\/wordpress\/segunda\/?p=271174"},"modified":"2025-07-01T19:27:56","modified_gmt":"2025-07-01T17:27:56","slug":"la-diputacio-ajuda-els-xicotets-municipis-a-redactar-projectes-per-a-lobtencio-de-fons-europeus","status":"publish","type":"post","link":"https:\/\/www.tucomarca.com\/wordpress\/segunda\/ca\/la-diputacio-ajuda-els-xicotets-municipis-a-redactar-projectes-per-a-lobtencio-de-fons-europeus\/","title":{"rendered":"La Diputaci\u00f3 ajuda els xicotets municipis a redactar projectes per a l&#8217;obtenci\u00f3 de fons europeus"},"content":{"rendered":"\n<h3 class=\"wp-block-heading\">L&#8217;\u00e0rea de Fons Europeus que dirigix el diputat Juan Ram\u00f3n Adsuara destina 500.000 euros perqu\u00e8 els ajuntaments de menys de 20.000 habitants presenten plans susceptibles de rebre finan\u00e7ament europeu.<\/h3>\n\n\n\n<h3 class=\"wp-block-heading\">Gr\u00e0cies a estes ajudes, els municipis podran redactar projectes europeus b\u00e9 com a socis d&#8217;un partenariat, o b\u00e9 de manera individual.<\/h3>\n\n\n\n<p>La Diputaci\u00f3 de Val\u00e8ncia ha obert el termini de la convocat\u00f2ria de subvencions perqu\u00e8 els municipis de la prov\u00edncia de menys de 20.000 habitants puguen contractar la redacci\u00f3 de plans d&#8217;acci\u00f3 local, com a punt de partida per a facilitar l&#8217;acc\u00e9s a fons europeus. Per a l&#8217;any 2025, l&#8217;\u00e0rea de Fons Europeus que dirigix el diputat Juan Ram\u00f3n Adsuara, destina a esta partida un total de 500.000 euros. El termini perqu\u00e8 els ajuntaments presenten les seues sol\u00b7licituds finalitza el pr\u00f2xim 17 de juliol.<\/p>\n\n\n\n<p>En esta ocasi\u00f3, podran acollir-se a estes ajudes tots els municipis de la prov\u00edncia de Val\u00e8ncia, menors de 20.000 habitants, que no hagueren resultat beneficiaris en la convocat\u00f2ria de 2024. \u201cAmb aix\u00f2 pretenem ampliar la zona d&#8217;incid\u00e8ncia a la prov\u00edncia, propiciant que estes ajudes arriben al m\u00e0xim nombre de pobles possible\u201d, explica Juan Ram\u00f3n Adsuara.<\/p>\n\n\n\n<p>L&#8217;objectiu de la Diputaci\u00f3 \u00e9s promoure que els ajuntaments valencians plasmen la seua estrat\u00e8gia de gesti\u00f3 en projectes concrets, i d&#8217;esta manera tindre una base des de la qual accedir a les m\u00faltiples l\u00ednies d&#8217;ajudes que oferix la Uni\u00f3 Europea. \u201cUn dels motius pels quals moltes vegades s&#8217;escapen ajudes \u00e9s perqu\u00e8 els municipis no tenen recursos per a desenvolupar projectes en els terminis que imposen les diferents convocat\u00f2ries\u201d, destaca Adsuara.&nbsp;<\/p>\n\n\n\n<p><strong>Quantia de les ajudes<\/strong><\/p>\n\n\n\n<p>Quant a la quantia m\u00e0xima que podr\u00e0 rebre cada municipi beneficiat ser\u00e0 de 10.000 euros per a les localitats menors de 5.000 habitants; i de 7.500 euros per als quals tinguen entre 5.000 i 20.000 habitants.<\/p>\n\n\n\n<p>D&#8217;esta manera la Diputaci\u00f3 de Val\u00e8ncia dona continu\u00eftat a unes ajudes orientades a la captaci\u00f3 de fons europeus per al desenvolupament del territori. En la convocat\u00f2ria publicada en Butllet\u00ed Oficial de la Prov\u00edncia s&#8217;especifica que les ajudes serviran per a fomentar la participaci\u00f3 dels municipis de la prov\u00edncia en la redacci\u00f3 de projectes europeus, b\u00e9 siga com a soci dins d&#8217;un partenariat, o b\u00e9 de manera individual.<\/p>\n\n\n\n<p>L&#8217;any 2024, es van veure beneficiats un total de 75 municipis de la prov\u00edncia, a m\u00e9s d&#8217;11 mancomunitats (enguany nom\u00e9s opten els municipis perqu\u00e8 l&#8217;any passat es van atendre totes les sol\u00b7licituds presentades per estes).<\/p>\n","protected":false},"excerpt":{"rendered":"<div class=\"mh-excerpt\">L&#8217;\u00e0rea de Fons Europeus que dirigix el diputat Juan Ram\u00f3n Adsuara destina 500.000 euros perqu\u00e8 els ajuntaments de menys de 20.000 habitants presenten plans susceptibles de rebre finan\u00e7ament europeu. Gr\u00e0cies a estes ajudes, els municipis <a class=\"mh-excerpt-more\" href=\"https:\/\/www.tucomarca.com\/wordpress\/segunda\/ca\/la-diputacio-ajuda-els-xicotets-municipis-a-redactar-projectes-per-a-lobtencio-de-fons-europeus\/\" title=\"La Diputaci\u00f3 ajuda els xicotets municipis a redactar projectes per a l&#8217;obtenci\u00f3 de fons europeus\">[+] <\/a><\/div>\n","protected":false},"author":12,"featured_media":271172,"comment_status":"open","ping_status":"open","sticky":false,"template":"","format":"standard","meta":{"footnotes":""},"categories":[10898,10948,10894,10904,10947,10896],"tags":[11246,18614],"class_list":{"0":"post-271174","1":"post","2":"type-post","3":"status-publish","4":"format-standard","5":"has-post-thumbnail","7":"category-ventana-ca","8":"category-infraestructuras-ca","9":"category-la-comarca-ca","10":"category-sin-categorizar-ca","11":"category-politica","12":"category-seccion-ca","13":"tag-diputacio-de-valencia-ca","14":"tag-fondos-europeos-ca"},"_links":{"self":[{"href":"https:\/\/www.tucomarca.com\/wordpress\/segunda\/ca\/wp-json\/wp\/v2\/posts\/271174","targetHints":{"allow":["GET"]}}],"collection":[{"href":"https:\/\/www.tucomarca.com\/wordpress\/segunda\/ca\/wp-json\/wp\/v2\/posts"}],"about":[{"href":"https:\/\/www.tucomarca.com\/wordpress\/segunda\/ca\/wp-json\/wp\/v2\/types\/post"}],"author":[{"embeddable":true,"href":"https:\/\/www.tucomarca.com\/wordpress\/segunda\/ca\/wp-json\/wp\/v2\/users\/12"}],"replies":[{"embeddable":true,"href":"https:\/\/www.tucomarca.com\/wordpress\/segunda\/ca\/wp-json\/wp\/v2\/comments?post=271174"}],"version-history":[{"count":0,"href":"https:\/\/www.tucomarca.com\/wordpress\/segunda\/ca\/wp-json\/wp\/v2\/posts\/271174\/revisions"}],"wp:featuredmedia":[{"embeddable":true,"href":"https:\/\/www.tucomarca.com\/wordpress\/segunda\/ca\/wp-json\/wp\/v2\/media\/271172"}],"wp:attachment":[{"href":"https:\/\/www.tucomarca.com\/wordpress\/segunda\/ca\/wp-json\/wp\/v2\/media?parent=271174"}],"wp:term":[{"taxonomy":"category","embeddable":true,"href":"https:\/\/www.tucomarca.com\/wordpress\/segunda\/ca\/wp-json\/wp\/v2\/categories?post=271174"},{"taxonomy":"post_tag","embeddable":true,"href":"https:\/\/www.tucomarca.com\/wordpress\/segunda\/ca\/wp-json\/wp\/v2\/tags?post=271174"}],"curies":[{"name":"wp","href":"https:\/\/api.w.org\/{rel}","templated":true}]}}