{"id":271214,"date":"2025-07-02T11:00:00","date_gmt":"2025-07-02T09:00:00","guid":{"rendered":"https:\/\/www.tucomarca.com\/wordpress\/segunda\/?p=271214"},"modified":"2025-07-02T12:18:22","modified_gmt":"2025-07-02T10:18:22","slug":"carlos-mazon-la-comunitat-valenciana-es-la-segona-autonomia-on-mes-sha-reduit-latur-en-lultim-any","status":"publish","type":"post","link":"https:\/\/www.tucomarca.com\/wordpress\/segunda\/ca\/carlos-mazon-la-comunitat-valenciana-es-la-segona-autonomia-on-mes-sha-reduit-latur-en-lultim-any\/","title":{"rendered":"Carlos Maz\u00f3n: \u201cLa Comunitat Valenciana \u00e9s la segona autonomia on m\u00e9s s&#8217;ha redu\u00eft l&#8217;atur en l&#8217;\u00faltim any\u201d"},"content":{"rendered":"\n<h3 class=\"wp-block-heading\">Destaca que \u00e9s la xifra d&#8217;aturats m\u00e9s baixa d&#8217;un mes de juny des de 2008 i que \u00e9s el cinqu\u00e9 mes consecutiu en qu\u00e8 baixa el nombre de persones desocupades.<\/h3>\n\n\n\n<h3 class=\"wp-block-heading\">Ressalta que la Comunitat Valenciana continua per davall dels 300.000 aturats i que per primera vegada des de 2008 la prov\u00edncia d&#8217;Alacant ha descendit la barrera de 120.000 aturats.<\/h3>\n\n\n\n<h3 class=\"wp-block-heading\">Subratlla que l&#8217;atur baixa aquest mes en tots els sectors productius, grups d&#8217;edat i en totes les prov\u00edncies.<\/h3>\n\n\n\n<p>El president de la Generalitat, Carlos Maz\u00f3n, ha destacat que la Comunitat Valenciana \u00e9s la segona autonomia, despr\u00e9s d&#8217;Andalusia, \u201con m\u00e9s s&#8217;ha redu\u00eft l&#8217;atur en l&#8217;\u00faltim any\u201d amb un descens entre gener i juny de \u201cquasi 25.000 persones el que suposa un descens del 8%\u201d.<\/p>\n\n\n\n<p>El cap del Consell ha valorat les xifres d&#8217;atur registrat del mes de juny fetes p\u00fabliques pel Ministeri de Treball, que reflecteixen una reducci\u00f3 de -3.835 persones en la Comunitat Valenciana.<\/p>\n\n\n\n<p>El president ha posat en valor que \u201c\u00e9s la xifra d&#8217;aturats m\u00e9s baixa d&#8217;un mes de juny des de 2008 i suposa el cinqu\u00e9 mes consecutiu en qu\u00e8 disminueix l&#8217;atur\u201d.<\/p>\n\n\n\n<p>Maz\u00f3n ha indicat que aquestes dades \u201ctornen a demostrar la fortalesa dels nostres sectors productius\u201d, al mateix temps que \u201cens reforcen per a seguir en la senda de baixar la pressi\u00f3 fiscal a les rendes mitjanes i baixes, generar inversi\u00f3 i apostar per l&#8217;economia productiva i competitiva\u201d.<\/p>\n\n\n\n<p>Aix\u00ed mateix, ha ressaltat que l&#8217;atur cau en les tres prov\u00edncies i en tots els sectors econ\u00f2mics, continuant per davall dels 300.000 aturats. El president ha fet refer\u00e8ncia a la prov\u00edncia d&#8217;Alacant que \u201cper primera vegada des de 2008 ha baixat la barrera dels 120.000 aturats gr\u00e0cies al dinamisme de sectors com el turisme\u201d.<\/p>\n\n\n\n<p>D&#8217;altra banda, l&#8217;atur descendeix en tots els sectors d&#8217;edat, tant en el mensual com en la dada interanual, destacant la baixada de l&#8217;atur entre els m\u00e9s joves aconsegueix el 7,8% respecte a juny de 2024.<\/p>\n\n\n\n<p>Maz\u00f3n ha apuntat que \u201ces tracta d&#8217;un dels col\u00b7lectius en els quals la Generalitat ha centrat m\u00e9s la seua atenci\u00f3 amb ajudes de fins a 30.000 euros a les empreses que oferisquen una oportunitat a les persones desocupades de menys de 30 anys\u201d.<\/p>\n\n\n\n<p>A m\u00e9s, cal indicar que el mercat laboral femen\u00ed mant\u00e9 la seua bona din\u00e0mica amb 8.320 dones que ixen de les llistes de l&#8217;atur en l&#8217;\u00faltim any.<\/p>\n\n\n\n<p>Quant a sectors, el mes de juny baixa en Serveis (-1,63%), Ind\u00fastria (-1,47%), Construcci\u00f3 (-0.91%), Agricultura (-0,26%) i s&#8217;incrementa en sense ocupaci\u00f3 anterior (+1,42%), respecte al mes de maig.<\/p>\n\n\n\n<p>Igualment, cal assenyalar que la Comunitat Valenciana \u00e9s la regi\u00f3 que registra el major increment mensual en afiliacions d&#8217;aut\u00f2noms amb 1.580. Un de cada cinc nous aut\u00f2noms a Espanya s&#8217;afilia en el nostre territori.<\/p>\n\n\n\n<p>Aix\u00ed, cal indicar que la Comunitat Valenciana ocupa el primer lloc en augment en l&#8217;afiliaci\u00f3 d&#8217;aut\u00f2noms tant en valor absolut (10.434) com en percentatge (2,79%).<\/p>\n","protected":false},"excerpt":{"rendered":"<div class=\"mh-excerpt\">Destaca que \u00e9s la xifra d&#8217;aturats m\u00e9s baixa d&#8217;un mes de juny des de 2008 i que \u00e9s el cinqu\u00e9 mes consecutiu en qu\u00e8 baixa el nombre de persones desocupades. Ressalta que la Comunitat Valenciana <a class=\"mh-excerpt-more\" href=\"https:\/\/www.tucomarca.com\/wordpress\/segunda\/ca\/carlos-mazon-la-comunitat-valenciana-es-la-segona-autonomia-on-mes-sha-reduit-latur-en-lultim-any\/\" title=\"Carlos Maz\u00f3n: \u201cLa Comunitat Valenciana \u00e9s la segona autonomia on m\u00e9s s&#8217;ha redu\u00eft l&#8217;atur en l&#8217;\u00faltim any\u201d\">[+] <\/a><\/div>\n","protected":false},"author":12,"featured_media":222972,"comment_status":"open","ping_status":"open","sticky":false,"template":"","format":"standard","meta":{"footnotes":""},"categories":[10898,10948,10894,10904,10947,10896],"tags":[18807,11497,11498,11969],"class_list":{"0":"post-271214","1":"post","2":"type-post","3":"status-publish","4":"format-standard","5":"has-post-thumbnail","7":"category-ventana-ca","8":"category-infraestructuras-ca","9":"category-la-comarca-ca","10":"category-sin-categorizar-ca","11":"category-politica","12":"category-seccion-ca","13":"tag-carlos-mazon-ca","14":"tag-comunitat-valenciana-ca","15":"tag-generalitat-valenciana-ca","16":"tag-paro-ca"},"_links":{"self":[{"href":"https:\/\/www.tucomarca.com\/wordpress\/segunda\/ca\/wp-json\/wp\/v2\/posts\/271214","targetHints":{"allow":["GET"]}}],"collection":[{"href":"https:\/\/www.tucomarca.com\/wordpress\/segunda\/ca\/wp-json\/wp\/v2\/posts"}],"about":[{"href":"https:\/\/www.tucomarca.com\/wordpress\/segunda\/ca\/wp-json\/wp\/v2\/types\/post"}],"author":[{"embeddable":true,"href":"https:\/\/www.tucomarca.com\/wordpress\/segunda\/ca\/wp-json\/wp\/v2\/users\/12"}],"replies":[{"embeddable":true,"href":"https:\/\/www.tucomarca.com\/wordpress\/segunda\/ca\/wp-json\/wp\/v2\/comments?post=271214"}],"version-history":[{"count":0,"href":"https:\/\/www.tucomarca.com\/wordpress\/segunda\/ca\/wp-json\/wp\/v2\/posts\/271214\/revisions"}],"wp:featuredmedia":[{"embeddable":true,"href":"https:\/\/www.tucomarca.com\/wordpress\/segunda\/ca\/wp-json\/wp\/v2\/media\/222972"}],"wp:attachment":[{"href":"https:\/\/www.tucomarca.com\/wordpress\/segunda\/ca\/wp-json\/wp\/v2\/media?parent=271214"}],"wp:term":[{"taxonomy":"category","embeddable":true,"href":"https:\/\/www.tucomarca.com\/wordpress\/segunda\/ca\/wp-json\/wp\/v2\/categories?post=271214"},{"taxonomy":"post_tag","embeddable":true,"href":"https:\/\/www.tucomarca.com\/wordpress\/segunda\/ca\/wp-json\/wp\/v2\/tags?post=271214"}],"curies":[{"name":"wp","href":"https:\/\/api.w.org\/{rel}","templated":true}]}}