{"id":271221,"date":"2025-07-02T11:00:00","date_gmt":"2025-07-02T09:00:00","guid":{"rendered":"https:\/\/www.tucomarca.com\/wordpress\/segunda\/?p=271221"},"modified":"2025-07-02T12:43:43","modified_gmt":"2025-07-02T10:43:43","slug":"la-ruta-del-vino-utiel-requena-organitza-el-tete-forum-de-enoturismo-amb-una-jornada-dedicada-al-producte-km0-la-enogastronomia-i-el-patrimoni-cultural","status":"publish","type":"post","link":"https:\/\/www.tucomarca.com\/wordpress\/segunda\/ca\/la-ruta-del-vino-utiel-requena-organitza-el-tete-forum-de-enoturismo-amb-una-jornada-dedicada-al-producte-km0-la-enogastronomia-i-el-patrimoni-cultural\/","title":{"rendered":"La Ruta del Vino Utiel-Requena organitza el tet\u00e9 F\u00f2rum de Enoturismo amb una jornada dedicada al producte KM0, la enogastronom\u00eda i el patrimoni cultural"},"content":{"rendered":"\n<p>Dilluns que ve 7 de juliol, el Museo de la Vi\u00f1a y el Vino (Bodega Redonda (Utiel) acollir\u00e0 el 7\u00e9 F\u00f2rum de Enoturismo de la Ruta del Vino Utiel-Requena.<\/p>\n\n\n\n<p>La jornada est\u00e0 centrada en el valor del producte local i de proximitat, la identitat territorial, la sostenibilitat i el patrimoni com a claus per al posicionament tur\u00edstic del territori. A m\u00e9s, s&#8217;exposaran casos d&#8217;\u00e8xit d&#8217;altres destins enotur\u00edsticos per a inspirar noves iniciatives.<\/p>\n\n\n\n<p>La Ruta del Vino Utiel-Requena, pret\u00e9n sota el t\u00edtol &#8220;Jornades de Enogastronom\u00eda, Producte Km.0 i Patrimoni Cultural&#8221;, convertir el cor vitivin\u00edcola de la Comunitat Valenciana en punt de trobada d&#8217;experts, cellerers, productors i professionals del turisme, la cultura i la sostenibilitat, per a compartir experi\u00e8ncies aut\u00e8ntiques, debatre sobre models de gesti\u00f3 sostenible i reflexionar sobre el relat tur\u00edstic que emergeix de la connexi\u00f3 entre la enogastronom\u00eda, el paisatge, el patrimoni hist\u00f2ric i la identitat local. Ser\u00e0 sens dubte una jornada dissenyada per a inspirar, compartir bones pr\u00e0ctiques i explorar noves f\u00f3rmules per a posicionar el territori com a destinaci\u00f3 tur\u00edstica aut\u00e8ntica, sostenible i amb relat propi. En definitiva, generar un espai d&#8217;intercanvi i reflexi\u00f3 sobre els desafiaments i oportunitats als quals s&#8217;enfronte el turisme enogastron\u00f3mico en el territori d&#8217;Utiel \u2013 Requena.<\/p>\n\n\n\n<p><strong>Vi i patrimoni: el relat tur\u00edstic del paisatge<\/strong><\/p>\n\n\n\n<p>L&#8217;esdeveniment forma part de l&#8217;impuls al relat tur\u00edstic de Tierra Bobal, un territori on la vinya, la pedra i la mem\u00f2ria dibuixen un paisatge \u00fanic. Per\u00f2 tamb\u00e9 del projecte Paisatge Cultural de la Vinya i el Vi \u201cTerritorio Bobal\u201d, impulsat des de la Mancomunitat de l&#8217;Interior Tierra del Vino per a preservar i activar el paisatge cultural vinculat a la vinya i al vi com a motor de desenvolupament sostenible. \u00abEl Vi a Ib\u00e8ria\u00bb \u00e9s la proposta en la qual s&#8217;est\u00e0 treballant des de Territorio Bobal per a aconseguir&nbsp;que la UNESCO declare Patrimoni de la Humanitat&nbsp;les alm\u00e0sseres rupestres d&#8217;\u00e8poca ib\u00e8rica situats a la comarca, i amb l&#8217;objectiu final de revaloritzar la cultura vitivin\u00edcola del territori.<\/p>\n\n\n\n<p><strong>El sabor del territori com a relat tur\u00edstic<\/strong><\/p>\n\n\n\n<p>L&#8217;esdeveniment s&#8217;obrir\u00e0 amb una keynote inspiradora \u201cCultura que alimenta: com el patrimoni i la enogastronom\u00eda construeixen dest\u00ed\u201d, a c\u00e0rrec de Manel Colmenero, consultor i facilitador expert en turisme experiencial i enoturismo, la intervenci\u00f3 del qual abordar\u00e0 la connexi\u00f3 entre identitat local, sostenibilitat, cuina tradicional i territori com a elements clau en la construcci\u00f3 d&#8217;experi\u00e8ncies memorables. A continuaci\u00f3, tindran lloc dues taules redones d&#8217;experts:<\/p>\n\n\n\n<p>\u201cEl sabor del territori: producte local, identitat i relat tur\u00edstic\u201d, amb la participaci\u00f3 de representants del m\u00f3n de la consultoria, la comunicaci\u00f3 gastron\u00f2mica i la producci\u00f3 vin\u00edcola d&#8217;altres territoris, que compartiran experi\u00e8ncies d&#8217;\u00e8xit entorn de l&#8217;activaci\u00f3 tur\u00edstica de productes locals i la creaci\u00f3 de narratives diferencials.<\/p>\n\n\n\n<p>\u201cEntre vinyes i pedra: el patrimoni cultural com a relat enotur\u00edstico\u201d, que explorar\u00e0 el valor del patrimoni arqueol\u00f2gic, arquitect\u00f2nic i paisatg\u00edstic com a recurs actiu en les rutes del vi, i la seua capacitat per a generar vincles emocionals amb el visitant.<\/p>\n\n\n\n<p>L&#8217;esmorzar ser\u00e0 tamb\u00e9 una experi\u00e8ncia en si mateixa i una degustaci\u00f3 real del relat del territori, mitjan\u00e7ant una menjada maridatge de proximitat, elaborada amb productes locals de temporada i vins oferits pel Consell Regulador de la D.O.P. Utiel \u2013 Requena. El servei d&#8217;\u00e0pats estar\u00e0 oferit per Val\u00e8ncia Club Cuina, escola de cuina situada a Val\u00e8ncia, que ofereix cursos, tallers, experi\u00e8ncies i esdeveniments gastron\u00f2miques amb l&#8217;objectiu de promoure h\u00e0bits alimentosos saludables, simplificar la cuina tradicional i oferir un espai divertit per a aprendre i gaudir de la gastronomia.<\/p>\n\n\n\n<p>La sessi\u00f3 vespertina comptar\u00e0 amb un taller participatiu de co-creaci\u00f3 d&#8217;experi\u00e8ncies enotur\u00edsticas, facilitat per Manel Colmenero. Din\u00e0mica que permetr\u00e0 treballar en idees i formats innovadors que responguen a les noves demandes del visitant cultural, gastron\u00f2mic i responsable.<\/p>\n\n\n\n<p>La jornada conclour\u00e0 amb un espai de reflexi\u00f3 i debat entre tots els participants, sobre com continuar construint un model tur\u00edstic alineat amb els valors del territori, la sostenibilitat, l&#8217;hospitalitat, l&#8217;autenticitat i la cohesi\u00f3 territorial. Una jornada per a assaborir el territori, compartir coneixement i projectar junts el futur de Tierra Bobal.<\/p>\n\n\n\n<p><strong>Projecte &#8216;Rutas del Vino de Espa\u00f1a: Experiencias 360&#8217;<\/strong><\/p>\n\n\n\n<p>El 7\u00e9 F\u00f2rum de Enoturismo, forma part del projecte nacional \u201cRutas del Vino de Espa\u00f1a: Experiencias 360\u201d, una iniciativa finan\u00e7ada pel Ministeri d&#8217;Ind\u00fastria i Turisme del Govern d&#8217;Espanya, a trav\u00e9s del Pla de Recuperaci\u00f3, Transformaci\u00f3 i Resili\u00e8ncia \u2013 Next Generation EU. L&#8217;objectiu d&#8217;aquesta l\u00ednia de treball \u00e9s refor\u00e7ar el paper de les Rutas del Vino de Espa\u00f1a com a espais d&#8217;innovaci\u00f3 i cohesi\u00f3 territorial, promovent productes tur\u00edstics sostenibles, competitius i centrats en el valor local.<\/p>\n\n\n\n<p><\/p>\n","protected":false},"excerpt":{"rendered":"<div class=\"mh-excerpt\">Dilluns que ve 7 de juliol, el Museo de la Vi\u00f1a y el Vino (Bodega Redonda (Utiel) acollir\u00e0 el 7\u00e9 F\u00f2rum de Enoturismo de la Ruta del Vino Utiel-Requena. La jornada est\u00e0 centrada en el <a class=\"mh-excerpt-more\" href=\"https:\/\/www.tucomarca.com\/wordpress\/segunda\/ca\/la-ruta-del-vino-utiel-requena-organitza-el-tete-forum-de-enoturismo-amb-una-jornada-dedicada-al-producte-km0-la-enogastronomia-i-el-patrimoni-cultural\/\" title=\"La Ruta del Vino Utiel-Requena organitza el tet\u00e9 F\u00f2rum de Enoturismo amb una jornada dedicada al producte KM0, la enogastronom\u00eda i el patrimoni cultural\">[+] <\/a><\/div>\n","protected":false},"author":12,"featured_media":271220,"comment_status":"open","ping_status":"open","sticky":false,"template":"","format":"standard","meta":{"footnotes":""},"categories":[11019,11006,10894,11007,10909,10896,11059],"tags":[14295,10910,22759],"class_list":{"0":"post-271221","1":"post","2":"type-post","3":"status-publish","4":"format-standard","5":"has-post-thumbnail","7":"category-agenda-ca","8":"category-canal-vinos","9":"category-la-comarca-ca","10":"category-ocio-y-cultura-ca","11":"category-requena-utiel-ca","12":"category-seccion-ca","13":"category-utiel-ca","14":"tag-enoturismo-ca","15":"tag-requena-utiel-ca","16":"tag-ruta-del-vino-utiel-requena-ca"},"_links":{"self":[{"href":"https:\/\/www.tucomarca.com\/wordpress\/segunda\/ca\/wp-json\/wp\/v2\/posts\/271221","targetHints":{"allow":["GET"]}}],"collection":[{"href":"https:\/\/www.tucomarca.com\/wordpress\/segunda\/ca\/wp-json\/wp\/v2\/posts"}],"about":[{"href":"https:\/\/www.tucomarca.com\/wordpress\/segunda\/ca\/wp-json\/wp\/v2\/types\/post"}],"author":[{"embeddable":true,"href":"https:\/\/www.tucomarca.com\/wordpress\/segunda\/ca\/wp-json\/wp\/v2\/users\/12"}],"replies":[{"embeddable":true,"href":"https:\/\/www.tucomarca.com\/wordpress\/segunda\/ca\/wp-json\/wp\/v2\/comments?post=271221"}],"version-history":[{"count":0,"href":"https:\/\/www.tucomarca.com\/wordpress\/segunda\/ca\/wp-json\/wp\/v2\/posts\/271221\/revisions"}],"wp:featuredmedia":[{"embeddable":true,"href":"https:\/\/www.tucomarca.com\/wordpress\/segunda\/ca\/wp-json\/wp\/v2\/media\/271220"}],"wp:attachment":[{"href":"https:\/\/www.tucomarca.com\/wordpress\/segunda\/ca\/wp-json\/wp\/v2\/media?parent=271221"}],"wp:term":[{"taxonomy":"category","embeddable":true,"href":"https:\/\/www.tucomarca.com\/wordpress\/segunda\/ca\/wp-json\/wp\/v2\/categories?post=271221"},{"taxonomy":"post_tag","embeddable":true,"href":"https:\/\/www.tucomarca.com\/wordpress\/segunda\/ca\/wp-json\/wp\/v2\/tags?post=271221"}],"curies":[{"name":"wp","href":"https:\/\/api.w.org\/{rel}","templated":true}]}}