{"id":271244,"date":"2025-07-02T20:00:00","date_gmt":"2025-07-02T18:00:00","guid":{"rendered":"https:\/\/www.tucomarca.com\/wordpress\/segunda\/?p=271244"},"modified":"2025-07-03T09:56:15","modified_gmt":"2025-07-03T07:56:15","slug":"mazon-sollicita-a-europa-ajudes-per-al-enoturismo-com-a-mitja-per-a-millorar-la-competitivitat-del-sector-del-vi","status":"publish","type":"post","link":"https:\/\/www.tucomarca.com\/wordpress\/segunda\/ca\/mazon-sollicita-a-europa-ajudes-per-al-enoturismo-com-a-mitja-per-a-millorar-la-competitivitat-del-sector-del-vi\/","title":{"rendered":"Maz\u00f3n sol\u00b7licita a Europa ajudes per al enoturismo com a mitj\u00e0 per a millorar la competitivitat del sector del vi"},"content":{"rendered":"\n<h3 class=\"wp-block-heading\">Destaca el paper dels viticultors com a agents mediambientals i advoca per donar major protagonisme a les Denominacions d&#8217;Origen i a la promoci\u00f3 exterior dels vins.<\/h3>\n\n\n\n<p>El president de la Generalitat, Carlos Maz\u00f3n, ha sol\u00b7licitat a la UE ajudes per al enoturismo, al qual considera un \u201cpol d&#8217;atracci\u00f3\u201d de visitants i un mode per a fer m\u00e9s competitiu el sector del vi davant la situaci\u00f3 que est\u00e0 travessant.<\/p>\n\n\n\n<p>El cap de l&#8217;Executiu valenci\u00e0 ha intervingut en la reuni\u00f3 de l&#8217;Intergrup del Vi del Comit\u00e9 de les Regions (CDR), on ha destacat que la gastronomia, en la qual ha incl\u00f2s el vi, estan entre els principals motius que es trien per a visitar un lloc.<\/p>\n\n\n\n<p>Per aix\u00f2, considera que el enoturismo, les rutes del vi, la vinculaci\u00f3 amb la gastronomia, s\u00f3n una \u201cgran oportunitat\u201d i \u201cclau per a poder continuar competint\u201d, al mateix temps que ha sol\u00b7licitat que les ajudes que es reben d&#8217;Europa \u201cno siguen per a compensar, sin\u00f3 per a fer-nos m\u00e9s competitius i poder ser autosuficients\u201d en aquest \u00e0mbit.<\/p>\n\n\n\n<p>Maz\u00f3n ha ressaltat tamb\u00e9 la relaci\u00f3 entre el vi i el medi ambient i ha posat en valor el paper dels viticultors com \u201cels millors agents mediambientals\u201d. Aix\u00ed mateix, ha advocat per donar major protagonisme a les Denominacions d&#8217;Origen, a m\u00e9s d&#8217;incidir en la promoci\u00f3 exterior dels vins europeus.<\/p>\n\n\n\n<p><strong>Dictamen sobre les regles del mercat<\/strong><\/p>\n\n\n\n<p>El president ha valorat el dictamen sobre les regles del mercat i les mesures de suport al sector del vi de l&#8217;Intergrup i ha destacat accions com la inclusi\u00f3 de mesures volunt\u00e0ries com l&#8217;arrancada de vinyes, la collita en verd i la destil\u00b7laci\u00f3 de crisi, essencials per a la regulaci\u00f3 del mercat.<\/p>\n\n\n\n<p>El Cap de l&#8217;Executiu valenci\u00e0 ha destacat la constituci\u00f3 del Integrupo del Vi del CDR i ha agra\u00eft la bona labor i la celeritat amb la qual est\u00e0 treballant.<a><\/a><\/p>\n\n\n\n<figure class=\"wp-block-image size-large\"><img loading=\"lazy\" decoding=\"async\" width=\"1024\" height=\"584\" src=\"http:\/\/www.tucomarca.com\/wordpress\/segunda\/wp-content\/uploads\/2025\/07\/MazonEuropa3-1024x584.jpg\" alt=\"\" class=\"wp-image-271236\" srcset=\"https:\/\/www.tucomarca.com\/wordpress\/segunda\/wp-content\/uploads\/2025\/07\/MazonEuropa3-1024x584.jpg 1024w, https:\/\/www.tucomarca.com\/wordpress\/segunda\/wp-content\/uploads\/2025\/07\/MazonEuropa3-300x171.jpg 300w, https:\/\/www.tucomarca.com\/wordpress\/segunda\/wp-content\/uploads\/2025\/07\/MazonEuropa3-768x438.jpg 768w, https:\/\/www.tucomarca.com\/wordpress\/segunda\/wp-content\/uploads\/2025\/07\/MazonEuropa3-1536x876.jpg 1536w, https:\/\/www.tucomarca.com\/wordpress\/segunda\/wp-content\/uploads\/2025\/07\/MazonEuropa3-2048x1168.jpg 2048w\" sizes=\"auto, (max-width: 1024px) 100vw, 1024px\" \/><\/figure>\n","protected":false},"excerpt":{"rendered":"<div class=\"mh-excerpt\">Destaca el paper dels viticultors com a agents mediambientals i advoca per donar major protagonisme a les Denominacions d&#8217;Origen i a la promoci\u00f3 exterior dels vins. El president de la Generalitat, Carlos Maz\u00f3n, ha sol\u00b7licitat <a class=\"mh-excerpt-more\" href=\"https:\/\/www.tucomarca.com\/wordpress\/segunda\/ca\/mazon-sollicita-a-europa-ajudes-per-al-enoturismo-com-a-mitja-per-a-millorar-la-competitivitat-del-sector-del-vi\/\" title=\"Maz\u00f3n sol\u00b7licita a Europa ajudes per al enoturismo com a mitj\u00e0 per a millorar la competitivitat del sector del vi\">[+] <\/a><\/div>\n","protected":false},"author":12,"featured_media":271239,"comment_status":"open","ping_status":"open","sticky":false,"template":"","format":"standard","meta":{"footnotes":""},"categories":[11006,10898,10948,10894,10904,10903,11007,10947,10896],"tags":[22760,18807,11498],"class_list":{"0":"post-271244","1":"post","2":"type-post","3":"status-publish","4":"format-standard","5":"has-post-thumbnail","7":"category-canal-vinos","8":"category-ventana-ca","9":"category-infraestructuras-ca","10":"category-la-comarca-ca","11":"category-sin-categorizar-ca","12":"category-medio-ambiente-la-comarca-ca","13":"category-ocio-y-cultura-ca","14":"category-politica","15":"category-seccion-ca","16":"tag-ayudas-europeas-ca","17":"tag-carlos-mazon-ca","18":"tag-generalitat-valenciana-ca"},"_links":{"self":[{"href":"https:\/\/www.tucomarca.com\/wordpress\/segunda\/ca\/wp-json\/wp\/v2\/posts\/271244","targetHints":{"allow":["GET"]}}],"collection":[{"href":"https:\/\/www.tucomarca.com\/wordpress\/segunda\/ca\/wp-json\/wp\/v2\/posts"}],"about":[{"href":"https:\/\/www.tucomarca.com\/wordpress\/segunda\/ca\/wp-json\/wp\/v2\/types\/post"}],"author":[{"embeddable":true,"href":"https:\/\/www.tucomarca.com\/wordpress\/segunda\/ca\/wp-json\/wp\/v2\/users\/12"}],"replies":[{"embeddable":true,"href":"https:\/\/www.tucomarca.com\/wordpress\/segunda\/ca\/wp-json\/wp\/v2\/comments?post=271244"}],"version-history":[{"count":0,"href":"https:\/\/www.tucomarca.com\/wordpress\/segunda\/ca\/wp-json\/wp\/v2\/posts\/271244\/revisions"}],"wp:featuredmedia":[{"embeddable":true,"href":"https:\/\/www.tucomarca.com\/wordpress\/segunda\/ca\/wp-json\/wp\/v2\/media\/271239"}],"wp:attachment":[{"href":"https:\/\/www.tucomarca.com\/wordpress\/segunda\/ca\/wp-json\/wp\/v2\/media?parent=271244"}],"wp:term":[{"taxonomy":"category","embeddable":true,"href":"https:\/\/www.tucomarca.com\/wordpress\/segunda\/ca\/wp-json\/wp\/v2\/categories?post=271244"},{"taxonomy":"post_tag","embeddable":true,"href":"https:\/\/www.tucomarca.com\/wordpress\/segunda\/ca\/wp-json\/wp\/v2\/tags?post=271244"}],"curies":[{"name":"wp","href":"https:\/\/api.w.org\/{rel}","templated":true}]}}