{"id":271275,"date":"2025-07-02T12:30:00","date_gmt":"2025-07-02T10:30:00","guid":{"rendered":"https:\/\/www.tucomarca.com\/wordpress\/segunda\/?p=271275"},"modified":"2025-07-02T14:12:33","modified_gmt":"2025-07-02T12:12:33","slug":"diana-vicente-palmero-proclamada-reina-de-les-festes-de-turis","status":"publish","type":"post","link":"https:\/\/www.tucomarca.com\/wordpress\/segunda\/ca\/diana-vicente-palmero-proclamada-reina-de-les-festes-de-turis\/","title":{"rendered":"Diana Vicente Palmero, proclamada Reina de les Festes de Tur\u00eds"},"content":{"rendered":"\n<p>El passat cap de setmana va comen\u00e7ar el compte enrere per a viure les Festes Patronals, i ho feu amb un acte ben important, la proclamaci\u00f3 oficial de Diana Vicente Palmero com a Reina de les Festes 2025.<\/p>\n\n\n\n<p>Diana i la seua cort van lluir amb llum pr\u00f2pia en la seua primera nit com a aut\u00e8ntiques protagonistes. La nova reina va rebre el pergam\u00ed que l\u2019acredita de mans del regidor de Festes, Toni Segura, i l\u2019alcalde, Francisco Ricau.<\/p>\n\n\n\n<p>I una vegada fet el parlament, donant les gr\u00e0cies a familiars i amics, va realitzar el primer brindis desitjant unes bones festes per a tot el poble. La pr\u00f2xima cita ser\u00e0 dissabte, 19 de juliol, en la Pla\u00e7a. Vicent Ribes, on se celebrar\u00e0 la solemne presentaci\u00f3.<\/p>\n\n\n\n<figure class=\"wp-block-image size-large\"><img loading=\"lazy\" decoding=\"async\" width=\"1024\" height=\"682\" src=\"http:\/\/www.tucomarca.com\/wordpress\/segunda\/wp-content\/uploads\/2025\/07\/TurisReina25_2-1024x682.jpg\" alt=\"\" class=\"wp-image-271264\" srcset=\"https:\/\/www.tucomarca.com\/wordpress\/segunda\/wp-content\/uploads\/2025\/07\/TurisReina25_2-1024x682.jpg 1024w, https:\/\/www.tucomarca.com\/wordpress\/segunda\/wp-content\/uploads\/2025\/07\/TurisReina25_2-300x200.jpg 300w, https:\/\/www.tucomarca.com\/wordpress\/segunda\/wp-content\/uploads\/2025\/07\/TurisReina25_2-768x512.jpg 768w, https:\/\/www.tucomarca.com\/wordpress\/segunda\/wp-content\/uploads\/2025\/07\/TurisReina25_2.jpg 1181w\" sizes=\"auto, (max-width: 1024px) 100vw, 1024px\" \/><\/figure>\n","protected":false},"excerpt":{"rendered":"<div class=\"mh-excerpt\">El passat cap de setmana va comen\u00e7ar el compte enrere per a viure les Festes Patronals, i ho feu amb un acte ben important, la proclamaci\u00f3 oficial de Diana Vicente Palmero com a Reina de <a class=\"mh-excerpt-more\" href=\"https:\/\/www.tucomarca.com\/wordpress\/segunda\/ca\/diana-vicente-palmero-proclamada-reina-de-les-festes-de-turis\/\" title=\"Diana Vicente Palmero, proclamada Reina de les Festes de Tur\u00eds\">[+] <\/a><\/div>\n","protected":false},"author":12,"featured_media":271267,"comment_status":"open","ping_status":"open","sticky":false,"template":"","format":"image","meta":{"footnotes":""},"categories":[10894,10902,11004,11007,11008,10896,11047],"tags":[22766,22767,22768,11356,11093],"class_list":{"0":"post-271275","1":"post","2":"type-post","3":"status-publish","4":"format-image","5":"has-post-thumbnail","7":"category-la-comarca-ca","8":"category-la-ribera-ca","9":"category-la-semana-en-imagenes-ca","10":"category-ocio-y-cultura-ca","11":"category-pueblos-en-fiestas-ca","12":"category-seccion-ca","13":"category-turis-ca","14":"tag-diana-vicente-palmero-ca","15":"tag-festes-de-turis-2025-ca","16":"tag-reina-de-les-festes-2025-ca","17":"tag-ribera-alta-ca","18":"tag-turis-ca","19":"post_format-post-format-image"},"_links":{"self":[{"href":"https:\/\/www.tucomarca.com\/wordpress\/segunda\/ca\/wp-json\/wp\/v2\/posts\/271275","targetHints":{"allow":["GET"]}}],"collection":[{"href":"https:\/\/www.tucomarca.com\/wordpress\/segunda\/ca\/wp-json\/wp\/v2\/posts"}],"about":[{"href":"https:\/\/www.tucomarca.com\/wordpress\/segunda\/ca\/wp-json\/wp\/v2\/types\/post"}],"author":[{"embeddable":true,"href":"https:\/\/www.tucomarca.com\/wordpress\/segunda\/ca\/wp-json\/wp\/v2\/users\/12"}],"replies":[{"embeddable":true,"href":"https:\/\/www.tucomarca.com\/wordpress\/segunda\/ca\/wp-json\/wp\/v2\/comments?post=271275"}],"version-history":[{"count":0,"href":"https:\/\/www.tucomarca.com\/wordpress\/segunda\/ca\/wp-json\/wp\/v2\/posts\/271275\/revisions"}],"wp:featuredmedia":[{"embeddable":true,"href":"https:\/\/www.tucomarca.com\/wordpress\/segunda\/ca\/wp-json\/wp\/v2\/media\/271267"}],"wp:attachment":[{"href":"https:\/\/www.tucomarca.com\/wordpress\/segunda\/ca\/wp-json\/wp\/v2\/media?parent=271275"}],"wp:term":[{"taxonomy":"category","embeddable":true,"href":"https:\/\/www.tucomarca.com\/wordpress\/segunda\/ca\/wp-json\/wp\/v2\/categories?post=271275"},{"taxonomy":"post_tag","embeddable":true,"href":"https:\/\/www.tucomarca.com\/wordpress\/segunda\/ca\/wp-json\/wp\/v2\/tags?post=271275"}],"curies":[{"name":"wp","href":"https:\/\/api.w.org\/{rel}","templated":true}]}}