{"id":271305,"date":"2025-07-03T10:00:00","date_gmt":"2025-07-03T08:00:00","guid":{"rendered":"https:\/\/www.tucomarca.com\/wordpress\/segunda\/?p=271305"},"modified":"2025-07-03T13:18:32","modified_gmt":"2025-07-03T11:18:32","slug":"torna-el-circuit-starlight-tierra-bobal-huit-destins-per-a-descobrir-els-secrets-del-cel-nocturn","status":"publish","type":"post","link":"https:\/\/www.tucomarca.com\/wordpress\/segunda\/ca\/torna-el-circuit-starlight-tierra-bobal-huit-destins-per-a-descobrir-els-secrets-del-cel-nocturn\/","title":{"rendered":"Torna el Circuit Starlight Tierra Bobal: huit destins per a descobrir els secrets del cel nocturn"},"content":{"rendered":"\n<p>El programa es desenvolupar\u00e0 entre els mesos de juliol i octubre, i inclou activitats gratu\u00eftes d&#8217;observaci\u00f3 del cel nocturn amb telescopis i l&#8217;acompanyament expert de l&#8217;Associaci\u00f3 Valenciana d&#8217;Astronomia<\/p>\n\n\n\n<p>El Circuit Starlight torna un any m\u00e9s als municipis de Tierra Bobal distingits amb el segell Starlight, atorgat per ser territoris amb excel\u00b7lents condicions per a l&#8217;observaci\u00f3 astron\u00f2mica.<\/p>\n\n\n\n<figure class=\"wp-block-gallery has-nested-images columns-1 is-cropped wp-block-gallery-1 is-layout-flex wp-block-gallery-is-layout-flex\">\n<figure class=\"wp-block-image size-large\"><img loading=\"lazy\" decoding=\"async\" width=\"1024\" height=\"470\" data-id=\"271294\" src=\"https:\/\/www.tucomarca.com\/wordpress\/segunda\/wp-content\/uploads\/2025\/07\/observacion-cielo-nocturno-tierra-bobal.jpg\" alt=\"\" class=\"wp-image-271294\" srcset=\"https:\/\/www.tucomarca.com\/wordpress\/segunda\/wp-content\/uploads\/2025\/07\/observacion-cielo-nocturno-tierra-bobal.jpg 1024w, https:\/\/www.tucomarca.com\/wordpress\/segunda\/wp-content\/uploads\/2025\/07\/observacion-cielo-nocturno-tierra-bobal-300x138.jpg 300w, https:\/\/www.tucomarca.com\/wordpress\/segunda\/wp-content\/uploads\/2025\/07\/observacion-cielo-nocturno-tierra-bobal-768x353.jpg 768w\" sizes=\"auto, (max-width: 1024px) 100vw, 1024px\" \/><\/figure>\n\n\n\n<figure class=\"wp-block-image size-large\"><img loading=\"lazy\" decoding=\"async\" width=\"1024\" height=\"470\" data-id=\"271296\" src=\"https:\/\/www.tucomarca.com\/wordpress\/segunda\/wp-content\/uploads\/2025\/07\/calidad-cielos-tierra-bobal-starlight.png\" alt=\"\" class=\"wp-image-271296\" srcset=\"https:\/\/www.tucomarca.com\/wordpress\/segunda\/wp-content\/uploads\/2025\/07\/calidad-cielos-tierra-bobal-starlight.png 1024w, https:\/\/www.tucomarca.com\/wordpress\/segunda\/wp-content\/uploads\/2025\/07\/calidad-cielos-tierra-bobal-starlight-300x138.png 300w, https:\/\/www.tucomarca.com\/wordpress\/segunda\/wp-content\/uploads\/2025\/07\/calidad-cielos-tierra-bobal-starlight-768x353.png 768w\" sizes=\"auto, (max-width: 1024px) 100vw, 1024px\" \/><\/figure>\n\n\n\n<figure class=\"wp-block-image size-large\"><img loading=\"lazy\" decoding=\"async\" width=\"1024\" height=\"470\" data-id=\"271298\" src=\"https:\/\/www.tucomarca.com\/wordpress\/segunda\/wp-content\/uploads\/2025\/07\/miradores-astronomicos-tierra-bobal.png\" alt=\"\" class=\"wp-image-271298\" srcset=\"https:\/\/www.tucomarca.com\/wordpress\/segunda\/wp-content\/uploads\/2025\/07\/miradores-astronomicos-tierra-bobal.png 1024w, https:\/\/www.tucomarca.com\/wordpress\/segunda\/wp-content\/uploads\/2025\/07\/miradores-astronomicos-tierra-bobal-300x138.png 300w, https:\/\/www.tucomarca.com\/wordpress\/segunda\/wp-content\/uploads\/2025\/07\/miradores-astronomicos-tierra-bobal-768x353.png 768w\" sizes=\"auto, (max-width: 1024px) 100vw, 1024px\" \/><\/figure>\n<\/figure>\n\n\n\n<p>Aquest any 2025, el programa es desenvolupar\u00e0 entre els mesos de juliol i octubre, i inclou activitats gratu\u00eftes d&#8217;observaci\u00f3 del cel nocturn amb telescopis i l&#8217;acompanyament expert de l&#8217;Associaci\u00f3 Valenciana d&#8217;Astronomia (AVA). A trav\u00e9s d&#8217;aquestes sessions, el p\u00fablic podr\u00e0 descobrir la riquesa del firmament: estreles, constel\u00b7lacions, nebuloses i c\u00famuls estel\u00b7lars que normalment passen desapercebuts.<\/p>\n\n\n\n<p><strong>Programaci\u00f3 del Circuit Starlight Tierra Bobal 2025<\/strong><\/p>\n\n\n\n<p>La programaci\u00f3 del Circuit Starlight Tierra Bobal 2025 compta amb les seg\u00fcents activitats:<\/p>\n\n\n\n<ul class=\"wp-block-list\">\n<li>17 de juliol \u2013 Camporrobles (Paratge Cultural del Mol\u00f3n)<\/li>\n\n\n\n<li>26 de juliol \u2013 Venta del Moro (Paratge del Cerro de la Cabeza)<\/li>\n\n\n\n<li>29 de juliol \u2013 Fuenterrobles (Paratge Senda de los Caballeros \u2013 &#8220;Barraca Pozuelo&#8221;)<\/li>\n\n\n\n<li>17 d&#8217;agost \u2013 Sinarques (Paratge de los Matorrales, al costat del Jard\u00ed Bot\u00e0nic)<\/li>\n\n\n\n<li>22 d&#8217;agost \u2013 Villargordo del Cabriel (\u00c0rea recreativa de la Cabeza \u2013 El Toro)<\/li>\n\n\n\n<li>23 d&#8217;agost \u2013 Xera (Mirador del T\u00edo Juanete)<\/li>\n\n\n\n<li>20 de setembre \u2013 Requena ((Herrada del Gallego)<\/li>\n\n\n\n<li>18 d&#8217;octubre \u2013 Caudete de las Fuentes (Cerro de la Atalaya)<\/li>\n<\/ul>\n\n\n\n<p><strong>Tierra Bobal \u00e9s Dest\u00ed Starlight<\/strong><\/p>\n\n\n\n<p>Des que en 2022 Tierra Bobal va ser reconeguda com a Dest\u00ed Starlight, aquest circuit s&#8217;ha consolidat com una activitat anual molt esperada per ve\u00efns i visitants. La baixa contaminaci\u00f3 lum\u00ednica de la zona permet una visi\u00f3 privilegiada del cel nocturn, convertint-lo en un entorn ideal per a gaudir del turisme astron\u00f2mic de manera respectuosa amb el medi ambient.<\/p>\n\n\n\n<p>A m\u00e9s, Tierra Bobal compta amb una xarxa de miradors astron\u00f2mics equipats amb senyal\u00edstica vertical tipus Polaris, que inclou informaci\u00f3 sobre el lloc, orientaci\u00f3 cap a l&#8217;estrela polar i un codi QR amb continguts astron\u00f2mics. Aquests espais, que compten amb gandules per a l&#8217;observaci\u00f3, estan dissenyats per a oferir una experi\u00e8ncia immersiva i did\u00e0ctica en plena naturalesa.<\/p>\n\n\n\n<p>Aquesta iniciativa consolida a Tierra Bobal com un referent del astroturismo a la Comunitat Valenciana, en combinar ci\u00e8ncia, naturalesa i sostenibilitat.<\/p>\n\n\n\n<p>Tierra Bobal integra els municipis de Camporrobles, Caudete de las Fuentes, Xera, Fuenterrobles, Requena, Sinarques, Utiel, Venta del Moro i Villargordo del Cabriel.<\/p>\n","protected":false},"excerpt":{"rendered":"<div class=\"mh-excerpt\">El programa es desenvolupar\u00e0 entre els mesos de juliol i octubre, i inclou activitats gratu\u00eftes d&#8217;observaci\u00f3 del cel nocturn amb telescopis i l&#8217;acompanyament expert de l&#8217;Associaci\u00f3 Valenciana d&#8217;Astronomia El Circuit Starlight torna un any m\u00e9s <a class=\"mh-excerpt-more\" href=\"https:\/\/www.tucomarca.com\/wordpress\/segunda\/ca\/torna-el-circuit-starlight-tierra-bobal-huit-destins-per-a-descobrir-els-secrets-del-cel-nocturn\/\" title=\"Torna el Circuit Starlight Tierra Bobal: huit destins per a descobrir els secrets del cel nocturn\">[+] <\/a><\/div>\n","protected":false},"author":12,"featured_media":271293,"comment_status":"open","ping_status":"open","sticky":false,"template":"","format":"standard","meta":{"footnotes":""},"categories":[11019,11031,11032,11054,11055,10894,11007,10908,10909,10896,11058,11060,11061],"tags":[17198,12387,10910,12388],"class_list":{"0":"post-271305","1":"post","2":"type-post","3":"status-publish","4":"format-standard","5":"has-post-thumbnail","7":"category-agenda-ca","8":"category-camporrobles-ca","9":"category-caudete-ca","10":"category-chera-ca","11":"category-fuenterrobles-ca","12":"category-la-comarca-ca","13":"category-ocio-y-cultura-ca","14":"category-requena-ca","15":"category-requena-utiel-ca","16":"category-seccion-ca","17":"category-sinarcas-ca","18":"category-venta-del-moro-ca","19":"category-villargordo-del-cabriel-ca","20":"tag-circuito-starlight-tierra-bobal-ca","21":"tag-mancomunidad-del-interior-tierra-del-vino-ca","22":"tag-requena-utiel-ca","23":"tag-tierra-bobal-ca"},"_links":{"self":[{"href":"https:\/\/www.tucomarca.com\/wordpress\/segunda\/ca\/wp-json\/wp\/v2\/posts\/271305","targetHints":{"allow":["GET"]}}],"collection":[{"href":"https:\/\/www.tucomarca.com\/wordpress\/segunda\/ca\/wp-json\/wp\/v2\/posts"}],"about":[{"href":"https:\/\/www.tucomarca.com\/wordpress\/segunda\/ca\/wp-json\/wp\/v2\/types\/post"}],"author":[{"embeddable":true,"href":"https:\/\/www.tucomarca.com\/wordpress\/segunda\/ca\/wp-json\/wp\/v2\/users\/12"}],"replies":[{"embeddable":true,"href":"https:\/\/www.tucomarca.com\/wordpress\/segunda\/ca\/wp-json\/wp\/v2\/comments?post=271305"}],"version-history":[{"count":0,"href":"https:\/\/www.tucomarca.com\/wordpress\/segunda\/ca\/wp-json\/wp\/v2\/posts\/271305\/revisions"}],"wp:featuredmedia":[{"embeddable":true,"href":"https:\/\/www.tucomarca.com\/wordpress\/segunda\/ca\/wp-json\/wp\/v2\/media\/271293"}],"wp:attachment":[{"href":"https:\/\/www.tucomarca.com\/wordpress\/segunda\/ca\/wp-json\/wp\/v2\/media?parent=271305"}],"wp:term":[{"taxonomy":"category","embeddable":true,"href":"https:\/\/www.tucomarca.com\/wordpress\/segunda\/ca\/wp-json\/wp\/v2\/categories?post=271305"},{"taxonomy":"post_tag","embeddable":true,"href":"https:\/\/www.tucomarca.com\/wordpress\/segunda\/ca\/wp-json\/wp\/v2\/tags?post=271305"}],"curies":[{"name":"wp","href":"https:\/\/api.w.org\/{rel}","templated":true}]}}