{"id":271338,"date":"2025-07-03T11:30:00","date_gmt":"2025-07-03T09:30:00","guid":{"rendered":"https:\/\/www.tucomarca.com\/wordpress\/segunda\/?p=271338"},"modified":"2025-07-03T13:23:24","modified_gmt":"2025-07-03T11:23:24","slug":"industria-amplia-fins-al-15-de-juliol-el-termini-per-a-sollicitar-les-ajudes-a-limpuls-a-la-internacionalitzacio-per-a-les-empreses-afectades-per-la-dana","status":"publish","type":"post","link":"https:\/\/www.tucomarca.com\/wordpress\/segunda\/ca\/industria-amplia-fins-al-15-de-juliol-el-termini-per-a-sollicitar-les-ajudes-a-limpuls-a-la-internacionalitzacio-per-a-les-empreses-afectades-per-la-dana\/","title":{"rendered":"Ind\u00fastria amplia fins al 15 de juliol el termini per a sol\u00b7licitar les ajudes a l&#8217;impuls a la internacionalitzaci\u00f3 per a les empreses afectades per la DANA"},"content":{"rendered":"\n<p>Amb aquestes ajudes, dotades amb 10 milions d&#8217;euros, es dona suport a la participaci\u00f3 en fires internacionals, el desenvolupament dels plans de promoci\u00f3 internacional i altres despeses extres per a afavorir la seua recuperaci\u00f3<br>La Conselleria d&#8217;Innovaci\u00f3, Ind\u00fastria, Comer\u00e7 i Turisme ha ampliat el termini de sol\u00b7licitud de les ajudes de la direcci\u00f3 general d&#8217;Emprenedoria i Internacionalitzaci\u00f3 amb les quals s&#8217;impulsa la internacionalitzaci\u00f3 de les empreses de la Comunitat Valenciana afectades per la dana amb un import de deu milions d&#8217;euros, tal com publica aquest dijous el DOGV.<\/p>\n\n\n\n<p>Aquestes ajudes, que es poden sol\u00b7licitar fins al 15 de juliol de 2025, estan dotades amb 10 milions d&#8217;euros i cobreixen les despeses realitzades entre l&#8217;1 de novembre de 2024 i el 31 d&#8217;octubre de 2025. L&#8217;import sol\u00b7licitat pot ascendir fins a 100.000 euros i la intensitat de l&#8217;ajuda pot aconseguir fins al 100%.<\/p>\n\n\n\n<p>Amb aquestes ajudes es dona suport a la participaci\u00f3 en fires internacionals, incl\u00f2s el lloguer de l&#8217;espai, subministraments, assegurances, disseny i muntatge de l&#8217;estand, pack m\u00e0rqueting digital obligatori i enviament de mostres.<\/p>\n\n\n\n<p>Aix\u00ed mateix, se subvencionen les despeses d&#8217;allotjament i despla\u00e7ament per assist\u00e8ncia a fires internacionals, showrooms, congressos o similars, missions comercials organitzades per organismes p\u00fablics, entitats p\u00fablic-privades o associacions empresarials, tant a Espanya com a l&#8217;estranger, sempre que tinguen car\u00e0cter internacional i professional, aix\u00ed com els ocasionats per qualsevol activitat promoguda per Ivace Internacional.<\/p>\n\n\n\n<p>Tamb\u00e9 seran subvencionables els viatges comercials internacionals per a prospecci\u00f3 de clients, incl\u00f2s seguiment xarxa comercial, agents i distribu\u00efdors, aix\u00ed com la publicitat en mitjans estrangers i material promocional per al mercat internacional.<\/p>\n\n\n\n<p>A m\u00e9s, s&#8217;inclouen els serveis relacionats amb el proc\u00e9s de registre i vigil\u00e0ncia de marca o altres serveis de propietat industrial anara d&#8217;Espanya, aix\u00ed com els serveis relacionats amb el proc\u00e9s de certificaci\u00f3, homologaci\u00f3 i registre necessaris per a la comercialitzaci\u00f3 internacional dels productes i serveis.<\/p>\n\n\n\n<p>En la present convocat\u00f2ria les empreses i agrupacions tamb\u00e9 poden sol\u00b7licitar ajudes per a la contractaci\u00f3 de personal qualificat per a executar el pla de promoci\u00f3 internacional de l&#8217;empresa.<\/p>\n\n\n\n<p>Les despeses extraordin\u00e0ries d&#8217;emmagatzematge temporal a Espanya o a l&#8217;estranger tamb\u00e9 s&#8217;inclouen com a subvencionables, aix\u00ed com les despeses per cancel\u00b7lacions de despatx, o altres despeses no corrents i imprevisibles similars.<\/p>\n\n\n\n<p>A aquests se sumen les despeses de capacitaci\u00f3 del personal de l&#8217;empresa en noves compet\u00e8ncies digitals per a la internacionalitzaci\u00f3 o programes de formaci\u00f3 en comer\u00e7 internacional, les despeses per serveis per a la constituci\u00f3 de consorcis internacionals i xarxes empresarials.<\/p>\n\n\n\n<p>Tamb\u00e9 altres serveis i despeses directament relacionades amb la realitzaci\u00f3 o participaci\u00f3 en accions de promoci\u00f3 internacional, realitzades de manera virtual o presencial.<\/p>\n\n\n\n<p>La presentaci\u00f3 de sol\u00b7licituds i la documentaci\u00f3 annexa per a l&#8217;obtenci\u00f3 de les ajudes regulades en la present convocat\u00f2ria, es realitzar\u00e0 de manera telem\u00e0tica.<\/p>\n","protected":false},"excerpt":{"rendered":"<div class=\"mh-excerpt\">Amb aquestes ajudes, dotades amb 10 milions d&#8217;euros, es dona suport a la participaci\u00f3 en fires internacionals, el desenvolupament dels plans de promoci\u00f3 internacional i altres despeses extres per a afavorir la seua recuperaci\u00f3La Conselleria <a class=\"mh-excerpt-more\" href=\"https:\/\/www.tucomarca.com\/wordpress\/segunda\/ca\/industria-amplia-fins-al-15-de-juliol-el-termini-per-a-sollicitar-les-ajudes-a-limpuls-a-la-internacionalitzacio-per-a-les-empreses-afectades-per-la-dana\/\" title=\"Ind\u00fastria amplia fins al 15 de juliol el termini per a sol\u00b7licitar les ajudes a l&#8217;impuls a la internacionalitzaci\u00f3 per a les empreses afectades per la DANA\">[+] <\/a><\/div>\n","protected":false},"author":12,"featured_media":243928,"comment_status":"open","ping_status":"open","sticky":false,"template":"","format":"standard","meta":{"footnotes":""},"categories":[21466,10898,10948,10894,10904,10903,10947,10896,10897],"tags":[21788,22774,15409,11498],"class_list":{"0":"post-271338","1":"post","2":"type-post","3":"status-publish","4":"format-standard","5":"has-post-thumbnail","7":"category-dana-ca","8":"category-ventana-ca","9":"category-infraestructuras-ca","10":"category-la-comarca-ca","11":"category-sin-categorizar-ca","12":"category-medio-ambiente-la-comarca-ca","13":"category-politica","14":"category-seccion-ca","15":"category-sucesos-la-comarca-ca","16":"tag-ayudas-dana-ca","17":"tag-conselleria-de-industria-ca","18":"tag-dana-2-ca","19":"tag-generalitat-valenciana-ca"},"_links":{"self":[{"href":"https:\/\/www.tucomarca.com\/wordpress\/segunda\/ca\/wp-json\/wp\/v2\/posts\/271338","targetHints":{"allow":["GET"]}}],"collection":[{"href":"https:\/\/www.tucomarca.com\/wordpress\/segunda\/ca\/wp-json\/wp\/v2\/posts"}],"about":[{"href":"https:\/\/www.tucomarca.com\/wordpress\/segunda\/ca\/wp-json\/wp\/v2\/types\/post"}],"author":[{"embeddable":true,"href":"https:\/\/www.tucomarca.com\/wordpress\/segunda\/ca\/wp-json\/wp\/v2\/users\/12"}],"replies":[{"embeddable":true,"href":"https:\/\/www.tucomarca.com\/wordpress\/segunda\/ca\/wp-json\/wp\/v2\/comments?post=271338"}],"version-history":[{"count":0,"href":"https:\/\/www.tucomarca.com\/wordpress\/segunda\/ca\/wp-json\/wp\/v2\/posts\/271338\/revisions"}],"wp:featuredmedia":[{"embeddable":true,"href":"https:\/\/www.tucomarca.com\/wordpress\/segunda\/ca\/wp-json\/wp\/v2\/media\/243928"}],"wp:attachment":[{"href":"https:\/\/www.tucomarca.com\/wordpress\/segunda\/ca\/wp-json\/wp\/v2\/media?parent=271338"}],"wp:term":[{"taxonomy":"category","embeddable":true,"href":"https:\/\/www.tucomarca.com\/wordpress\/segunda\/ca\/wp-json\/wp\/v2\/categories?post=271338"},{"taxonomy":"post_tag","embeddable":true,"href":"https:\/\/www.tucomarca.com\/wordpress\/segunda\/ca\/wp-json\/wp\/v2\/tags?post=271338"}],"curies":[{"name":"wp","href":"https:\/\/api.w.org\/{rel}","templated":true}]}}