{"id":271572,"date":"2025-07-05T12:00:00","date_gmt":"2025-07-05T10:00:00","guid":{"rendered":"https:\/\/www.tucomarca.com\/wordpress\/segunda\/?p=271572"},"modified":"2025-07-07T12:04:06","modified_gmt":"2025-07-07T10:04:06","slug":"paco-gorrea-pspv-psoe-assumeix-lalcaldia-de-lliria-i-relleva-a-joanma-miguel-compromis","status":"publish","type":"post","link":"https:\/\/www.tucomarca.com\/wordpress\/segunda\/ca\/paco-gorrea-pspv-psoe-assumeix-lalcaldia-de-lliria-i-relleva-a-joanma-miguel-compromis\/","title":{"rendered":"Paco Gorrea (PSPV-PSOE) assumeix l&#8217;alcaldia de Ll\u00edria i relleva a Joanma Miguel (Comprom\u00eds)"},"content":{"rendered":"\n<p>Paco Gorrea, del PSPV-PSOE, \u00e9s el nou alcalde de Ll\u00edria per al que resta de legislatura. Aquest divendres ha rebut la vara de comandament, rellevant en el c\u00e0rrec a Joanma Miguel (Comprom\u00eds), en compliment del pacte de govern entre totes dues formacions pol\u00edtiques, que preveia l&#8217;alternan\u00e7a en l&#8217;alcaldia durant el mandat.<\/p>\n\n\n\n<p>El nou primer edil ha manifestat que assumeix el c\u00e0rrec amb \u201corgull, honestedat i la ferma voluntat de fer el millor per a la nostra ciutat\u201d, marcant aix\u00ed l&#8217;inici d&#8217;una nova etapa a Ll\u00edria amb un alcalde socialista al capdavant del govern municipal.<\/p>\n\n\n\n<p>Gorreja ha apostat per una l\u00ednia continuista en la gesti\u00f3, basada en el treball conjunt amb tot l&#8217;equip de Govern. Aix\u00ed mateix, ha dedicat paraules de reconeixement al seu antecessor, Joanma Miguel, agraint-li \u201cel seu lliurament, treball i comprom\u00eds amb Ll\u00edria durant aquests \u00faltims anys\u201d.<\/p>\n\n\n\n<figure class=\"wp-block-gallery has-nested-images columns-default is-cropped wp-block-gallery-1 is-layout-flex wp-block-gallery-is-layout-flex\">\n<figure class=\"wp-block-image size-large\"><img loading=\"lazy\" decoding=\"async\" width=\"1024\" height=\"682\" data-id=\"271569\" src=\"https:\/\/www.tucomarca.com\/wordpress\/segunda\/wp-content\/uploads\/2025\/07\/PacoGorreaAlcaldeLliria2-1024x682.jpg\" alt=\"\" class=\"wp-image-271569\" srcset=\"https:\/\/www.tucomarca.com\/wordpress\/segunda\/wp-content\/uploads\/2025\/07\/PacoGorreaAlcaldeLliria2-1024x682.jpg 1024w, https:\/\/www.tucomarca.com\/wordpress\/segunda\/wp-content\/uploads\/2025\/07\/PacoGorreaAlcaldeLliria2-300x200.jpg 300w, https:\/\/www.tucomarca.com\/wordpress\/segunda\/wp-content\/uploads\/2025\/07\/PacoGorreaAlcaldeLliria2-768x512.jpg 768w, https:\/\/www.tucomarca.com\/wordpress\/segunda\/wp-content\/uploads\/2025\/07\/PacoGorreaAlcaldeLliria2-1536x1024.jpg 1536w, https:\/\/www.tucomarca.com\/wordpress\/segunda\/wp-content\/uploads\/2025\/07\/PacoGorreaAlcaldeLliria2.jpg 2000w\" sizes=\"auto, (max-width: 1024px) 100vw, 1024px\" \/><\/figure>\n\n\n\n<figure class=\"wp-block-image size-large\"><img loading=\"lazy\" decoding=\"async\" width=\"1024\" height=\"682\" data-id=\"271565\" src=\"https:\/\/www.tucomarca.com\/wordpress\/segunda\/wp-content\/uploads\/2025\/07\/PacoGorreaAlcaldeLliria3-1024x682.jpg\" alt=\"\" class=\"wp-image-271565\" srcset=\"https:\/\/www.tucomarca.com\/wordpress\/segunda\/wp-content\/uploads\/2025\/07\/PacoGorreaAlcaldeLliria3-1024x682.jpg 1024w, https:\/\/www.tucomarca.com\/wordpress\/segunda\/wp-content\/uploads\/2025\/07\/PacoGorreaAlcaldeLliria3-300x200.jpg 300w, https:\/\/www.tucomarca.com\/wordpress\/segunda\/wp-content\/uploads\/2025\/07\/PacoGorreaAlcaldeLliria3-768x512.jpg 768w, https:\/\/www.tucomarca.com\/wordpress\/segunda\/wp-content\/uploads\/2025\/07\/PacoGorreaAlcaldeLliria3-1536x1024.jpg 1536w, https:\/\/www.tucomarca.com\/wordpress\/segunda\/wp-content\/uploads\/2025\/07\/PacoGorreaAlcaldeLliria3.jpg 2000w\" sizes=\"auto, (max-width: 1024px) 100vw, 1024px\" \/><\/figure>\n<\/figure>\n","protected":false},"excerpt":{"rendered":"<div class=\"mh-excerpt\">Paco Gorrea, del PSPV-PSOE, \u00e9s el nou alcalde de Ll\u00edria per al que resta de legislatura. Aquest divendres ha rebut la vara de comandament, rellevant en el c\u00e0rrec a Joanma Miguel (Comprom\u00eds), en compliment del <a class=\"mh-excerpt-more\" href=\"https:\/\/www.tucomarca.com\/wordpress\/segunda\/ca\/paco-gorrea-pspv-psoe-assumeix-lalcaldia-de-lliria-i-relleva-a-joanma-miguel-compromis\/\" title=\"Paco Gorrea (PSPV-PSOE) assumeix l&#8217;alcaldia de Ll\u00edria i relleva a Joanma Miguel (Comprom\u00eds)\">[+] <\/a><\/div>\n","protected":false},"author":12,"featured_media":271568,"comment_status":"open","ping_status":"open","sticky":false,"template":"","format":"gallery","meta":{"footnotes":""},"categories":[10892,10898,10948,10894,10928,10947,10896],"tags":[10899,11070,11319],"class_list":{"0":"post-271572","1":"post","2":"type-post","3":"status-publish","4":"format-gallery","5":"has-post-thumbnail","7":"category-camp-de-turia-ca","8":"category-ventana-ca","9":"category-infraestructuras-ca","10":"category-la-comarca-ca","11":"category-lliria-ca","12":"category-politica","13":"category-seccion-ca","14":"tag-camp-de-turia-ca","15":"tag-lliria-ca","16":"tag-pspv-psoe-ca","17":"post_format-post-format-gallery"},"_links":{"self":[{"href":"https:\/\/www.tucomarca.com\/wordpress\/segunda\/ca\/wp-json\/wp\/v2\/posts\/271572","targetHints":{"allow":["GET"]}}],"collection":[{"href":"https:\/\/www.tucomarca.com\/wordpress\/segunda\/ca\/wp-json\/wp\/v2\/posts"}],"about":[{"href":"https:\/\/www.tucomarca.com\/wordpress\/segunda\/ca\/wp-json\/wp\/v2\/types\/post"}],"author":[{"embeddable":true,"href":"https:\/\/www.tucomarca.com\/wordpress\/segunda\/ca\/wp-json\/wp\/v2\/users\/12"}],"replies":[{"embeddable":true,"href":"https:\/\/www.tucomarca.com\/wordpress\/segunda\/ca\/wp-json\/wp\/v2\/comments?post=271572"}],"version-history":[{"count":0,"href":"https:\/\/www.tucomarca.com\/wordpress\/segunda\/ca\/wp-json\/wp\/v2\/posts\/271572\/revisions"}],"wp:featuredmedia":[{"embeddable":true,"href":"https:\/\/www.tucomarca.com\/wordpress\/segunda\/ca\/wp-json\/wp\/v2\/media\/271568"}],"wp:attachment":[{"href":"https:\/\/www.tucomarca.com\/wordpress\/segunda\/ca\/wp-json\/wp\/v2\/media?parent=271572"}],"wp:term":[{"taxonomy":"category","embeddable":true,"href":"https:\/\/www.tucomarca.com\/wordpress\/segunda\/ca\/wp-json\/wp\/v2\/categories?post=271572"},{"taxonomy":"post_tag","embeddable":true,"href":"https:\/\/www.tucomarca.com\/wordpress\/segunda\/ca\/wp-json\/wp\/v2\/tags?post=271572"}],"curies":[{"name":"wp","href":"https:\/\/api.w.org\/{rel}","templated":true}]}}