{"id":271612,"date":"2025-07-07T09:30:00","date_gmt":"2025-07-07T07:30:00","guid":{"rendered":"https:\/\/www.tucomarca.com\/wordpress\/segunda\/?p=271612"},"modified":"2025-07-07T18:03:18","modified_gmt":"2025-07-07T16:03:18","slug":"sanitat-duplica-les-ajudes-per-al-desenvolupament-dactivitat-de-la-unitat-de-prevencio-comunitaria-de-conductes-addictives-de-la-mancomunitat-de-la-foia","status":"publish","type":"post","link":"https:\/\/www.tucomarca.com\/wordpress\/segunda\/ca\/sanitat-duplica-les-ajudes-per-al-desenvolupament-dactivitat-de-la-unitat-de-prevencio-comunitaria-de-conductes-addictives-de-la-mancomunitat-de-la-foia\/","title":{"rendered":"Sanitat duplica les ajudes per al desenvolupament d&#8217;activitat de la Unitat de Prevenci\u00f3 Comunit\u00e0ria de Conductes Addictives de la Mancomunitat de la Foia"},"content":{"rendered":"\n<p>La direcci\u00f3 general de Salut Mental i Addiccions de la Conselleria de Sanitat ha fet p\u00fablica la resoluci\u00f3 d&#8217;entitats finan\u00e7ades dins dels seus programes de salut mental finan\u00e7ament de despeses corrents d&#8217;unitats de prevenci\u00f3 comunit\u00e0ria i programes de prevenci\u00f3 de drogodepend\u00e8ncies i altres trastorns addictius.<\/p>\n\n\n\n<p>La resoluci\u00f3 de la convocat\u00f2ria 2025, duplica la subvenci\u00f3 aportada fins a la data per al manteniment de la Unitat de Prevenci\u00f3 comunit\u00e0ria de conductes Addictives de la mancomnidad, aconseguint en l present convocat\u00f2ria els 33.000 euros de finan\u00e7ament.<\/p>\n\n\n\n<p>L&#8217;augment en la dotaci\u00f3 de l&#8217;ajuda suposa per a la Mancomunitat ; el reconeixement al treball que realitzen els equips professionals d&#8217;aquesta unitat des del 2022 (primera anualitat en la qual va ser concedida aquesta ajuda per al desenvolupament de programes).<\/p>\n\n\n\n<p>Actualment la UPCCA de la Mancomunitat presta servei als municipis de Dosaig\u00fces, I\u00e0tova, Macastre, Millars, Godelleta, Setaig\u00fces i Alboraig.<\/p>\n\n\n\n<p>En termes generals la UPCCA desenvolupa en els municipis beneficiaris accions a la poblaci\u00f3 en general orientades a la sensibilitzaci\u00f3, suport familiar, promoci\u00f3 d&#8217;autonomia personal, atenci\u00f3 a joves i prevenci\u00f3 en centres educatius, entre altres mat\u00e8ries.<\/p>\n\n\n\n<p><\/p>\n","protected":false},"excerpt":{"rendered":"<div class=\"mh-excerpt\">La direcci\u00f3 general de Salut Mental i Addiccions de la Conselleria de Sanitat ha fet p\u00fablica la resoluci\u00f3 d&#8217;entitats finan\u00e7ades dins dels seus programes de salut mental finan\u00e7ament de despeses corrents d&#8217;unitats de prevenci\u00f3 comunit\u00e0ria <a class=\"mh-excerpt-more\" href=\"https:\/\/www.tucomarca.com\/wordpress\/segunda\/ca\/sanitat-duplica-les-ajudes-per-al-desenvolupament-dactivitat-de-la-unitat-de-prevencio-comunitaria-de-conductes-addictives-de-la-mancomunitat-de-la-foia\/\" title=\"Sanitat duplica les ajudes per al desenvolupament d&#8217;activitat de la Unitat de Prevenci\u00f3 Comunit\u00e0ria de Conductes Addictives de la Mancomunitat de la Foia\">[+] <\/a><\/div>\n","protected":false},"author":12,"featured_media":271611,"comment_status":"open","ping_status":"open","sticky":false,"template":"","format":"standard","meta":{"footnotes":""},"categories":[10973,11010,10976,10977,10980,10963,10894,10912,10978,10970,10947,10896,10979],"tags":[10914,11514,12315],"class_list":{"0":"post-271612","1":"post","2":"type-post","3":"status-publish","4":"format-standard","5":"has-post-thumbnail","7":"category-alborache-ca","8":"category-canal-salud","9":"category-dos-aguas-ca","10":"category-godelleta-ca","11":"category-yatova-ca","12":"category-la-canal-de-navarres-ca","13":"category-la-comarca-ca","14":"category-la-hoya-ca","15":"category-macastre-ca","16":"category-millares-ca","17":"category-politica","18":"category-seccion-ca","19":"category-siete-aguas-ca","20":"tag-la-hoya-de-bunol-chiva-ca","21":"tag-mancomunidad-de-la-hoya-de-bunol-chiva-ca","22":"tag-upcca-ca"},"_links":{"self":[{"href":"https:\/\/www.tucomarca.com\/wordpress\/segunda\/ca\/wp-json\/wp\/v2\/posts\/271612","targetHints":{"allow":["GET"]}}],"collection":[{"href":"https:\/\/www.tucomarca.com\/wordpress\/segunda\/ca\/wp-json\/wp\/v2\/posts"}],"about":[{"href":"https:\/\/www.tucomarca.com\/wordpress\/segunda\/ca\/wp-json\/wp\/v2\/types\/post"}],"author":[{"embeddable":true,"href":"https:\/\/www.tucomarca.com\/wordpress\/segunda\/ca\/wp-json\/wp\/v2\/users\/12"}],"replies":[{"embeddable":true,"href":"https:\/\/www.tucomarca.com\/wordpress\/segunda\/ca\/wp-json\/wp\/v2\/comments?post=271612"}],"version-history":[{"count":0,"href":"https:\/\/www.tucomarca.com\/wordpress\/segunda\/ca\/wp-json\/wp\/v2\/posts\/271612\/revisions"}],"wp:featuredmedia":[{"embeddable":true,"href":"https:\/\/www.tucomarca.com\/wordpress\/segunda\/ca\/wp-json\/wp\/v2\/media\/271611"}],"wp:attachment":[{"href":"https:\/\/www.tucomarca.com\/wordpress\/segunda\/ca\/wp-json\/wp\/v2\/media?parent=271612"}],"wp:term":[{"taxonomy":"category","embeddable":true,"href":"https:\/\/www.tucomarca.com\/wordpress\/segunda\/ca\/wp-json\/wp\/v2\/categories?post=271612"},{"taxonomy":"post_tag","embeddable":true,"href":"https:\/\/www.tucomarca.com\/wordpress\/segunda\/ca\/wp-json\/wp\/v2\/tags?post=271612"}],"curies":[{"name":"wp","href":"https:\/\/api.w.org\/{rel}","templated":true}]}}