{"id":271795,"date":"2025-07-08T12:15:00","date_gmt":"2025-07-08T10:15:00","guid":{"rendered":"https:\/\/www.tucomarca.com\/wordpress\/segunda\/?p=271795"},"modified":"2025-07-08T19:38:09","modified_gmt":"2025-07-08T17:38:09","slug":"catorze-joves-i-dues-monitores-visiten-benaguasil-en-el-marc-de-lintercanvi-amb-guardistallo","status":"publish","type":"post","link":"https:\/\/www.tucomarca.com\/wordpress\/segunda\/ca\/catorze-joves-i-dues-monitores-visiten-benaguasil-en-el-marc-de-lintercanvi-amb-guardistallo\/","title":{"rendered":"Catorze joves i dues monitores visiten Benaguasil en el marc de l&#8217;intercanvi amb Guardistallo"},"content":{"rendered":"\n<h3 class=\"wp-block-heading\">Romandran fins al dia 14 i participaran en diferents activitats.<\/h3>\n\n\n\n<p>L&#8217;Ajuntament de Benaguasil ha rebut aquest mat\u00ed a 14 joves italians i a dues monitores en el marc de l&#8217;intercanvi juvenil amb Guardistallo, localitat amb la qual Benaguasil est\u00e0 agermanada.<\/p>\n\n\n\n<p>El grup ha sigut rebut en el sal\u00f3 de Plens per l&#8217;alcalde, Ximo Segarra i per diversos regidors que els han donat la benvinguda i convidat a gaudir d&#8217;aquesta experi\u00e8ncia que els permetr\u00e0 con\u00e9ixer altres costums, idioma, cultura i gastronomia. Tamb\u00e9 all\u00ed els esperaven els joves de Benaguasil que els allotjaran a les seues cases i que del 24 al 30 de juny ja van viatjar a Guardistallo.<\/p>\n\n\n\n<p>Els joves que, estaran una setmana a Benaguasil, gaudiran d&#8217;una intensa agenda d&#8217;activitats a l&#8217;aire lliure, aqu\u00e0tiques, excursions i visites a llocs emblem\u00e0tics.<\/p>\n\n\n\n<p>Es tracta del segon any que t\u00e9 lloc aquest intercanvi entre totes dues localitats que suposa una oportunitat per a enfortir l&#8217;agermanament, refor\u00e7ar els lla\u00e7os d&#8217;amistat entre els joves i compartir experi\u00e8ncies enriquidores.<\/p>\n","protected":false},"excerpt":{"rendered":"<div class=\"mh-excerpt\">Romandran fins al dia 14 i participaran en diferents activitats. L&#8217;Ajuntament de Benaguasil ha rebut aquest mat\u00ed a 14 joves italians i a dues monitores en el marc de l&#8217;intercanvi juvenil amb Guardistallo, localitat amb <a class=\"mh-excerpt-more\" href=\"https:\/\/www.tucomarca.com\/wordpress\/segunda\/ca\/catorze-joves-i-dues-monitores-visiten-benaguasil-en-el-marc-de-lintercanvi-amb-guardistallo\/\" title=\"Catorze joves i dues monitores visiten Benaguasil en el marc de l&#8217;intercanvi amb Guardistallo\">[+] <\/a><\/div>\n","protected":false},"author":1,"featured_media":271793,"comment_status":"open","ping_status":"open","sticky":false,"template":"","format":"standard","meta":{"footnotes":""},"categories":[10952,10892,10894,11007,10896],"tags":[11136,10899],"class_list":{"0":"post-271795","1":"post","2":"type-post","3":"status-publish","4":"format-standard","5":"has-post-thumbnail","7":"category-benaguasil-ca","8":"category-camp-de-turia-ca","9":"category-la-comarca-ca","10":"category-ocio-y-cultura-ca","11":"category-seccion-ca","12":"tag-benaguasil-ca","13":"tag-camp-de-turia-ca"},"_links":{"self":[{"href":"https:\/\/www.tucomarca.com\/wordpress\/segunda\/ca\/wp-json\/wp\/v2\/posts\/271795","targetHints":{"allow":["GET"]}}],"collection":[{"href":"https:\/\/www.tucomarca.com\/wordpress\/segunda\/ca\/wp-json\/wp\/v2\/posts"}],"about":[{"href":"https:\/\/www.tucomarca.com\/wordpress\/segunda\/ca\/wp-json\/wp\/v2\/types\/post"}],"author":[{"embeddable":true,"href":"https:\/\/www.tucomarca.com\/wordpress\/segunda\/ca\/wp-json\/wp\/v2\/users\/1"}],"replies":[{"embeddable":true,"href":"https:\/\/www.tucomarca.com\/wordpress\/segunda\/ca\/wp-json\/wp\/v2\/comments?post=271795"}],"version-history":[{"count":0,"href":"https:\/\/www.tucomarca.com\/wordpress\/segunda\/ca\/wp-json\/wp\/v2\/posts\/271795\/revisions"}],"wp:featuredmedia":[{"embeddable":true,"href":"https:\/\/www.tucomarca.com\/wordpress\/segunda\/ca\/wp-json\/wp\/v2\/media\/271793"}],"wp:attachment":[{"href":"https:\/\/www.tucomarca.com\/wordpress\/segunda\/ca\/wp-json\/wp\/v2\/media?parent=271795"}],"wp:term":[{"taxonomy":"category","embeddable":true,"href":"https:\/\/www.tucomarca.com\/wordpress\/segunda\/ca\/wp-json\/wp\/v2\/categories?post=271795"},{"taxonomy":"post_tag","embeddable":true,"href":"https:\/\/www.tucomarca.com\/wordpress\/segunda\/ca\/wp-json\/wp\/v2\/tags?post=271795"}],"curies":[{"name":"wp","href":"https:\/\/api.w.org\/{rel}","templated":true}]}}