{"id":271815,"date":"2025-07-08T12:15:00","date_gmt":"2025-07-08T10:15:00","guid":{"rendered":"https:\/\/www.tucomarca.com\/wordpress\/segunda\/?p=271815"},"modified":"2025-07-08T20:15:05","modified_gmt":"2025-07-08T18:15:05","slug":"una-parella-descobreix-que-era-enverinada-per-loncle-della-despres-dinstallar-cambres-a-la-seua-casa-de-requena","status":"publish","type":"post","link":"https:\/\/www.tucomarca.com\/wordpress\/segunda\/ca\/una-parella-descobreix-que-era-enverinada-per-loncle-della-despres-dinstallar-cambres-a-la-seua-casa-de-requena\/","title":{"rendered":"Una parella descobreix que era enverinada per l&#8217;oncle d&#8217;ella despr\u00e9s d&#8217;instal\u00b7lar cambres a la seua casa de Requena"},"content":{"rendered":"\n<p>Una parella de Requena portava mesos patint greus problemes estomacals i fins i tot ingressos en l&#8217;UCI sense causa aparent. <\/p>\n\n\n\n<p>La sorpresa va arribar quan van instal\u00b7lar cambres en el seu domicili i van descobrir que l&#8217;oncle de la dona, amb qui la seua fam\u00edlia mantenia una disputa per her\u00e8ncia, entrava d&#8217;amagat a la seua casa i suposadament manipulava aliments. Els investigadors sospiten que podria tractar-se del pot de qu\u00e8txup, amb una subst\u00e0ncia desconeguda. <\/p>\n\n\n\n<p>Va ser detingut per la Gu\u00e0rdia Civil, que va trobar productes t\u00f2xics en el seu habitatge, encara que no el flasc\u00f3 blanc captat en les gravacions. <\/p>\n\n\n\n<p>Malgrat les proves, la jutgessa va deixar en llibertat al sospit\u00f3s sense ordre d&#8217;allunyament, la qual cosa ha obligat les v\u00edctimes a abandonar la seua llar i rebre tractament psicol\u00f2gic.<\/p>\n","protected":false},"excerpt":{"rendered":"<div class=\"mh-excerpt\">Una parella de Requena portava mesos patint greus problemes estomacals i fins i tot ingressos en l&#8217;UCI sense causa aparent. La sorpresa va arribar quan van instal\u00b7lar cambres en el seu domicili i van descobrir <a class=\"mh-excerpt-more\" href=\"https:\/\/www.tucomarca.com\/wordpress\/segunda\/ca\/una-parella-descobreix-que-era-enverinada-per-loncle-della-despres-dinstallar-cambres-a-la-seua-casa-de-requena\/\" title=\"Una parella descobreix que era enverinada per l&#8217;oncle d&#8217;ella despr\u00e9s d&#8217;instal\u00b7lar cambres a la seua casa de Requena\">[+] <\/a><\/div>\n","protected":false},"author":12,"featured_media":271813,"comment_status":"open","ping_status":"open","sticky":false,"template":"","format":"standard","meta":{"footnotes":""},"categories":[10898,10894,10904,10908,10909,10896,10897],"tags":[22797,11099,10910],"class_list":{"0":"post-271815","1":"post","2":"type-post","3":"status-publish","4":"format-standard","5":"has-post-thumbnail","7":"category-ventana-ca","8":"category-la-comarca-ca","9":"category-sin-categorizar-ca","10":"category-requena-ca","11":"category-requena-utiel-ca","12":"category-seccion-ca","13":"category-sucesos-la-comarca-ca","14":"tag-envenenamiento-ca","15":"tag-requena-ca","16":"tag-requena-utiel-ca"},"_links":{"self":[{"href":"https:\/\/www.tucomarca.com\/wordpress\/segunda\/ca\/wp-json\/wp\/v2\/posts\/271815","targetHints":{"allow":["GET"]}}],"collection":[{"href":"https:\/\/www.tucomarca.com\/wordpress\/segunda\/ca\/wp-json\/wp\/v2\/posts"}],"about":[{"href":"https:\/\/www.tucomarca.com\/wordpress\/segunda\/ca\/wp-json\/wp\/v2\/types\/post"}],"author":[{"embeddable":true,"href":"https:\/\/www.tucomarca.com\/wordpress\/segunda\/ca\/wp-json\/wp\/v2\/users\/12"}],"replies":[{"embeddable":true,"href":"https:\/\/www.tucomarca.com\/wordpress\/segunda\/ca\/wp-json\/wp\/v2\/comments?post=271815"}],"version-history":[{"count":0,"href":"https:\/\/www.tucomarca.com\/wordpress\/segunda\/ca\/wp-json\/wp\/v2\/posts\/271815\/revisions"}],"wp:featuredmedia":[{"embeddable":true,"href":"https:\/\/www.tucomarca.com\/wordpress\/segunda\/ca\/wp-json\/wp\/v2\/media\/271813"}],"wp:attachment":[{"href":"https:\/\/www.tucomarca.com\/wordpress\/segunda\/ca\/wp-json\/wp\/v2\/media?parent=271815"}],"wp:term":[{"taxonomy":"category","embeddable":true,"href":"https:\/\/www.tucomarca.com\/wordpress\/segunda\/ca\/wp-json\/wp\/v2\/categories?post=271815"},{"taxonomy":"post_tag","embeddable":true,"href":"https:\/\/www.tucomarca.com\/wordpress\/segunda\/ca\/wp-json\/wp\/v2\/tags?post=271815"}],"curies":[{"name":"wp","href":"https:\/\/api.w.org\/{rel}","templated":true}]}}