{"id":271913,"date":"2025-07-10T09:15:00","date_gmt":"2025-07-10T07:15:00","guid":{"rendered":"https:\/\/www.tucomarca.com\/wordpress\/segunda\/?p=271913"},"modified":"2025-07-10T12:36:02","modified_gmt":"2025-07-10T10:36:02","slug":"bunyol-viu-un-intens-cap-de-setmana-cultural-amb-musica-lirica-i-circ-contemporani","status":"publish","type":"post","link":"https:\/\/www.tucomarca.com\/wordpress\/segunda\/ca\/bunyol-viu-un-intens-cap-de-setmana-cultural-amb-musica-lirica-i-circ-contemporani\/","title":{"rendered":"Bunyol viu un intens cap de setmana cultural amb m\u00fasica, l\u00edrica i circ contemporani"},"content":{"rendered":"\n<p>Bunyol es prepara per a un cap de setmana replet d&#8217;activitats culturals per a tots els gustos i edats. Entre el divendres 11 i el diumenge 13 de juliol, el municipi acollir\u00e0 tres esdeveniments que combinen m\u00fasica simf\u00f2nica, gala l\u00edrica i arts esc\u00e8niques contempor\u00e0nies.<\/p>\n\n\n\n<p><strong>Divendres 11 de juliol, a les 22,30 h, a l&#8217;Auditori de Sant Llu\u00eds<br><\/strong>La companyia Dues en suspens presenta el seu espectacle &#8220;Fa\u00fcla&#8221;, una innovadora proposta esc\u00e8nica que mescla teatre f\u00edsic, humor i circ contemporani, en un muntatge visualment impactant. Les entrades estaran disponibles en taquilla al preu de 5 euros.<\/p>\n\n\n\n<p><strong>Dissabte 12 de juliol, al les 22,30 h, a l&#8217;Auditori de Sant Llu\u00eds<br><\/strong>La Banda Simf\u00f2nica C.I.M. L&#8217;Harm\u00f2nica oferir\u00e0 un concert gratu\u00eft titulat \u201cTres mirades musicals sobre Leonardo da Vinci\u201d, sota la direcci\u00f3 de Sa\u00fcl G\u00f3mez Soler. El programa inclou obres de Ferrer Ferran, Otto M. Schwarz i Johan de Meij, a m\u00e9s de la suite simf\u00f2nica &#8220;Leonardo Dreams&#8221;, composta pel mateix G\u00f3mez Soler.<\/p>\n\n\n\n<p><strong>Diumenge 13 de juliol, a les 19,30 h, en el Palau de la M\u00fasica<br><\/strong>Se celebrar\u00e0 una Gala L\u00edrica Ben\u00e8fica per a recaptar fons destinats a la reconstrucci\u00f3 del Conservatori Professional de M\u00fasica d&#8217;Utiel. El concert comptar\u00e0 amb la soprano M\u00aa Carmen Fortea, el tenor Javier Palacios i el pianista Francisco E. Herv\u00e1s, a m\u00e9s de la Coral Polif\u00f2nica del C.I.M. &#8220;L&#8217;Harm\u00f2nica&#8221;, dirigida per Jos\u00e9 Carrascosa Navarro. L&#8217;entrada t\u00e9 un cost de 5 euros.<\/p>\n\n\n\n<figure class=\"wp-block-gallery has-nested-images columns-2 is-cropped wp-block-gallery-1 is-layout-flex wp-block-gallery-is-layout-flex\">\n<figure class=\"wp-block-image size-large\"><img loading=\"lazy\" decoding=\"async\" width=\"728\" height=\"1024\" data-id=\"271908\" src=\"https:\/\/www.tucomarca.com\/wordpress\/segunda\/wp-content\/uploads\/2025\/07\/image-728x1024.png\" alt=\"\" class=\"wp-image-271908\" srcset=\"https:\/\/www.tucomarca.com\/wordpress\/segunda\/wp-content\/uploads\/2025\/07\/image-728x1024.png 728w, https:\/\/www.tucomarca.com\/wordpress\/segunda\/wp-content\/uploads\/2025\/07\/image-213x300.png 213w, https:\/\/www.tucomarca.com\/wordpress\/segunda\/wp-content\/uploads\/2025\/07\/image-768x1080.png 768w, https:\/\/www.tucomarca.com\/wordpress\/segunda\/wp-content\/uploads\/2025\/07\/image-1093x1536.png 1093w, https:\/\/www.tucomarca.com\/wordpress\/segunda\/wp-content\/uploads\/2025\/07\/image-1457x2048.png 1457w, https:\/\/www.tucomarca.com\/wordpress\/segunda\/wp-content\/uploads\/2025\/07\/image.png 1920w\" sizes=\"auto, (max-width: 728px) 100vw, 728px\" \/><\/figure>\n\n\n\n<figure class=\"wp-block-image size-large\"><img loading=\"lazy\" decoding=\"async\" width=\"687\" height=\"1024\" data-id=\"271904\" src=\"https:\/\/www.tucomarca.com\/wordpress\/segunda\/wp-content\/uploads\/2025\/07\/programalitro-12.07.25-687x1024.jpg\" alt=\"\" class=\"wp-image-271904\" srcset=\"https:\/\/www.tucomarca.com\/wordpress\/segunda\/wp-content\/uploads\/2025\/07\/programalitro-12.07.25-687x1024.jpg 687w, https:\/\/www.tucomarca.com\/wordpress\/segunda\/wp-content\/uploads\/2025\/07\/programalitro-12.07.25-201x300.jpg 201w, https:\/\/www.tucomarca.com\/wordpress\/segunda\/wp-content\/uploads\/2025\/07\/programalitro-12.07.25-768x1145.jpg 768w, https:\/\/www.tucomarca.com\/wordpress\/segunda\/wp-content\/uploads\/2025\/07\/programalitro-12.07.25-1030x1536.jpg 1030w, https:\/\/www.tucomarca.com\/wordpress\/segunda\/wp-content\/uploads\/2025\/07\/programalitro-12.07.25.jpg 1143w\" sizes=\"auto, (max-width: 687px) 100vw, 687px\" \/><\/figure>\n\n\n\n<figure class=\"wp-block-image size-large\"><img loading=\"lazy\" decoding=\"async\" width=\"509\" height=\"720\" data-id=\"271906\" src=\"https:\/\/www.tucomarca.com\/wordpress\/segunda\/wp-content\/uploads\/2025\/07\/image2.png\" alt=\"\" class=\"wp-image-271906\" srcset=\"https:\/\/www.tucomarca.com\/wordpress\/segunda\/wp-content\/uploads\/2025\/07\/image2.png 509w, https:\/\/www.tucomarca.com\/wordpress\/segunda\/wp-content\/uploads\/2025\/07\/image2-212x300.png 212w\" sizes=\"auto, (max-width: 509px) 100vw, 509px\" \/><\/figure>\n<\/figure>\n","protected":false},"excerpt":{"rendered":"<div class=\"mh-excerpt\">Bunyol es prepara per a un cap de setmana replet d&#8217;activitats culturals per a tots els gustos i edats. Entre el divendres 11 i el diumenge 13 de juliol, el municipi acollir\u00e0 tres esdeveniments que <a class=\"mh-excerpt-more\" href=\"https:\/\/www.tucomarca.com\/wordpress\/segunda\/ca\/bunyol-viu-un-intens-cap-de-setmana-cultural-amb-musica-lirica-i-circ-contemporani\/\" title=\"Bunyol viu un intens cap de setmana cultural amb m\u00fasica, l\u00edrica i circ contemporani\">[+] <\/a><\/div>\n","protected":false},"author":12,"featured_media":271907,"comment_status":"open","ping_status":"open","sticky":false,"template":"","format":"standard","meta":{"footnotes":""},"categories":[11019,10911,11005,10894,10912,11007,10909,10896,11059],"tags":[13872,10913,10914],"class_list":{"0":"post-271913","1":"post","2":"type-post","3":"status-publish","4":"format-standard","5":"has-post-thumbnail","7":"category-agenda-ca","8":"category-bunol-ca","9":"category-canal-musica","10":"category-la-comarca-ca","11":"category-la-hoya-ca","12":"category-ocio-y-cultura-ca","13":"category-requena-utiel-ca","14":"category-seccion-ca","15":"category-utiel-ca","16":"tag-agenda-cultural-ca","17":"tag-bunol-ca","18":"tag-la-hoya-de-bunol-chiva-ca"},"_links":{"self":[{"href":"https:\/\/www.tucomarca.com\/wordpress\/segunda\/ca\/wp-json\/wp\/v2\/posts\/271913","targetHints":{"allow":["GET"]}}],"collection":[{"href":"https:\/\/www.tucomarca.com\/wordpress\/segunda\/ca\/wp-json\/wp\/v2\/posts"}],"about":[{"href":"https:\/\/www.tucomarca.com\/wordpress\/segunda\/ca\/wp-json\/wp\/v2\/types\/post"}],"author":[{"embeddable":true,"href":"https:\/\/www.tucomarca.com\/wordpress\/segunda\/ca\/wp-json\/wp\/v2\/users\/12"}],"replies":[{"embeddable":true,"href":"https:\/\/www.tucomarca.com\/wordpress\/segunda\/ca\/wp-json\/wp\/v2\/comments?post=271913"}],"version-history":[{"count":0,"href":"https:\/\/www.tucomarca.com\/wordpress\/segunda\/ca\/wp-json\/wp\/v2\/posts\/271913\/revisions"}],"wp:featuredmedia":[{"embeddable":true,"href":"https:\/\/www.tucomarca.com\/wordpress\/segunda\/ca\/wp-json\/wp\/v2\/media\/271907"}],"wp:attachment":[{"href":"https:\/\/www.tucomarca.com\/wordpress\/segunda\/ca\/wp-json\/wp\/v2\/media?parent=271913"}],"wp:term":[{"taxonomy":"category","embeddable":true,"href":"https:\/\/www.tucomarca.com\/wordpress\/segunda\/ca\/wp-json\/wp\/v2\/categories?post=271913"},{"taxonomy":"post_tag","embeddable":true,"href":"https:\/\/www.tucomarca.com\/wordpress\/segunda\/ca\/wp-json\/wp\/v2\/tags?post=271913"}],"curies":[{"name":"wp","href":"https:\/\/api.w.org\/{rel}","templated":true}]}}