{"id":271998,"date":"2025-07-11T08:45:00","date_gmt":"2025-07-11T06:45:00","guid":{"rendered":"https:\/\/www.tucomarca.com\/wordpress\/segunda\/?p=271998"},"modified":"2025-07-11T09:42:11","modified_gmt":"2025-07-11T07:42:11","slug":"les-nits-dels-dimecres-de-juliol-i-agost-son-de-cinema-a-setaigues","status":"publish","type":"post","link":"https:\/\/www.tucomarca.com\/wordpress\/segunda\/ca\/les-nits-dels-dimecres-de-juliol-i-agost-son-de-cinema-a-setaigues\/","title":{"rendered":"Les nits dels dimecres de juliol i agost s\u00f3n \u201cde cinema\u201d a Setaig\u00fces"},"content":{"rendered":"\n<p>L&#8217;Ajuntament de Setaig\u00fces posa en marxa un any m\u00e9s el seu tradicional Cinema d&#8217;Estiu, una cita imprescindible en el calendari cultural estival de la localitat. Les projeccions tindran lloc al pati del CEIP Vicente Aleixandre, a l&#8217;aire lliure i sota les estreles, oferint una proposta perfecta per a gaudir del cinema en un ambient relaxat i familiar.<\/p>\n\n\n\n<p>Les sessions se celebraran tots els dimecres de juliol i agost a les 22.30 hores, amb obertura de la taquilla una hora abans de l&#8217;inici. L&#8217;entrada general tindr\u00e0 un preu de 4,50 euros.<\/p>\n\n\n\n<p>Aquest cicle estiuenc promet portar una selecci\u00f3 variada de pel\u00b7l\u00edcules per a tots els p\u00fablics, des de grans \u00e8xits recents fins a cinema familiar i d&#8217;aventures, afavorint aix\u00ed la trobada ve\u00efnal i la dinamitzaci\u00f3 de les nits estivals en el municipi.<\/p>\n\n\n\n<p>Des de l&#8217;organitzaci\u00f3 es recomana acudir amb antelaci\u00f3 per a facilitar l&#8217;acc\u00e9s i trobar bona ubicaci\u00f3, especialment en les jornades amb major aflu\u00e8ncia.<\/p>\n\n\n\n<p>El Cinema d&#8217;Estiu a Setaig\u00fces es consolida aix\u00ed com un pla cultural i social ideal per a compartir amb amics, en parella o en fam\u00edlia, en un entorn segur i agradable.<\/p>\n","protected":false},"excerpt":{"rendered":"<div class=\"mh-excerpt\">L&#8217;Ajuntament de Setaig\u00fces posa en marxa un any m\u00e9s el seu tradicional Cinema d&#8217;Estiu, una cita imprescindible en el calendari cultural estival de la localitat. Les projeccions tindran lloc al pati del CEIP Vicente Aleixandre, <a class=\"mh-excerpt-more\" href=\"https:\/\/www.tucomarca.com\/wordpress\/segunda\/ca\/les-nits-dels-dimecres-de-juliol-i-agost-son-de-cinema-a-setaigues\/\" title=\"Les nits dels dimecres de juliol i agost s\u00f3n \u201cde cinema\u201d a Setaig\u00fces\">[+] <\/a><\/div>\n","protected":false},"author":12,"featured_media":271997,"comment_status":"open","ping_status":"open","sticky":false,"template":"","format":"standard","meta":{"footnotes":""},"categories":[11019,10894,10912,11007,10896,10979],"tags":[11717,10914,11157],"class_list":{"0":"post-271998","1":"post","2":"type-post","3":"status-publish","4":"format-standard","5":"has-post-thumbnail","7":"category-agenda-ca","8":"category-la-comarca-ca","9":"category-la-hoya-ca","10":"category-ocio-y-cultura-ca","11":"category-seccion-ca","12":"category-siete-aguas-ca","13":"tag-cine-de-verano-ca","14":"tag-la-hoya-de-bunol-chiva-ca","15":"tag-siete-aguas-ca"},"_links":{"self":[{"href":"https:\/\/www.tucomarca.com\/wordpress\/segunda\/ca\/wp-json\/wp\/v2\/posts\/271998","targetHints":{"allow":["GET"]}}],"collection":[{"href":"https:\/\/www.tucomarca.com\/wordpress\/segunda\/ca\/wp-json\/wp\/v2\/posts"}],"about":[{"href":"https:\/\/www.tucomarca.com\/wordpress\/segunda\/ca\/wp-json\/wp\/v2\/types\/post"}],"author":[{"embeddable":true,"href":"https:\/\/www.tucomarca.com\/wordpress\/segunda\/ca\/wp-json\/wp\/v2\/users\/12"}],"replies":[{"embeddable":true,"href":"https:\/\/www.tucomarca.com\/wordpress\/segunda\/ca\/wp-json\/wp\/v2\/comments?post=271998"}],"version-history":[{"count":0,"href":"https:\/\/www.tucomarca.com\/wordpress\/segunda\/ca\/wp-json\/wp\/v2\/posts\/271998\/revisions"}],"wp:featuredmedia":[{"embeddable":true,"href":"https:\/\/www.tucomarca.com\/wordpress\/segunda\/ca\/wp-json\/wp\/v2\/media\/271997"}],"wp:attachment":[{"href":"https:\/\/www.tucomarca.com\/wordpress\/segunda\/ca\/wp-json\/wp\/v2\/media?parent=271998"}],"wp:term":[{"taxonomy":"category","embeddable":true,"href":"https:\/\/www.tucomarca.com\/wordpress\/segunda\/ca\/wp-json\/wp\/v2\/categories?post=271998"},{"taxonomy":"post_tag","embeddable":true,"href":"https:\/\/www.tucomarca.com\/wordpress\/segunda\/ca\/wp-json\/wp\/v2\/tags?post=271998"}],"curies":[{"name":"wp","href":"https:\/\/api.w.org\/{rel}","templated":true}]}}