{"id":272238,"date":"2025-07-14T09:28:00","date_gmt":"2025-07-14T07:28:00","guid":{"rendered":"https:\/\/www.tucomarca.com\/wordpress\/segunda\/?p=272238"},"modified":"2025-07-14T20:48:06","modified_gmt":"2025-07-14T18:48:06","slug":"comenca-la-primera-activitat-del-circuit-starlight-de-tierra-bobal","status":"publish","type":"post","link":"https:\/\/www.tucomarca.com\/wordpress\/segunda\/ca\/comenca-la-primera-activitat-del-circuit-starlight-de-tierra-bobal\/","title":{"rendered":"Comen\u00e7a la primera activitat del Circuit Starlight de Tierra Bobal"},"content":{"rendered":"\n<h3 class=\"wp-block-heading\">El Paratge Cultural del Mol\u00f3n de Camporrobles acollir\u00e0 aquest dijous 17 de juliol de 2025 la primera observaci\u00f3 del cel nocturn a la comarca.<\/h3>\n\n\n<div class=\"wp-block-image\">\n<figure class=\"alignleft size-large is-resized\"><img loading=\"lazy\" decoding=\"async\" width=\"724\" height=\"1024\" src=\"http:\/\/www.tucomarca.com\/wordpress\/segunda\/wp-content\/uploads\/2025\/07\/Circuito-Starlight-Tierra-Bobal-2025-1-724x1024.jpg\" alt=\"\" class=\"wp-image-272234\" style=\"width:330px;height:auto\" srcset=\"https:\/\/www.tucomarca.com\/wordpress\/segunda\/wp-content\/uploads\/2025\/07\/Circuito-Starlight-Tierra-Bobal-2025-1-724x1024.jpg 724w, https:\/\/www.tucomarca.com\/wordpress\/segunda\/wp-content\/uploads\/2025\/07\/Circuito-Starlight-Tierra-Bobal-2025-1-212x300.jpg 212w, https:\/\/www.tucomarca.com\/wordpress\/segunda\/wp-content\/uploads\/2025\/07\/Circuito-Starlight-Tierra-Bobal-2025-1-768x1086.jpg 768w, https:\/\/www.tucomarca.com\/wordpress\/segunda\/wp-content\/uploads\/2025\/07\/Circuito-Starlight-Tierra-Bobal-2025-1-1086x1536.jpg 1086w, https:\/\/www.tucomarca.com\/wordpress\/segunda\/wp-content\/uploads\/2025\/07\/Circuito-Starlight-Tierra-Bobal-2025-1-1448x2048.jpg 1448w, https:\/\/www.tucomarca.com\/wordpress\/segunda\/wp-content\/uploads\/2025\/07\/Circuito-Starlight-Tierra-Bobal-2025-1-scaled.jpg 1810w\" sizes=\"auto, (max-width: 724px) 100vw, 724px\" \/><\/figure>\n<\/div>\n\n\n<p>Aquest dijous 17 de juliol comen\u00e7a la primera activitat del Circuit Starlight de Tierra Bobal 2025. Ser\u00e0 en el paratge Cultural El Mol\u00f3n de Camporrobles, l&#8217;eixida\u00a0es realitzar\u00e0 a peu a les 21,45 hores des de pr\u00f2pia localitat de Camporrobles, i el punt de trobada ser\u00e0 en l&#8217;Av. Pur\u00edssima, al costat de la T\u00f3mbola.<\/p>\n\n\n\n<p>Aquesta primera activitat del Circuit es completa amb un sopar de sobaquillo on l&#8217;Ajuntament de la localitat oferir\u00e0 vi i aigua als assistents. Ser\u00e0 a partir de les 22.00 hores quan comence l&#8217;activitat en el mirador Starlight de Camporrobles, en El Mol\u00f3n. Encara eres a temps de realitzar la teua&nbsp;Inscripci\u00f3&nbsp;a trav\u00e9s d&#8217;aquest&nbsp;<a href=\"https:\/\/docs.google.com\/forms\/d\/e\/1FAIpQLSf0jw9sUyMDLi5KghCoc7USAum96sdngzEl5xVj9MfIHVXInw\/viewform\" data-type=\"link\" data-id=\"https:\/\/docs.google.com\/forms\/d\/e\/1FAIpQLSf0jw9sUyMDLi5KghCoc7USAum96sdngzEl5xVj9MfIHVXInw\/viewform\">enlla\u00e7<\/a>.<\/p>\n\n\n\n<p>Aquesta \u00e9s la primera cita d&#8217;un programa que enguany es desenvolupar\u00e0 entre els mesos de juliol i octubre, i inclou activitats gratu\u00eftes d&#8217;observaci\u00f3 del cel nocturn amb telescopis i l&#8217;acompanyament expert de l&#8217;Associaci\u00f3 Valenciana d&#8217;Astronomia (AVA). A trav\u00e9s d&#8217;aquestes sessions, el p\u00fablic podr\u00e0 descobrir la riquesa del firmament: estreles, constel\u00b7lacions, nebuloses i c\u00famuls estel\u00b7lars que normalment passen desapercebuts.<\/p>\n\n\n\n<p>Les activitats del mes de Juliol es completen amb les cites de Venta del Moro i Fuenterrobles, mentre que la resta de municipis de Terra Boval les aniran executant els mesos d&#8217;agost, setembre i octubre. Aquest \u00e9s el calendari complet del Circuito Starlight Tierra Bobal 2025:<\/p>\n\n\n\n<ul class=\"wp-block-list\">\n<li>17 de juliol \u2013 Camporrobles (Paratge Cultural El Mol\u00f3n)<\/li>\n\n\n\n<li>26 de juliol \u2013 Venta del Moro (Paratge del Tur\u00f3 del Cap)<\/li>\n\n\n\n<li>29 de juliol \u2013 Fuenterrobles (Paratge Senda dels Cavallers \u2013 &#8220;Barraca Pozuelo&#8221;)<\/li>\n\n\n\n<li>17 d&#8217;agost \u2013 Sinarques (Paratge dels Matolls, al costat del Jard\u00ed Bot\u00e0nic)<\/li>\n\n\n\n<li>22 d&#8217;agost \u2013 Villargordo del Cabriel (\u00c0rea recreativa Cerro del Cap \u2013 el Toro)<\/li>\n\n\n\n<li>23 d&#8217;agost \u2013 Xera (Mirador de l&#8217;Oncle Galind\u00f3)<\/li>\n\n\n\n<li>20 de setembre \u2013 Requena (Herrada del Gallec)<\/li>\n\n\n\n<li>18 d&#8217;octubre \u2013 Caudete de las Fuentes (Cerro de la Talaia)<\/li>\n<\/ul>\n\n\n\n<p><strong>Tierra Bobal \u00e9s Dest\u00ed Starlight<\/strong><\/p>\n\n\n\n<p>Des que en 2022 Tierra Bobal va ser reconeguda com a Dest\u00ed Starlight, aquest circuit s&#8217;ha consolidat com una activitat anual molt esperada per ve\u00efns i visitants. La baixa contaminaci\u00f3 lum\u00ednica de la zona permet una visi\u00f3 privilegiada del cel nocturn, convertint-lo en un entorn ideal per a gaudir del turisme astron\u00f2mic de manera respectuosa amb el medi ambient.<\/p>\n\n\n\n<p>A m\u00e9s, Tierra Bobal compta amb una xarxa de miradors astron\u00f2mics equipats amb senyal\u00edstica vertical tipus Polaris, que inclou informaci\u00f3 sobre el lloc, orientaci\u00f3 cap a l&#8217;estrela polar i un codi QR amb continguts astron\u00f2mics. Aquests espais, que compten amb gandules per a l&#8217;observaci\u00f3, estan dissenyats per a oferir una experi\u00e8ncia immersiva i did\u00e0ctica en plena naturalesa.<\/p>\n\n\n\n<p>Aquesta iniciativa consolida a Tierra Bobal com un referent del astroturismo a la Comunitat Valenciana, en combinar ci\u00e8ncia, naturalesa i sostenibilitat.<\/p>\n\n\n\n<p>Terra Boval integra els municipis de Camporrobles, Caudete de las Fuentes, Xera, Fuenterrobles, Requena, Sinarques, Utiel, Venta del Moro i Villargordo del Cabriel.<\/p>\n","protected":false},"excerpt":{"rendered":"<div class=\"mh-excerpt\">El Paratge Cultural del Mol\u00f3n de Camporrobles acollir\u00e0 aquest dijous 17 de juliol de 2025 la primera observaci\u00f3 del cel nocturn a la comarca. Aquest dijous 17 de juliol comen\u00e7a la primera activitat del Circuit <a class=\"mh-excerpt-more\" href=\"https:\/\/www.tucomarca.com\/wordpress\/segunda\/ca\/comenca-la-primera-activitat-del-circuit-starlight-de-tierra-bobal\/\" title=\"Comen\u00e7a la primera activitat del Circuit Starlight de Tierra Bobal\">[+] <\/a><\/div>\n","protected":false},"author":13,"featured_media":272233,"comment_status":"open","ping_status":"open","sticky":false,"template":"","format":"standard","meta":{"footnotes":""},"categories":[11019,11031,11032,11054,11055,10894,10903,11007,10908,10909,10896,11058,11060,11061],"tags":[11098,15963,11318,12836,12166,15856,11099,10910,11089,11709],"class_list":{"0":"post-272238","1":"post","2":"type-post","3":"status-publish","4":"format-standard","5":"has-post-thumbnail","7":"category-agenda-ca","8":"category-camporrobles-ca","9":"category-caudete-ca","10":"category-chera-ca","11":"category-fuenterrobles-ca","12":"category-la-comarca-ca","13":"category-medio-ambiente-la-comarca-ca","14":"category-ocio-y-cultura-ca","15":"category-requena-ca","16":"category-requena-utiel-ca","17":"category-seccion-ca","18":"category-sinarcas-ca","19":"category-venta-del-moro-ca","20":"category-villargordo-del-cabriel-ca","21":"tag-camporrobles-ca","22":"tag-caudete-ca","23":"tag-chera-ca","24":"tag-fuenterrobles-ca","25":"tag-medio-ambiente-ca","26":"tag-ocio-y-cultura-ca","27":"tag-requena-ca","28":"tag-requena-utiel-ca","29":"tag-sinarcas-ca","30":"tag-venta-del-moro-ca"},"_links":{"self":[{"href":"https:\/\/www.tucomarca.com\/wordpress\/segunda\/ca\/wp-json\/wp\/v2\/posts\/272238","targetHints":{"allow":["GET"]}}],"collection":[{"href":"https:\/\/www.tucomarca.com\/wordpress\/segunda\/ca\/wp-json\/wp\/v2\/posts"}],"about":[{"href":"https:\/\/www.tucomarca.com\/wordpress\/segunda\/ca\/wp-json\/wp\/v2\/types\/post"}],"author":[{"embeddable":true,"href":"https:\/\/www.tucomarca.com\/wordpress\/segunda\/ca\/wp-json\/wp\/v2\/users\/13"}],"replies":[{"embeddable":true,"href":"https:\/\/www.tucomarca.com\/wordpress\/segunda\/ca\/wp-json\/wp\/v2\/comments?post=272238"}],"version-history":[{"count":0,"href":"https:\/\/www.tucomarca.com\/wordpress\/segunda\/ca\/wp-json\/wp\/v2\/posts\/272238\/revisions"}],"wp:featuredmedia":[{"embeddable":true,"href":"https:\/\/www.tucomarca.com\/wordpress\/segunda\/ca\/wp-json\/wp\/v2\/media\/272233"}],"wp:attachment":[{"href":"https:\/\/www.tucomarca.com\/wordpress\/segunda\/ca\/wp-json\/wp\/v2\/media?parent=272238"}],"wp:term":[{"taxonomy":"category","embeddable":true,"href":"https:\/\/www.tucomarca.com\/wordpress\/segunda\/ca\/wp-json\/wp\/v2\/categories?post=272238"},{"taxonomy":"post_tag","embeddable":true,"href":"https:\/\/www.tucomarca.com\/wordpress\/segunda\/ca\/wp-json\/wp\/v2\/tags?post=272238"}],"curies":[{"name":"wp","href":"https:\/\/api.w.org\/{rel}","templated":true}]}}