{"id":272391,"date":"2025-07-15T08:30:00","date_gmt":"2025-07-15T06:30:00","guid":{"rendered":"https:\/\/www.tucomarca.com\/wordpress\/segunda\/?p=272391"},"modified":"2025-07-15T13:35:29","modified_gmt":"2025-07-15T11:35:29","slug":"diputacio-i-cit-ruraltec-promouen-el-astroturismo-en-terra-boval-a-la-comarca-utiel-requena","status":"publish","type":"post","link":"https:\/\/www.tucomarca.com\/wordpress\/segunda\/ca\/diputacio-i-cit-ruraltec-promouen-el-astroturismo-en-terra-boval-a-la-comarca-utiel-requena\/","title":{"rendered":"Diputaci\u00f3 i CIT Ruraltec promouen el astroturismo en\u00a0Tierra Bobal, a la comarca Utiel-Requena"},"content":{"rendered":"\n<h3 class=\"wp-block-heading\">El CIT RuralTEC, Centre d&#8217;Innovaci\u00f3 Territorial promogut per la Fundaci\u00f3 L&#8217;Olmo i la Diputaci\u00f3 de Val\u00e8ncia,\u00a0\u00a0inicia el seu programa de promoci\u00f3 del astroturismo en\u00a0Tierra Bobal, a la comarca Utiel-Requena amb el suport de la Mancomunitat Terra del Vi, l&#8217;Associaci\u00f3 Valenciana d&#8217;Astronomia i el Centre Big History.<\/h3>\n\n\n\n<p>Durant tres setmanes, l&#8217;equip de l&#8217;Associaci\u00f3 Valenciana d&#8217;Astronomia (AVA) i els professionals del Centre d&#8217;Interpretaci\u00f3 Big History&nbsp;d&#8217;Aras de los Olmos, visitaran les escoles d&#8217;estiu dels xicotets municipis de la comarca, oferint una completa acci\u00f3 de divulgaci\u00f3 cient\u00edfica centrada en l&#8217;astronomia.<\/p>\n\n\n\n<p>El Centre d&#8217;Innovaci\u00f3 Territorial RuralTEC, amb finan\u00e7ament de la Diputaci\u00f3 de Val\u00e8ncia, posa en marxa aix\u00ed la seua primera activitat de promoci\u00f3 del astroturismo en astroturismo\u00a0en Tierra Bobal, a la comarca Utiel-Requena, amb una proposta dirigida als m\u00e9s joves com a part del seu comprom\u00eds amb el desenvolupament rural, el coneixement cient\u00edfic i el turisme sostenible.\u00a0<\/p>\n\n\n\n<p>Aquesta iniciativa \u00e9s fruit de la col\u00b7laboraci\u00f3 entre RuralTEC, la Mancomunitat de l&#8217;Interior Terra del Vi (MITV) i AVA, tres entitats que coordinen recursos per a posar en valor un dels elements m\u00e9s singulars\u00a0\u00a0i desconeguts del territori: la qualitat dels seus cels, reconeguts amb la certificaci\u00f3 Starlight en els entorns de les Reserves de la Biosfera de l&#8217;Alt T\u00faria i la Vall del Cabriol.\u00a0En aquest sentit, Tierra Bobal, la marca de destinaci\u00f3 tur\u00edstica de la comarca que \u00e9s gestionada per la MITV, promociona i dona difusi\u00f3 a aquesta iniciativa com a activitat associada al seu Circuit Starlight Terra Boval 2025.<\/p>\n\n\n\n<p>Aquesta primera acci\u00f3 forma part d&#8217;un projecte m\u00e9s ampli que busca consolidar una oferta de astroturismo atractiva en enclavaments rurals pr\u00f2xims a la ubicaci\u00f3 de les seus del Centre d&#8217;Innovaci\u00f3 Territorial en nom dels Olmos i Venta del Moro, a trav\u00e9s d&#8217;un model de turisme sostenible, responsable i de qualitat.<\/p>\n\n\n\n<p>A m\u00e9s, el projecte aposta per la creaci\u00f3 d&#8217;una estrat\u00e8gia conjunta de promoci\u00f3, que permeta optimitzar recursos i oferir al visitant un producte tur\u00edstic diferenciat, especialment pensat per al p\u00fablic de l&#8217;entorn metropolit\u00e0 de Val\u00e8ncia.<\/p>\n\n\n\n<p><strong>Astronomia per als m\u00e9s xicotets<\/strong><\/p>\n\n\n\n<p>L&#8217;activitat, que t\u00e9 una duraci\u00f3 aproximada de tres hores, est\u00e0 pensada per a xiquetes i xiquets d&#8217;entre 3 i 15 anys. Inclou tallers pr\u00e0ctics com la construcci\u00f3 de rellotges solars i l&#8217;observaci\u00f3 del sol amb telescopis especialitzats. La AVA ha sigut l&#8217;encarregada de dissenyar el programa did\u00e0ctic i aportar l&#8217;equipament t\u00e8cnic, mentre que la MITV ha facilitat la coordinaci\u00f3 amb les escoles d&#8217;estiu de set municipis de la comarca.<\/p>\n\n\n\n<p><strong>Calendari d&#8217;activitats<\/strong><\/p>\n\n\n\n<p>Les sessions tindran lloc en horaris de dem\u00e0 en els seg\u00fcents municipis:<\/p>\n\n\n\n<ul class=\"wp-block-list\">\n<li>Jueves 17 de julio&nbsp;\u2013 Camporrobles<\/li>\n\n\n\n<li>Viernes 18 de julio&nbsp;\u2013 Chera<\/li>\n\n\n\n<li>Jueves 24 de julio&nbsp;\u2013 Caudete<\/li>\n\n\n\n<li>Viernes 25 de julio&nbsp;\u2013 Fuenterrobles<\/li>\n\n\n\n<li>Lunes 28 de julio&nbsp;\u2013 Sinarcas<\/li>\n\n\n\n<li>Martes 29 de julio&nbsp;\u2013 Venta del Moro y Jaraguas<\/li>\n\n\n\n<li>Viernes 1 de agosto&nbsp;\u2013 Villargordo<\/li>\n<\/ul>\n\n\n\n<p>La coordinaci\u00f3n de las actividades correr\u00e1 a cargo de&nbsp;l Centro de Interpretaci\u00f3n Big History de Aras de los Olmos&nbsp;y el equipo t\u00e9cnico de la&nbsp;Asociaci\u00f3n Valenciana de Astronom\u00eda.<\/p>\n\n\n\n<p>Este programa pone de manifiesto el valor del trabajo conjunto entre instituciones y entidades para generar oportunidades reales de desarrollo rural, apostando por un turismo educativo y respetuoso con el entorno.<\/p>\n\n\n\n<p>La primera actividad se realizar\u00e1 en las instalaciones de las Escuelas de Camporrobles a partir de las 10 horas del pr\u00f3ximo jueves.<\/p>\n","protected":false},"excerpt":{"rendered":"<div class=\"mh-excerpt\">El CIT RuralTEC, Centre d&#8217;Innovaci\u00f3 Territorial promogut per la Fundaci\u00f3 L&#8217;Olmo i la Diputaci\u00f3 de Val\u00e8ncia,\u00a0\u00a0inicia el seu programa de promoci\u00f3 del astroturismo en\u00a0Tierra Bobal, a la comarca Utiel-Requena amb el suport de la Mancomunitat <a class=\"mh-excerpt-more\" href=\"https:\/\/www.tucomarca.com\/wordpress\/segunda\/ca\/diputacio-i-cit-ruraltec-promouen-el-astroturismo-en-terra-boval-a-la-comarca-utiel-requena\/\" title=\"Diputaci\u00f3 i CIT Ruraltec promouen el astroturismo en\u00a0Tierra Bobal, a la comarca Utiel-Requena\">[+] <\/a><\/div>\n","protected":false},"author":13,"featured_media":272389,"comment_status":"open","ping_status":"open","sticky":false,"template":"","format":"standard","meta":{"footnotes":""},"categories":[11019,11031,11032,11054,11055,10894,10903,11007,10909,10896,11058,11060,11061],"tags":[11098,15963,11318,12836,12166,15856,10910,11089,11709,13837],"class_list":{"0":"post-272391","1":"post","2":"type-post","3":"status-publish","4":"format-standard","5":"has-post-thumbnail","7":"category-agenda-ca","8":"category-camporrobles-ca","9":"category-caudete-ca","10":"category-chera-ca","11":"category-fuenterrobles-ca","12":"category-la-comarca-ca","13":"category-medio-ambiente-la-comarca-ca","14":"category-ocio-y-cultura-ca","15":"category-requena-utiel-ca","16":"category-seccion-ca","17":"category-sinarcas-ca","18":"category-venta-del-moro-ca","19":"category-villargordo-del-cabriel-ca","20":"tag-camporrobles-ca","21":"tag-caudete-ca","22":"tag-chera-ca","23":"tag-fuenterrobles-ca","24":"tag-medio-ambiente-ca","25":"tag-ocio-y-cultura-ca","26":"tag-requena-utiel-ca","27":"tag-sinarcas-ca","28":"tag-venta-del-moro-ca","29":"tag-villargordo-del-cabriel-ca"},"_links":{"self":[{"href":"https:\/\/www.tucomarca.com\/wordpress\/segunda\/ca\/wp-json\/wp\/v2\/posts\/272391","targetHints":{"allow":["GET"]}}],"collection":[{"href":"https:\/\/www.tucomarca.com\/wordpress\/segunda\/ca\/wp-json\/wp\/v2\/posts"}],"about":[{"href":"https:\/\/www.tucomarca.com\/wordpress\/segunda\/ca\/wp-json\/wp\/v2\/types\/post"}],"author":[{"embeddable":true,"href":"https:\/\/www.tucomarca.com\/wordpress\/segunda\/ca\/wp-json\/wp\/v2\/users\/13"}],"replies":[{"embeddable":true,"href":"https:\/\/www.tucomarca.com\/wordpress\/segunda\/ca\/wp-json\/wp\/v2\/comments?post=272391"}],"version-history":[{"count":0,"href":"https:\/\/www.tucomarca.com\/wordpress\/segunda\/ca\/wp-json\/wp\/v2\/posts\/272391\/revisions"}],"wp:featuredmedia":[{"embeddable":true,"href":"https:\/\/www.tucomarca.com\/wordpress\/segunda\/ca\/wp-json\/wp\/v2\/media\/272389"}],"wp:attachment":[{"href":"https:\/\/www.tucomarca.com\/wordpress\/segunda\/ca\/wp-json\/wp\/v2\/media?parent=272391"}],"wp:term":[{"taxonomy":"category","embeddable":true,"href":"https:\/\/www.tucomarca.com\/wordpress\/segunda\/ca\/wp-json\/wp\/v2\/categories?post=272391"},{"taxonomy":"post_tag","embeddable":true,"href":"https:\/\/www.tucomarca.com\/wordpress\/segunda\/ca\/wp-json\/wp\/v2\/tags?post=272391"}],"curies":[{"name":"wp","href":"https:\/\/api.w.org\/{rel}","templated":true}]}}