{"id":272452,"date":"2025-07-15T12:00:00","date_gmt":"2025-07-15T10:00:00","guid":{"rendered":"https:\/\/www.tucomarca.com\/wordpress\/segunda\/?p=272452"},"modified":"2025-07-15T20:04:26","modified_gmt":"2025-07-15T18:04:26","slug":"la-diputacio-unira-amb-una-via-ciclopeatonal-gavarda-amb-el-seu-nucli-historic","status":"publish","type":"post","link":"https:\/\/www.tucomarca.com\/wordpress\/segunda\/ca\/la-diputacio-unira-amb-una-via-ciclopeatonal-gavarda-amb-el-seu-nucli-historic\/","title":{"rendered":"La Diputaci\u00f3 unir\u00e0 amb una via ciclopeatonal Gavarda amb el seu nucli hist\u00f2ric"},"content":{"rendered":"\n<h3 class=\"wp-block-heading\">La intervenci\u00f3 t\u00e9 com a objectiu la millora de la seguretat vi\u00e0ria dels vianants, ja que la zona registra un considerable tr\u00e0nsit de persones.<\/h3>\n\n\n\n<h3 class=\"wp-block-heading\">En els pr\u00f2xims dies, l&#8217;\u00e0rea provincial de Carreteres sotmetr\u00e0 a informaci\u00f3 p\u00fablica el projecte, el qual est\u00e0 valorat en uns 329.000 euros.<\/h3>\n\n\n\n<p>Un itinerari ciclopeatonal connectar\u00e0 el municipi de Gavarda amb el seu nucli hist\u00f2ric, segons el projecte promogut per la Diputaci\u00f3 de Val\u00e8ncia, el qual se sotmetr\u00e0 a informaci\u00f3 p\u00fablica en els pr\u00f2xims dies.<\/p>\n\n\n\n<p>Vicent Momp\u00f3, alcalde de Gavarda i president de la Diputaci\u00f3 de Val\u00e8ncia, ha destacat que \u201ces tracta d&#8217;una actuaci\u00f3 llargament reivindicada per les ve\u00efnes i ve\u00efns de Gavarda, que per fi es far\u00e0 realitat\u201d. Segons Momp\u00f3, \u201cencara que puga par\u00e9ixer una intervenci\u00f3 senzilla des del punt de vista t\u00e8cnic, el seu impacte \u00e9s profund, ja que dona resposta a una necessitat vital per al municipi: la millora de la seguretat vi\u00e0ria en una zona amb elevat tr\u00e0nsit\u201d.<\/p>\n\n\n\n<p>El president de la Diputaci\u00f3 ha afegit que \u201cactualment existixen punts amb un risc evident per als qui transiten per la cal\u00e7ada. Amb esta actuaci\u00f3, no sols s&#8217;incrementa la seguretat, sin\u00f3 que es contribu\u00efx a vertebrar millor el municipi, facilitant una connexi\u00f3 m\u00e9s segura i cohesionada entre els diferents nuclis del poble\u201d.<\/p>\n\n\n\n<p>La nova via ciclopeatonal tindr\u00e0 una longitud aproximada de 600 metres, i estar\u00e0 adossada a la plataforma de la carretera CV-557, concretament entre els punts quilom\u00e8trics 1+110 i 1+700.<\/p>\n\n\n\n<figure class=\"wp-block-image size-large\"><img loading=\"lazy\" decoding=\"async\" width=\"1024\" height=\"768\" src=\"http:\/\/www.tucomarca.com\/wordpress\/segunda\/wp-content\/uploads\/2025\/07\/Gavarda_ciclop-1024x768.jpeg\" alt=\"\" class=\"wp-image-272449\" srcset=\"https:\/\/www.tucomarca.com\/wordpress\/segunda\/wp-content\/uploads\/2025\/07\/Gavarda_ciclop-1024x768.jpeg 1024w, https:\/\/www.tucomarca.com\/wordpress\/segunda\/wp-content\/uploads\/2025\/07\/Gavarda_ciclop-300x225.jpeg 300w, https:\/\/www.tucomarca.com\/wordpress\/segunda\/wp-content\/uploads\/2025\/07\/Gavarda_ciclop-768x576.jpeg 768w, https:\/\/www.tucomarca.com\/wordpress\/segunda\/wp-content\/uploads\/2025\/07\/Gavarda_ciclop-1536x1152.jpeg 1536w, https:\/\/www.tucomarca.com\/wordpress\/segunda\/wp-content\/uploads\/2025\/07\/Gavarda_ciclop-2048x1536.jpeg 2048w, https:\/\/www.tucomarca.com\/wordpress\/segunda\/wp-content\/uploads\/2025\/07\/Gavarda_ciclop-678x509.jpeg 678w, https:\/\/www.tucomarca.com\/wordpress\/segunda\/wp-content\/uploads\/2025\/07\/Gavarda_ciclop-326x245.jpeg 326w, https:\/\/www.tucomarca.com\/wordpress\/segunda\/wp-content\/uploads\/2025\/07\/Gavarda_ciclop-80x60.jpeg 80w\" sizes=\"auto, (max-width: 1024px) 100vw, 1024px\" \/><\/figure>\n\n\n\n<p>En els primers metres de la zona d&#8217;actuaci\u00f3 en direcci\u00f3 al nucli hist\u00f2ric de Gavarda, la via limita a la seua dreta amb la S\u00e9quia Real del X\u00faquer i al seu costat esquerre, que \u00e9s per on discorrer\u00e0 la via ciclopeatonal, amb el propi llit del riu X\u00faquer.&nbsp;<\/p>\n\n\n\n<p>Per a l&#8217;execuci\u00f3 de les obres, el projecte est\u00e0 dividit en diversos trams adaptats a les caracter\u00edstiques del terreny i la carretera, i inclou una passarel\u00b7la met\u00e0l\u00b7lica de 37 metres ancorada al mur de ma\u00e7oneria existent. A m\u00e9s, es preveu l&#8217;adequaci\u00f3 de bermes, la instal\u00b7laci\u00f3 de baranes de protecci\u00f3 i la reposici\u00f3 de la senyalitzaci\u00f3 per a una circulaci\u00f3 segura.<\/p>\n\n\n\n<p>La diputada de Carreteres, Reme Mazzolari, subratlla que \u201cla creaci\u00f3 d\u2019este itinerari no sols incrementar\u00e0 la seguretat dels usuaris que hui dia transiten este trajecte com a nexe d&#8217;uni\u00f3 entre el nucli hist\u00f2ric i Gavarda, sin\u00f3 que promour\u00e0 tamb\u00e9 h\u00e0bits saludables entre la poblaci\u00f3 que vulga utilitzar-lo per a caminar, c\u00f3rrer o anar amb bicicleta\u201d.<\/p>\n\n\n\n<p>\u201cD&#8217;esta manera continuem apostant per una xarxa provincial de carreteres m\u00e9s humana, sostenible i vertebradora del territori; posant la seguretat de les persones en el centre de la presa de decisions. I aix\u00f2 inclou, com no podia ser d&#8217;una altra manera, no sols als vehicles motoritzats sin\u00f3 tamb\u00e9 a vianants i ciclistes\u201d, conclou Mazzolari.<\/p>\n","protected":false},"excerpt":{"rendered":"<div class=\"mh-excerpt\">La intervenci\u00f3 t\u00e9 com a objectiu la millora de la seguretat vi\u00e0ria dels vianants, ja que la zona registra un considerable tr\u00e0nsit de persones. En els pr\u00f2xims dies, l&#8217;\u00e0rea provincial de Carreteres sotmetr\u00e0 a informaci\u00f3 <a class=\"mh-excerpt-more\" href=\"https:\/\/www.tucomarca.com\/wordpress\/segunda\/ca\/la-diputacio-unira-amb-una-via-ciclopeatonal-gavarda-amb-el-seu-nucli-historic\/\" title=\"La Diputaci\u00f3 unir\u00e0 amb una via ciclopeatonal Gavarda amb el seu nucli hist\u00f2ric\">[+] <\/a><\/div>\n","protected":false},"author":12,"featured_media":272448,"comment_status":"open","ping_status":"open","sticky":false,"template":"","format":"image","meta":{"footnotes":""},"categories":[10898,10993,10948,10894,10902,10903,10947,10896],"tags":[11246,21046,11356,15309],"class_list":{"0":"post-272452","1":"post","2":"type-post","3":"status-publish","4":"format-image","5":"has-post-thumbnail","7":"category-ventana-ca","8":"category-gavarda-ca","9":"category-infraestructuras-ca","10":"category-la-comarca-ca","11":"category-la-ribera-ca","12":"category-medio-ambiente-la-comarca-ca","13":"category-politica","14":"category-seccion-ca","15":"tag-diputacio-de-valencia-ca","16":"tag-gavarda-ca","17":"tag-ribera-alta-ca","18":"tag-via-ciclopeatonal-ca","19":"post_format-post-format-image"},"_links":{"self":[{"href":"https:\/\/www.tucomarca.com\/wordpress\/segunda\/ca\/wp-json\/wp\/v2\/posts\/272452","targetHints":{"allow":["GET"]}}],"collection":[{"href":"https:\/\/www.tucomarca.com\/wordpress\/segunda\/ca\/wp-json\/wp\/v2\/posts"}],"about":[{"href":"https:\/\/www.tucomarca.com\/wordpress\/segunda\/ca\/wp-json\/wp\/v2\/types\/post"}],"author":[{"embeddable":true,"href":"https:\/\/www.tucomarca.com\/wordpress\/segunda\/ca\/wp-json\/wp\/v2\/users\/12"}],"replies":[{"embeddable":true,"href":"https:\/\/www.tucomarca.com\/wordpress\/segunda\/ca\/wp-json\/wp\/v2\/comments?post=272452"}],"version-history":[{"count":0,"href":"https:\/\/www.tucomarca.com\/wordpress\/segunda\/ca\/wp-json\/wp\/v2\/posts\/272452\/revisions"}],"wp:featuredmedia":[{"embeddable":true,"href":"https:\/\/www.tucomarca.com\/wordpress\/segunda\/ca\/wp-json\/wp\/v2\/media\/272448"}],"wp:attachment":[{"href":"https:\/\/www.tucomarca.com\/wordpress\/segunda\/ca\/wp-json\/wp\/v2\/media?parent=272452"}],"wp:term":[{"taxonomy":"category","embeddable":true,"href":"https:\/\/www.tucomarca.com\/wordpress\/segunda\/ca\/wp-json\/wp\/v2\/categories?post=272452"},{"taxonomy":"post_tag","embeddable":true,"href":"https:\/\/www.tucomarca.com\/wordpress\/segunda\/ca\/wp-json\/wp\/v2\/tags?post=272452"}],"curies":[{"name":"wp","href":"https:\/\/api.w.org\/{rel}","templated":true}]}}