{"id":272668,"date":"2025-07-17T08:55:00","date_gmt":"2025-07-17T06:55:00","guid":{"rendered":"https:\/\/www.tucomarca.com\/wordpress\/segunda\/?p=272668"},"modified":"2025-07-17T11:49:05","modified_gmt":"2025-07-17T09:49:05","slug":"letno-sacseja-el-debat-sobre-la-despoblacio-amb-una-mostra-sobre-la-transformacio-dels-entorns-rurals","status":"publish","type":"post","link":"https:\/\/www.tucomarca.com\/wordpress\/segunda\/ca\/letno-sacseja-el-debat-sobre-la-despoblacio-amb-una-mostra-sobre-la-transformacio-dels-entorns-rurals\/","title":{"rendered":"L\u2019ETNO sacseja el debat sobre la despoblaci\u00f3 amb una mostra sobre la transformaci\u00f3 dels entorns rurals"},"content":{"rendered":"\n<h3 class=\"wp-block-heading\">\u2018Solsida: transformaci\u00f3 de les comunitats rurals valencianes\u2019 \u00e9s la nova exposici\u00f3 del museu de la Diputaci\u00f3 i podr\u00e0 visitar-se fins a febrer. El diputat Paco Teruel destaca la sensibilitat amb els pobles xicotets.<\/h3>\n\n\n\n<h3 class=\"wp-block-heading\">\u2018La mostra explora l&#8217;impacte del canvi sociocultural que ha transformat la imatge de la vida rural i les maneres de fer i veure de les persones que han habitat i habiten estes comunitats.<\/h3>\n\n\n\n<p>L\u2019ETNO, Museu Valenci\u00e0 d\u2019Etnologia, inaugura este dimecres, 16 de juliol, l&#8217;exposici\u00f3 temporal \u2018Solsida: transformaci\u00f3 de les comunitats rurals valencianes\u2019. La mostra, que es podr\u00e0 visitar fins al mes de febrer del pr\u00f2xim any, posa l\u2019accent en la p\u00e8rdua de poblaci\u00f3 dels municipis rurals i l&#8217;impacte que est\u00e0 produint l&#8217;actual arribada de nous habitants a estes comunitats.&nbsp;<\/p>\n\n\n\n<p>El nou projecte expositiu del museu de la Diputaci\u00f3 de Val\u00e8ncia explora l&#8217;impacte del canvi sociocultural que ha transformat la imatge de la vida rural i les maneres de fer i veure de les persones que han habitat i habiten les comunitats rurals valencianes. Aix\u00ed, l&#8217;objectiu d&#8217;esta mostra de L\u2019ETNO de producci\u00f3 pr\u00f2pia \u00e9s, en paraules del diputat de Cultura, Paco Teruel, \u201cque el p\u00fablic tinga una millor comprensi\u00f3 del que ha passat en les poblacions rurals valencianes des de mitjans del segle XX\u201d.<\/p>\n\n\n\n<p>\u201cSolsida, dissenyada com a espai de contrastos, de l&#8217;\u00e8xode rural i tamb\u00e9 de la identitat que genera, reflectix tamb\u00e9 que el Museu Valenci\u00e0 d\u2019Etnologia continua realitzant la seua labor de reflexi\u00f3 sobre q\u00fcestions que formen part del dia a dia de la nostra societat\u201d, apunta Teruel.<\/p>\n\n\n\n<p>\u201cEl que hui passa amb les comunitats rurals -continua- \u00e9s conseq\u00fc\u00e8ncia d&#8217;un proc\u00e9s llarg i complex que est\u00e0 en marxa i que cal fer l&#8217;esfor\u00e7 de comprendre-ho b\u00e9 per a poder resoldre\u00b4l d&#8217;una forma correcta\u201d. En esta l\u00ednia, el diputat ha assenyalat que el repte de les administracions \u201c\u00e9s mantindre la poblaci\u00f3 en els municipis de les zones rurals\u201d.&nbsp;<\/p>\n\n\n\n<p>Aix\u00ed mateix, Teruel ha fet refer\u00e8ncia a la sensibilitat de la Diputaci\u00f3 de Val\u00e8ncia amb els municipis m\u00e9s xicotets: \u201cA trav\u00e9s de les diferents \u00e0rees, es doten als municipis amb menys poblaci\u00f3 de recursos que els ajuden a garantir la seua continu\u00eftat en \u00e0mbits com la mobilitat, la cultura, la digitalitzaci\u00f3 o el turisme que, junt amb el moviment de persones, contribu\u00efxen al canvi de les poblacions rurals\u201d.<\/p>\n\n\n\n<p>Per part seua, el director del museu, Joan Segu\u00ed, subratlla que estes comunitats \u201chan patit unes transformacions socials i econ\u00f2miques, i considerem que \u00e9s interessant reflexionar sobre aix\u00f2, no sols per la q\u00fcesti\u00f3 de la despoblaci\u00f3, sin\u00f3 perqu\u00e8 parlem d&#8217;espais i persones que considerem que han sigut molt importants per a la definici\u00f3 de museus com este\u201d.<\/p>\n\n\n\n<p>\u201cAll\u00f2 relatiu a la vida en el camp no \u00e9s una cosa diferent, \u00e9s una part del que som i una part important per al futur de les persones que habitem les ciutats, forma part de la nostra societat i els seus problemes s\u00f3n nostres, i per aix\u00f2 tenim l&#8217;obligaci\u00f3 d&#8217;implicar-nos en el seu coneixement i en el seu reconeixement\u201d, ha apuntat Segu\u00ed.<\/p>\n\n\n\n<p>Asunci\u00f3n Garc\u00eda, membre del grup que ha comissariat la mostra, assenyala que L\u2019ETNO ha emprat la \u201csolsida\u201d com a \u201cmet\u00e0fora per a reflexionar sobre la transformaci\u00f3 de les comunitats rurals valencianes, i \u00e9s que esta exposici\u00f3 no parla \u00fanicament del territori, tamb\u00e9 de les persones que l&#8217;habiten\u201d.<\/p>\n\n\n\n<p><strong>Comunitats tradicionals<\/strong><\/p>\n\n\n\n<p>La iniciativa expositiva descriu en una primera part alguns aspectes de les comunitats rurals tradicionals, com la diversitat enfront de l&#8217;homogene\u00eftat i el sentit de grup. A continuaci\u00f3, convida a analitzar l&#8217;atractiu social i econ\u00f2mic que durant la segona mitat del segle XX va despertar la ciutat com a espai de modernitat i futur econ\u00f2mic. Finalment, es fa refer\u00e8ncia a les pol\u00edtiques p\u00fabliques de gesti\u00f3 dels territoris abandonats, i els processos que les comunitats rurals estan experimentant amb l&#8217;arribada de nous pobladors d&#8217;origen i perspectives urbanes.&nbsp;<\/p>\n\n\n\n<p>Per al muntatge de la mostra, el museu ha utilitzat un bon nombre d&#8217;objectes de les seues col\u00b7leccions, que en esta ocasi\u00f3 s&#8217;han presentat amb la col\u00b7laboraci\u00f3 de l&#8217;artista visual Ferm\u00edn Sales. Aix\u00ed mateix, \u2018Solsida\u2019 compta tamb\u00e9 amb materials cedits per \u00c0 Punt M\u00e8dia, Filmoteca Espa\u00f1ola, i els Ajuntaments d&#8217;Otos, Bicorp, Alpuente, a m\u00e9s de material de l&#8217;Arxiu General i Fotogr\u00e0fic de la Diputaci\u00f3 de Val\u00e8ncia.<\/p>\n\n\n\n<figure class=\"wp-block-gallery has-nested-images columns-2 is-cropped wp-block-gallery-1 is-layout-flex wp-block-gallery-is-layout-flex\">\n<figure class=\"wp-block-image size-large\"><img loading=\"lazy\" decoding=\"async\" width=\"1024\" height=\"665\" data-id=\"272661\" src=\"https:\/\/www.tucomarca.com\/wordpress\/segunda\/wp-content\/uploads\/2025\/07\/Dipu_ExposicioSolsida02-1024x665.jpg\" alt=\"\" class=\"wp-image-272661\" srcset=\"https:\/\/www.tucomarca.com\/wordpress\/segunda\/wp-content\/uploads\/2025\/07\/Dipu_ExposicioSolsida02-1024x665.jpg 1024w, https:\/\/www.tucomarca.com\/wordpress\/segunda\/wp-content\/uploads\/2025\/07\/Dipu_ExposicioSolsida02-300x195.jpg 300w, https:\/\/www.tucomarca.com\/wordpress\/segunda\/wp-content\/uploads\/2025\/07\/Dipu_ExposicioSolsida02-768x499.jpg 768w, https:\/\/www.tucomarca.com\/wordpress\/segunda\/wp-content\/uploads\/2025\/07\/Dipu_ExposicioSolsida02-1536x998.jpg 1536w, https:\/\/www.tucomarca.com\/wordpress\/segunda\/wp-content\/uploads\/2025\/07\/Dipu_ExposicioSolsida02-2048x1331.jpg 2048w\" sizes=\"auto, (max-width: 1024px) 100vw, 1024px\" \/><\/figure>\n\n\n\n<figure class=\"wp-block-image size-large\"><img loading=\"lazy\" decoding=\"async\" width=\"1024\" height=\"665\" data-id=\"272663\" src=\"https:\/\/www.tucomarca.com\/wordpress\/segunda\/wp-content\/uploads\/2025\/07\/Dipu_ExposicioSolsida03-1024x665.jpg\" alt=\"\" class=\"wp-image-272663\" srcset=\"https:\/\/www.tucomarca.com\/wordpress\/segunda\/wp-content\/uploads\/2025\/07\/Dipu_ExposicioSolsida03-1024x665.jpg 1024w, https:\/\/www.tucomarca.com\/wordpress\/segunda\/wp-content\/uploads\/2025\/07\/Dipu_ExposicioSolsida03-300x195.jpg 300w, https:\/\/www.tucomarca.com\/wordpress\/segunda\/wp-content\/uploads\/2025\/07\/Dipu_ExposicioSolsida03-768x499.jpg 768w, https:\/\/www.tucomarca.com\/wordpress\/segunda\/wp-content\/uploads\/2025\/07\/Dipu_ExposicioSolsida03-1536x998.jpg 1536w, https:\/\/www.tucomarca.com\/wordpress\/segunda\/wp-content\/uploads\/2025\/07\/Dipu_ExposicioSolsida03-2048x1331.jpg 2048w\" sizes=\"auto, (max-width: 1024px) 100vw, 1024px\" \/><\/figure>\n\n\n\n<figure class=\"wp-block-image size-large\"><img loading=\"lazy\" decoding=\"async\" width=\"1024\" height=\"665\" data-id=\"272665\" src=\"https:\/\/www.tucomarca.com\/wordpress\/segunda\/wp-content\/uploads\/2025\/07\/Dipu_ExposicioSolsida04-1024x665.jpg\" alt=\"\" class=\"wp-image-272665\" srcset=\"https:\/\/www.tucomarca.com\/wordpress\/segunda\/wp-content\/uploads\/2025\/07\/Dipu_ExposicioSolsida04-1024x665.jpg 1024w, https:\/\/www.tucomarca.com\/wordpress\/segunda\/wp-content\/uploads\/2025\/07\/Dipu_ExposicioSolsida04-300x195.jpg 300w, https:\/\/www.tucomarca.com\/wordpress\/segunda\/wp-content\/uploads\/2025\/07\/Dipu_ExposicioSolsida04-768x499.jpg 768w, https:\/\/www.tucomarca.com\/wordpress\/segunda\/wp-content\/uploads\/2025\/07\/Dipu_ExposicioSolsida04-1536x998.jpg 1536w, https:\/\/www.tucomarca.com\/wordpress\/segunda\/wp-content\/uploads\/2025\/07\/Dipu_ExposicioSolsida04-2048x1331.jpg 2048w\" sizes=\"auto, (max-width: 1024px) 100vw, 1024px\" \/><\/figure>\n<\/figure>\n","protected":false},"excerpt":{"rendered":"<div class=\"mh-excerpt\">\u2018Solsida: transformaci\u00f3 de les comunitats rurals valencianes\u2019 \u00e9s la nova exposici\u00f3 del museu de la Diputaci\u00f3 i podr\u00e0 visitar-se fins a febrer. El diputat Paco Teruel destaca la sensibilitat amb els pobles xicotets. \u2018La mostra <a class=\"mh-excerpt-more\" href=\"https:\/\/www.tucomarca.com\/wordpress\/segunda\/ca\/letno-sacseja-el-debat-sobre-la-despoblacio-amb-una-mostra-sobre-la-transformacio-dels-entorns-rurals\/\" title=\"L\u2019ETNO sacseja el debat sobre la despoblaci\u00f3 amb una mostra sobre la transformaci\u00f3 dels entorns rurals\">[+] <\/a><\/div>\n","protected":false},"author":13,"featured_media":272660,"comment_status":"open","ping_status":"open","sticky":false,"template":"","format":"gallery","meta":{"footnotes":""},"categories":[10890,10963,10894,10904,11007,10896],"tags":[21009,15856],"class_list":{"0":"post-272668","1":"post","2":"type-post","3":"status-publish","4":"format-gallery","5":"has-post-thumbnail","7":"category-ademus","8":"category-la-canal-de-navarres-ca","9":"category-la-comarca-ca","10":"category-sin-categorizar-ca","11":"category-ocio-y-cultura-ca","12":"category-seccion-ca","13":"tag-la-diputacio-de-valencia-ca","14":"tag-ocio-y-cultura-ca","15":"post_format-post-format-gallery"},"_links":{"self":[{"href":"https:\/\/www.tucomarca.com\/wordpress\/segunda\/ca\/wp-json\/wp\/v2\/posts\/272668","targetHints":{"allow":["GET"]}}],"collection":[{"href":"https:\/\/www.tucomarca.com\/wordpress\/segunda\/ca\/wp-json\/wp\/v2\/posts"}],"about":[{"href":"https:\/\/www.tucomarca.com\/wordpress\/segunda\/ca\/wp-json\/wp\/v2\/types\/post"}],"author":[{"embeddable":true,"href":"https:\/\/www.tucomarca.com\/wordpress\/segunda\/ca\/wp-json\/wp\/v2\/users\/13"}],"replies":[{"embeddable":true,"href":"https:\/\/www.tucomarca.com\/wordpress\/segunda\/ca\/wp-json\/wp\/v2\/comments?post=272668"}],"version-history":[{"count":0,"href":"https:\/\/www.tucomarca.com\/wordpress\/segunda\/ca\/wp-json\/wp\/v2\/posts\/272668\/revisions"}],"wp:featuredmedia":[{"embeddable":true,"href":"https:\/\/www.tucomarca.com\/wordpress\/segunda\/ca\/wp-json\/wp\/v2\/media\/272660"}],"wp:attachment":[{"href":"https:\/\/www.tucomarca.com\/wordpress\/segunda\/ca\/wp-json\/wp\/v2\/media?parent=272668"}],"wp:term":[{"taxonomy":"category","embeddable":true,"href":"https:\/\/www.tucomarca.com\/wordpress\/segunda\/ca\/wp-json\/wp\/v2\/categories?post=272668"},{"taxonomy":"post_tag","embeddable":true,"href":"https:\/\/www.tucomarca.com\/wordpress\/segunda\/ca\/wp-json\/wp\/v2\/tags?post=272668"}],"curies":[{"name":"wp","href":"https:\/\/api.w.org\/{rel}","templated":true}]}}