{"id":272745,"date":"2025-07-17T11:56:00","date_gmt":"2025-07-17T09:56:00","guid":{"rendered":"https:\/\/www.tucomarca.com\/wordpress\/segunda\/?p=272745"},"modified":"2025-07-17T19:51:17","modified_gmt":"2025-07-17T17:51:17","slug":"el-consell-consensua-amb-els-veins-i-lajuntament-de-calles-la-solucio-per-a-reconstruir-el-pas-sobre-el-riu-tuejar","status":"publish","type":"post","link":"https:\/\/www.tucomarca.com\/wordpress\/segunda\/ca\/el-consell-consensua-amb-els-veins-i-lajuntament-de-calles-la-solucio-per-a-reconstruir-el-pas-sobre-el-riu-tuejar\/","title":{"rendered":"El Consell consensua amb els ve\u00efns i l&#8217;Ajuntament de Calles la soluci\u00f3 per a reconstruir el pas sobre el riu Tuejar"},"content":{"rendered":"\n<h3 class=\"wp-block-heading\">El conseller d\u2019Infraestructures ha visitat Calles per a con\u00e9ixer els avan\u00e7os d\u2019esta important actuaci\u00f3 despr\u00e9s de la neteja del llit del riu i la demolici\u00f3 de l\u2019estructura anterior.<\/h3>\n\n\n\n<p>El conseller de Medi Ambient, Infraestructures i Territori, Vicente Mart\u00ednez Mus, ha visitat Calles per a reunir-se amb l\u2019alcaldessa de la localitat, Mar\u00eda Consuelo Garc\u00eda, i els ve\u00efns del municipi amb l\u2019objectiu de consensuar la reconstrucci\u00f3 del pas que creua el riu Tuejar, \u201cuna infraestructura essencial que va quedar greument danyada per les intenses pluges del passat mes d\u2019octubre\u201d.<\/p>\n\n\n\n<p>Cal recordar que la forta corrent va arrasar gran part del material del llit natural, provocant profundes escavacions i danys en la fonamentaci\u00f3 de l\u2019antiga estructura, la qual cosa va deixar la infraestructura en una situaci\u00f3 cr\u00edtica. Despr\u00e9s de la demolici\u00f3 de l\u2019anterior, la Generalitat treballa en la construcci\u00f3 d\u2019un nou pas.<\/p>\n\n\n\n<p>En aquest sentit, s\u2019ha acordat detindre les obres durant les pr\u00f2ximes jornades amb l\u2019objectiu que la soluci\u00f3 pactada per totes les parts puga garantir la seguretat i ser d\u2019acord amb les demandes de la poblaci\u00f3 i el consistori. L\u2019objectiu \u00e9s que el nou pas siga resilient i puga suportar possibles episodis meteorol\u00f2gics extrems.<\/p>\n\n\n\n<p>Les obres realitzades inclouen la neteja del llit del riu, la demolici\u00f3 de l\u2019estructura anterior, l\u2019hormigonat en ambd\u00f3s marges del riu, aix\u00ed com la construcci\u00f3 del pas i l\u2019adequaci\u00f3 dels accessos.<\/p>\n\n\n\n<p>El conseller ha recordat que aquesta actuaci\u00f3 forma part de les m\u00e9s de 50 obres locals que la Generalitat ha assumit en 26 municipis de la Comunitat Valenciana, tot i no tractar-se de compet\u00e8ncies auton\u00f2miques. En aquest sentit, ha instat el Govern d\u2019Espanya a fer el mateix amb les obres que li corresponen i que t\u00e9 pendents d\u2019executar.<\/p>\n\n\n\n<p>Mart\u00ednez Mus ha destacat que la Generalitat ha destinat m\u00e9s de 120 milions d\u2019euros a la recuperaci\u00f3 d\u2019infraestructures vi\u00e0ries de titularitat tant auton\u00f2mica com municipal, amb l\u2019objectiu de restablir la normalitat en les zones afectades per les riuades i garantir la seguretat de la ciutadania. \u201cDavant l\u2019emerg\u00e8ncia, actuem amb rapidesa i determinaci\u00f3\u201d, ha concl\u00f2s.<\/p>\n\n\n\n<figure class=\"wp-block-image size-large\"><img loading=\"lazy\" decoding=\"async\" width=\"1024\" height=\"590\" src=\"http:\/\/www.tucomarca.com\/wordpress\/segunda\/wp-content\/uploads\/2025\/07\/MED_Calles2-1024x590.jpeg\" alt=\"\" class=\"wp-image-272742\" srcset=\"https:\/\/www.tucomarca.com\/wordpress\/segunda\/wp-content\/uploads\/2025\/07\/MED_Calles2-1024x590.jpeg 1024w, https:\/\/www.tucomarca.com\/wordpress\/segunda\/wp-content\/uploads\/2025\/07\/MED_Calles2-300x173.jpeg 300w, https:\/\/www.tucomarca.com\/wordpress\/segunda\/wp-content\/uploads\/2025\/07\/MED_Calles2-768x443.jpeg 768w, https:\/\/www.tucomarca.com\/wordpress\/segunda\/wp-content\/uploads\/2025\/07\/MED_Calles2-1536x885.jpeg 1536w, https:\/\/www.tucomarca.com\/wordpress\/segunda\/wp-content\/uploads\/2025\/07\/MED_Calles2-2048x1181.jpeg 2048w\" sizes=\"auto, (max-width: 1024px) 100vw, 1024px\" \/><\/figure>\n","protected":false},"excerpt":{"rendered":"<div class=\"mh-excerpt\">El conseller d\u2019Infraestructures ha visitat Calles per a con\u00e9ixer els avan\u00e7os d\u2019esta important actuaci\u00f3 despr\u00e9s de la neteja del llit del riu i la demolici\u00f3 de l\u2019estructura anterior. El conseller de Medi Ambient, Infraestructures i <a class=\"mh-excerpt-more\" href=\"https:\/\/www.tucomarca.com\/wordpress\/segunda\/ca\/el-consell-consensua-amb-els-veins-i-lajuntament-de-calles-la-solucio-per-a-reconstruir-el-pas-sobre-el-riu-tuejar\/\" title=\"El Consell consensua amb els ve\u00efns i l&#8217;Ajuntament de Calles la soluci\u00f3 per a reconstruir el pas sobre el riu Tuejar\">[+] <\/a><\/div>\n","protected":false},"author":13,"featured_media":272741,"comment_status":"open","ping_status":"open","sticky":false,"template":"","format":"image","meta":{"footnotes":""},"categories":[11038,21466,11046,10898,10948,10894,10904,10903,10947,10896,10897],"tags":[11923,15409,12903,11080,12166],"class_list":{"0":"post-272745","1":"post","2":"type-post","3":"status-publish","4":"format-image","5":"has-post-thumbnail","7":"category-calles-ca","8":"category-dana-ca","9":"category-los-serranos-ca","10":"category-ventana-ca","11":"category-infraestructuras-ca","12":"category-la-comarca-ca","13":"category-sin-categorizar-ca","14":"category-medio-ambiente-la-comarca-ca","15":"category-politica","16":"category-seccion-ca","17":"category-sucesos-la-comarca-ca","18":"tag-calles-2-ca","19":"tag-dana-2-ca","20":"tag-infraestructuras-ca","21":"tag-los-serranos-ca","22":"tag-medio-ambiente-ca","23":"post_format-post-format-image"},"_links":{"self":[{"href":"https:\/\/www.tucomarca.com\/wordpress\/segunda\/ca\/wp-json\/wp\/v2\/posts\/272745","targetHints":{"allow":["GET"]}}],"collection":[{"href":"https:\/\/www.tucomarca.com\/wordpress\/segunda\/ca\/wp-json\/wp\/v2\/posts"}],"about":[{"href":"https:\/\/www.tucomarca.com\/wordpress\/segunda\/ca\/wp-json\/wp\/v2\/types\/post"}],"author":[{"embeddable":true,"href":"https:\/\/www.tucomarca.com\/wordpress\/segunda\/ca\/wp-json\/wp\/v2\/users\/13"}],"replies":[{"embeddable":true,"href":"https:\/\/www.tucomarca.com\/wordpress\/segunda\/ca\/wp-json\/wp\/v2\/comments?post=272745"}],"version-history":[{"count":0,"href":"https:\/\/www.tucomarca.com\/wordpress\/segunda\/ca\/wp-json\/wp\/v2\/posts\/272745\/revisions"}],"wp:featuredmedia":[{"embeddable":true,"href":"https:\/\/www.tucomarca.com\/wordpress\/segunda\/ca\/wp-json\/wp\/v2\/media\/272741"}],"wp:attachment":[{"href":"https:\/\/www.tucomarca.com\/wordpress\/segunda\/ca\/wp-json\/wp\/v2\/media?parent=272745"}],"wp:term":[{"taxonomy":"category","embeddable":true,"href":"https:\/\/www.tucomarca.com\/wordpress\/segunda\/ca\/wp-json\/wp\/v2\/categories?post=272745"},{"taxonomy":"post_tag","embeddable":true,"href":"https:\/\/www.tucomarca.com\/wordpress\/segunda\/ca\/wp-json\/wp\/v2\/tags?post=272745"}],"curies":[{"name":"wp","href":"https:\/\/api.w.org\/{rel}","templated":true}]}}