{"id":272755,"date":"2025-07-17T10:20:00","date_gmt":"2025-07-17T08:20:00","guid":{"rendered":"https:\/\/www.tucomarca.com\/wordpress\/segunda\/?p=272755"},"modified":"2025-07-17T19:04:08","modified_gmt":"2025-07-17T17:04:08","slug":"camporrobles-inicia-el-programa-de-promocio-del-astroturismo-en-terra-boval-impulsat-per-la-diputacio-i-el-cit-ruraltec","status":"publish","type":"post","link":"https:\/\/www.tucomarca.com\/wordpress\/segunda\/ca\/camporrobles-inicia-el-programa-de-promocio-del-astroturismo-en-terra-boval-impulsat-per-la-diputacio-i-el-cit-ruraltec\/","title":{"rendered":"Camporrobles inicia el programa de promoci\u00f3 del astroturismo en Tierra Bobal, impulsat per la Diputaci\u00f3 i el CIT RuralTEC"},"content":{"rendered":"\n<p>L&#8217;observaci\u00f3 solar realitzada hui pels alumnes de l&#8217;escola d&#8217;estiu de Camporrobles ha sigut la primera acci\u00f3 del programa de promoci\u00f3 del astroturismo en Tierra Bobal, una iniciativa del Centre d&#8217;Innovaci\u00f3 Territorial RuralTEC, impulsat per la Fundaci\u00f3 L&#8217;Olmo i la Diputaci\u00f3 de Val\u00e8ncia, amb el suport de la Mancomunitat de l&#8217;Interior Terra del Vi (MITV), l&#8217;Associaci\u00f3 Valenciana d&#8217;Astronomia (AVA) i el Centre d&#8217;Interpretaci\u00f3 Big History.<\/p>\n\n\n\n<p>Durant les pr\u00f2ximes tres setmanes, l&#8217;equip t\u00e8cnic de la AVA i els divulgadors del Centre Big History recorreran set municipis de la comarca Utiel-Requena per a acostar l&#8217;astronomia als m\u00e9s joves a trav\u00e9s d&#8217;activitats did\u00e0ctiques a les escoles d&#8217;estiu.<\/p>\n\n\n\n<p>Aquesta activitat \u00e9s complement\u00e0ria a la qual comen\u00e7a ja a realitzar-se dins del circuit Starlight Tierra Bobal.<\/p>\n\n\n\n<p>La programaci\u00f3, amb activitats com la construcci\u00f3 de rellotges solars i l&#8217;observaci\u00f3 del sol mitjan\u00e7ant telescopis especialitzats, est\u00e0 dissenyada per a xiquetes i xiquets d&#8217;entre 3 i 15 anys. Aquesta primera acci\u00f3 ha tingut lloc hui dijous 17 de juliol a les Escoles de Camporrobles amb l&#8217;assist\u00e8ncia de m\u00e9s de 70 joves.<\/p>\n\n\n\n<p>La iniciativa, coordinada per RuralTEC amb finan\u00e7ament de la Diputaci\u00f3 de Val\u00e8ncia, representa la primera acci\u00f3 concreta d&#8217;un projecte m\u00e9s ampli que busca consolidar una oferta estable de astroturismo a la comarca, especialment entorn de les seus del CIT en nom dels Olmos i Venta del Moro.<\/p>\n\n\n\n<p>Aquesta proposta naix del treball conjunt de RuralTEC, MITV, Centre Big History i Associaci\u00f3 Valenciana d&#8217;Astronomia, entitats que aposten per un model de turisme sostenible i educatiu. Un dels seus eixos \u00e9s la posada en valor de la qualitat dels cels nocturns de la comarca, reconeguts amb certificacions Starlight en els entorns de les Reserves de la Biosfera de l&#8217;Alt T\u00faria i la Vall del Cabriol.<\/p>\n\n\n\n<p>La primera acci\u00f3 realitzada a Camporrobles ha comptat amb la pres\u00e8ncia del diputat de Desenvolupament rural Avelino Mascarell, Rafael Gim\u00e9nez, alcalde d&#8217;Aras de los Olmos i Gerardo G\u00f3mez, regidor de l&#8217;Ajuntament de Camporrobles.<\/p>\n\n\n\n<p><strong>Calendari d&#8217;activitats del programa astrotur\u00edstico en escoles d&#8217;estiu:<\/strong><\/p>\n\n\n\n<ul class=\"wp-block-list\">\n<li><strong>17 de julio<\/strong>&nbsp;\u2013 Camporrobles<\/li>\n\n\n\n<li><strong>18 de julio<\/strong>&nbsp;\u2013 Chera<\/li>\n\n\n\n<li><strong>24 de julio<\/strong>&nbsp;\u2013 Caudete<\/li>\n\n\n\n<li><strong>25 de julio<\/strong>&nbsp;\u2013 Fuenterrobles<\/li>\n\n\n\n<li><strong>28 de julio<\/strong>&nbsp;\u2013 Sinarcas<\/li>\n\n\n\n<li><strong>29 de julio<\/strong>&nbsp;\u2013 Venta del Moro i Jaraguas<\/li>\n\n\n\n<li><strong>1 de agosto<\/strong>&nbsp;\u2013 Villargordo del Cabriel<\/li>\n<\/ul>\n\n\n\n<figure class=\"wp-block-gallery has-nested-images columns-default is-cropped wp-block-gallery-1 is-layout-flex wp-block-gallery-is-layout-flex\">\n<figure class=\"wp-block-image size-large\"><img loading=\"lazy\" decoding=\"async\" width=\"320\" height=\"236\" data-id=\"272750\" src=\"https:\/\/www.tucomarca.com\/wordpress\/segunda\/wp-content\/uploads\/2025\/07\/AstroturismoCamporrobles2.png\" alt=\"\" class=\"wp-image-272750\" srcset=\"https:\/\/www.tucomarca.com\/wordpress\/segunda\/wp-content\/uploads\/2025\/07\/AstroturismoCamporrobles2.png 320w, https:\/\/www.tucomarca.com\/wordpress\/segunda\/wp-content\/uploads\/2025\/07\/AstroturismoCamporrobles2-300x221.png 300w, https:\/\/www.tucomarca.com\/wordpress\/segunda\/wp-content\/uploads\/2025\/07\/AstroturismoCamporrobles2-80x60.png 80w\" sizes=\"auto, (max-width: 320px) 100vw, 320px\" \/><\/figure>\n\n\n\n<figure class=\"wp-block-image size-large\"><img loading=\"lazy\" decoding=\"async\" width=\"240\" height=\"320\" data-id=\"272752\" src=\"https:\/\/www.tucomarca.com\/wordpress\/segunda\/wp-content\/uploads\/2025\/07\/AstroturismoCamporrobles3.jpeg\" alt=\"\" class=\"wp-image-272752\" srcset=\"https:\/\/www.tucomarca.com\/wordpress\/segunda\/wp-content\/uploads\/2025\/07\/AstroturismoCamporrobles3.jpeg 240w, https:\/\/www.tucomarca.com\/wordpress\/segunda\/wp-content\/uploads\/2025\/07\/AstroturismoCamporrobles3-225x300.jpeg 225w\" sizes=\"auto, (max-width: 240px) 100vw, 240px\" \/><\/figure>\n<\/figure>\n","protected":false},"excerpt":{"rendered":"<div class=\"mh-excerpt\">L&#8217;observaci\u00f3 solar realitzada hui pels alumnes de l&#8217;escola d&#8217;estiu de Camporrobles ha sigut la primera acci\u00f3 del programa de promoci\u00f3 del astroturismo en Tierra Bobal, una iniciativa del Centre d&#8217;Innovaci\u00f3 Territorial RuralTEC, impulsat per la <a class=\"mh-excerpt-more\" href=\"https:\/\/www.tucomarca.com\/wordpress\/segunda\/ca\/camporrobles-inicia-el-programa-de-promocio-del-astroturismo-en-terra-boval-impulsat-per-la-diputacio-i-el-cit-ruraltec\/\" title=\"Camporrobles inicia el programa de promoci\u00f3 del astroturismo en Tierra Bobal, impulsat per la Diputaci\u00f3 i el CIT RuralTEC\">[+] <\/a><\/div>\n","protected":false},"author":13,"featured_media":272749,"comment_status":"open","ping_status":"open","sticky":false,"template":"","format":"gallery","meta":{"footnotes":""},"categories":[11031,11032,11054,11046,11055,10894,10903,11007,10909,10896,11058,11060,11061,11037],"tags":[11098,15963,11318,12836,12166,10910,11089,11709,13837],"class_list":{"0":"post-272755","1":"post","2":"type-post","3":"status-publish","4":"format-gallery","5":"has-post-thumbnail","7":"category-camporrobles-ca","8":"category-caudete-ca","9":"category-chera-ca","10":"category-los-serranos-ca","11":"category-fuenterrobles-ca","12":"category-la-comarca-ca","13":"category-medio-ambiente-la-comarca-ca","14":"category-ocio-y-cultura-ca","15":"category-requena-utiel-ca","16":"category-seccion-ca","17":"category-sinarcas-ca","18":"category-venta-del-moro-ca","19":"category-villargordo-del-cabriel-ca","20":"category-chera-los-serranos-ca","21":"tag-camporrobles-ca","22":"tag-caudete-ca","23":"tag-chera-ca","24":"tag-fuenterrobles-ca","25":"tag-medio-ambiente-ca","26":"tag-requena-utiel-ca","27":"tag-sinarcas-ca","28":"tag-venta-del-moro-ca","29":"tag-villargordo-del-cabriel-ca","30":"post_format-post-format-gallery"},"_links":{"self":[{"href":"https:\/\/www.tucomarca.com\/wordpress\/segunda\/ca\/wp-json\/wp\/v2\/posts\/272755","targetHints":{"allow":["GET"]}}],"collection":[{"href":"https:\/\/www.tucomarca.com\/wordpress\/segunda\/ca\/wp-json\/wp\/v2\/posts"}],"about":[{"href":"https:\/\/www.tucomarca.com\/wordpress\/segunda\/ca\/wp-json\/wp\/v2\/types\/post"}],"author":[{"embeddable":true,"href":"https:\/\/www.tucomarca.com\/wordpress\/segunda\/ca\/wp-json\/wp\/v2\/users\/13"}],"replies":[{"embeddable":true,"href":"https:\/\/www.tucomarca.com\/wordpress\/segunda\/ca\/wp-json\/wp\/v2\/comments?post=272755"}],"version-history":[{"count":0,"href":"https:\/\/www.tucomarca.com\/wordpress\/segunda\/ca\/wp-json\/wp\/v2\/posts\/272755\/revisions"}],"wp:featuredmedia":[{"embeddable":true,"href":"https:\/\/www.tucomarca.com\/wordpress\/segunda\/ca\/wp-json\/wp\/v2\/media\/272749"}],"wp:attachment":[{"href":"https:\/\/www.tucomarca.com\/wordpress\/segunda\/ca\/wp-json\/wp\/v2\/media?parent=272755"}],"wp:term":[{"taxonomy":"category","embeddable":true,"href":"https:\/\/www.tucomarca.com\/wordpress\/segunda\/ca\/wp-json\/wp\/v2\/categories?post=272755"},{"taxonomy":"post_tag","embeddable":true,"href":"https:\/\/www.tucomarca.com\/wordpress\/segunda\/ca\/wp-json\/wp\/v2\/tags?post=272755"}],"curies":[{"name":"wp","href":"https:\/\/api.w.org\/{rel}","templated":true}]}}