{"id":272780,"date":"2025-07-18T10:15:00","date_gmt":"2025-07-18T08:15:00","guid":{"rendered":"https:\/\/www.tucomarca.com\/wordpress\/segunda\/?p=272780"},"modified":"2025-07-18T20:04:25","modified_gmt":"2025-07-18T18:04:25","slug":"els-bombers-extingeixen-un-incendi-de-vegetacio-declarat-aquest-dijous-a-xera","status":"publish","type":"post","link":"https:\/\/www.tucomarca.com\/wordpress\/segunda\/ca\/els-bombers-extingeixen-un-incendi-de-vegetacio-declarat-aquest-dijous-a-xera\/","title":{"rendered":"Els bombers extingeixen un incendi de vegetaci\u00f3 declarat aquest dijous a Xera"},"content":{"rendered":"\n<p>Durant la vesprada d&#8217;aquest dijous s&#8217;ha declarat un incendi de vegetaci\u00f3 en el terme municipal de Xera, que va mobilitzar un important operatiu d&#8217;emerg\u00e8ncies compost per tres mitjans aeris, una unitat de Bombers Forestals amb autobomba, una dotaci\u00f3 i una brigada BRIFO del Consorci Provincial de Bombers, aix\u00ed com un coordinador i un t\u00e8cnic forestal.<\/p>\n\n\n\n<p>A les 16,30 hores, els bombers van confirmar que l&#8217;incendi ja es trobava controlat, i poc despr\u00e9s, a les 19,20 h, es va notificar la seua extinci\u00f3 definitiva, segons fonts del Consorci Provincial de Bombers de Val\u00e8ncia.<\/p>\n\n\n\n<p>Des de la Conselleria de Medi Ambient es va aclarir que el foc no ha afectat terreny forestal, la qual cosa ha facilitat les labors d&#8217;extinci\u00f3 i ha evitat danys majors en la zona.<\/p>\n","protected":false},"excerpt":{"rendered":"<div class=\"mh-excerpt\">Durant la vesprada d&#8217;aquest dijous s&#8217;ha declarat un incendi de vegetaci\u00f3 en el terme municipal de Xera, que va mobilitzar un important operatiu d&#8217;emerg\u00e8ncies compost per tres mitjans aeris, una unitat de Bombers Forestals amb <a class=\"mh-excerpt-more\" href=\"https:\/\/www.tucomarca.com\/wordpress\/segunda\/ca\/els-bombers-extingeixen-un-incendi-de-vegetacio-declarat-aquest-dijous-a-xera\/\" title=\"Els bombers extingeixen un incendi de vegetaci\u00f3 declarat aquest dijous a Xera\">[+] <\/a><\/div>\n","protected":false},"author":12,"featured_media":160155,"comment_status":"open","ping_status":"open","sticky":false,"template":"","format":"standard","meta":{"footnotes":""},"categories":[11046,10898,10948,10894,10903,10896,10897,11037],"tags":[17925,11318,12834,11928,11080],"class_list":{"0":"post-272780","1":"post","2":"type-post","3":"status-publish","4":"format-standard","5":"has-post-thumbnail","7":"category-los-serranos-ca","8":"category-ventana-ca","9":"category-infraestructuras-ca","10":"category-la-comarca-ca","11":"category-medio-ambiente-la-comarca-ca","12":"category-seccion-ca","13":"category-sucesos-la-comarca-ca","14":"category-chera-los-serranos-ca","15":"tag-bomberos-forestales-de-la-generalitat-ca","16":"tag-chera-ca","17":"tag-consorcio-provincial-de-bomberos-de-valencia-ca","18":"tag-la-serrania-ca","19":"tag-los-serranos-ca"},"_links":{"self":[{"href":"https:\/\/www.tucomarca.com\/wordpress\/segunda\/ca\/wp-json\/wp\/v2\/posts\/272780","targetHints":{"allow":["GET"]}}],"collection":[{"href":"https:\/\/www.tucomarca.com\/wordpress\/segunda\/ca\/wp-json\/wp\/v2\/posts"}],"about":[{"href":"https:\/\/www.tucomarca.com\/wordpress\/segunda\/ca\/wp-json\/wp\/v2\/types\/post"}],"author":[{"embeddable":true,"href":"https:\/\/www.tucomarca.com\/wordpress\/segunda\/ca\/wp-json\/wp\/v2\/users\/12"}],"replies":[{"embeddable":true,"href":"https:\/\/www.tucomarca.com\/wordpress\/segunda\/ca\/wp-json\/wp\/v2\/comments?post=272780"}],"version-history":[{"count":0,"href":"https:\/\/www.tucomarca.com\/wordpress\/segunda\/ca\/wp-json\/wp\/v2\/posts\/272780\/revisions"}],"wp:featuredmedia":[{"embeddable":true,"href":"https:\/\/www.tucomarca.com\/wordpress\/segunda\/ca\/wp-json\/wp\/v2\/media\/160155"}],"wp:attachment":[{"href":"https:\/\/www.tucomarca.com\/wordpress\/segunda\/ca\/wp-json\/wp\/v2\/media?parent=272780"}],"wp:term":[{"taxonomy":"category","embeddable":true,"href":"https:\/\/www.tucomarca.com\/wordpress\/segunda\/ca\/wp-json\/wp\/v2\/categories?post=272780"},{"taxonomy":"post_tag","embeddable":true,"href":"https:\/\/www.tucomarca.com\/wordpress\/segunda\/ca\/wp-json\/wp\/v2\/tags?post=272780"}],"curies":[{"name":"wp","href":"https:\/\/api.w.org\/{rel}","templated":true}]}}