{"id":272824,"date":"2025-07-18T13:00:00","date_gmt":"2025-07-18T11:00:00","guid":{"rendered":"https:\/\/www.tucomarca.com\/wordpress\/segunda\/?p=272824"},"modified":"2025-07-18T19:53:29","modified_gmt":"2025-07-18T17:53:29","slug":"la-generalitat-posa-en-servei-la-nova-passarella-de-xiva-i-avanca-la-seguent-fase-de-reconstruccio-dels-ponts-municipals-afectats-per-les-riuades","status":"publish","type":"post","link":"https:\/\/www.tucomarca.com\/wordpress\/segunda\/ca\/la-generalitat-posa-en-servei-la-nova-passarella-de-xiva-i-avanca-la-seguent-fase-de-reconstruccio-dels-ponts-municipals-afectats-per-les-riuades\/","title":{"rendered":"La Generalitat posa en servei la nova passarel\u00b7la de Xiva i avan\u00e7a la seg\u00fcent fase de reconstrucci\u00f3 dels ponts municipals afectats per les riuades"},"content":{"rendered":"\n<h3 class=\"wp-block-heading\">La Conselleria de Medi Ambient, Infraestructures i Territori destina m\u00e9s de tres milions d&#8217;euros per a la recuperaci\u00f3 de diverses infraestructures locals a Xiva.<\/h3>\n\n\n\n<h3 class=\"wp-block-heading\">Encara que corresponen a l&#8217;\u00e0mbit municipal, la Generalitat ha assumit la seua execuci\u00f3 a causa de les dificultats de l&#8217;Ajuntament per a fer-se c\u00e0rrec.<\/h3>\n\n\n\n<p>El conseller de Medi Ambient, Infraestructures i Territori, Vicente Mart\u00ednez Mus, ha anunciat la posada en servei aquest divendres de la nova passarel\u00b7la de fusta de Xiva que connecta el carrer Pintor Mora Yuste amb el carrer Bunyol, \u201cuna infraestructura necess\u00e0ria per a recuperar la mobilitat en el centre del municipi\u201d.<\/p>\n\n\n\n<p>Mart\u00ednez Mus ha explicat que es continua treballant per a avan\u00e7ar en la reconstrucci\u00f3 dels ponts municipals de Xiva que van patir greus desperfectes durant les riuades del passat mes d&#8217;octubre.<\/p>\n\n\n\n<p>Tal com ha assenyalat el conseller, \u201cla nova estructura t\u00e9 un disseny similar a la passarel\u00b7la antiga\u201d. Es tracta d&#8217;un arc de fusta laminada amb un pes total de m\u00e9s de 5.000 kg. \u201cAmb la nova passarel\u00b7la es permetr\u00e0 l&#8217;encreuament del barranc als vianants evitant l&#8217;itinerari actual que suposa un recorregut addicional de m\u00e9s de 400 metres\u201d ha indicat.<\/p>\n\n\n\n<p>Cal recordar que el Consell va aprovar un contracte d&#8217;emerg\u00e8ncia per a la reposici\u00f3 de dues passarel\u00b7les per als vianants, la reparaci\u00f3 de dos ponts sobre la rambla del Pedr\u00eds en el nucli urb\u00e0 de Xiva i la reconstrucci\u00f3 del pont del cam\u00ed Perenchiza sobre el barranc del Gallec. Es tracta d&#8217;infraestructures fonamentals per a la connectivitat del municipi, ja que permeten el pas entre diferents zones de tots dos costats del barranc. La inversi\u00f3 total per a aquestes actuacions a Xiva ascendeix a 3.364.000 euros.<\/p>\n\n\n\n<p>Aquestes actuacions formen part del pla \u2018Recuperem Val\u00e8ncia\u2019, mitjan\u00e7ant el qual la Generalitat ha assumit les compet\u00e8ncies locals per a executar 50 obres de rehabilitaci\u00f3 en m\u00e9s d&#8217;una vintena de localitats afectades, a causa de les dificultats dels municipis per a executar aquests treballs i a la urg\u00e8ncia de realitzar-los com m\u00e9s prompte millor. Mart\u00ednez Mus ha destacat que, per a l&#8217;execuci\u00f3 d&#8217;aquestes obres municipals, \u201cla Generalitat ha destinat 50 milions d&#8217;euros\u201d.<\/p>\n\n\n\n<figure class=\"wp-block-image size-large\"><img loading=\"lazy\" decoding=\"async\" width=\"1024\" height=\"576\" src=\"http:\/\/www.tucomarca.com\/wordpress\/segunda\/wp-content\/uploads\/2025\/07\/MED_puente_Chiva-1024x576.jpg\" alt=\"\" class=\"wp-image-272821\" srcset=\"https:\/\/www.tucomarca.com\/wordpress\/segunda\/wp-content\/uploads\/2025\/07\/MED_puente_Chiva-1024x576.jpg 1024w, https:\/\/www.tucomarca.com\/wordpress\/segunda\/wp-content\/uploads\/2025\/07\/MED_puente_Chiva-300x169.jpg 300w, https:\/\/www.tucomarca.com\/wordpress\/segunda\/wp-content\/uploads\/2025\/07\/MED_puente_Chiva-768x432.jpg 768w, https:\/\/www.tucomarca.com\/wordpress\/segunda\/wp-content\/uploads\/2025\/07\/MED_puente_Chiva-1536x864.jpg 1536w, https:\/\/www.tucomarca.com\/wordpress\/segunda\/wp-content\/uploads\/2025\/07\/MED_puente_Chiva-678x381.jpg 678w, https:\/\/www.tucomarca.com\/wordpress\/segunda\/wp-content\/uploads\/2025\/07\/MED_puente_Chiva.jpg 1600w\" sizes=\"auto, (max-width: 1024px) 100vw, 1024px\" \/><\/figure>\n\n\n\n<p><strong>Actuacions a Xiva<\/strong><\/p>\n\n\n\n<p>La recuperaci\u00f3 d&#8217;aquestes infraestructures \u00e9s clau per a millorar la mobilitat a Xiva i avan\u00e7ar en la reconstrucci\u00f3 del municipi. Amb la instal\u00b7laci\u00f3 de la passarel\u00b7la, continuen els treballs per a la reconstrucci\u00f3 de les altres infraestructures que van resultar danyades per les inundacions.<\/p>\n\n\n\n<p>En aquesta l\u00ednia, des de principis de juliol s&#8217;ha iniciat la reconstrucci\u00f3 del pont Vell del carrer Enrique Ponce, tamb\u00e9 afectat per les pluges. Les obres inclouen la reparaci\u00f3 de l&#8217;estructura de pedra, aix\u00ed com la reposici\u00f3 de serveis i paviments. Els treballs avancen a bon ritme i es preveu que aquesta via de pas estiga operativa a mitjan agost.<\/p>\n\n\n\n<p>Per part seua, en el pont del cam\u00ed Perenchiza s&#8217;estan duent a terme treballs per a ampliar la capacitat hidr\u00e0ulica del pas sobre el barrando del Gallec, l&#8217;estructura original del qual va resultar insuficient davant el cabal que es va originar a l&#8217;octubre. Aquesta defici\u00e8ncia va provocar que l&#8217;aigua depassara el tauler, deixant-lo fora de servei.<\/p>\n\n\n\n<p>La intervenci\u00f3 en aquest pont contempla el refor\u00e7 estructural i l&#8217;increment de la secci\u00f3 hidr\u00e0ulica, la qual cosa permetr\u00e0 duplicar la capacitat de desgu\u00e0s en cas d&#8217;una avinguda. Actualment, s&#8217;est\u00e0 procedint a la col\u00b7locaci\u00f3 dels marcs en tots dos laterals de l&#8217;estructura original.<\/p>\n","protected":false},"excerpt":{"rendered":"<div class=\"mh-excerpt\">La Conselleria de Medi Ambient, Infraestructures i Territori destina m\u00e9s de tres milions d&#8217;euros per a la recuperaci\u00f3 de diverses infraestructures locals a Xiva. Encara que corresponen a l&#8217;\u00e0mbit municipal, la Generalitat ha assumit la <a class=\"mh-excerpt-more\" href=\"https:\/\/www.tucomarca.com\/wordpress\/segunda\/ca\/la-generalitat-posa-en-servei-la-nova-passarella-de-xiva-i-avanca-la-seguent-fase-de-reconstruccio-dels-ponts-municipals-afectats-per-les-riuades\/\" title=\"La Generalitat posa en servei la nova passarel\u00b7la de Xiva i avan\u00e7a la seg\u00fcent fase de reconstrucci\u00f3 dels ponts municipals afectats per les riuades\">[+] <\/a><\/div>\n","protected":false},"author":12,"featured_media":272820,"comment_status":"open","ping_status":"open","sticky":false,"template":"","format":"standard","meta":{"footnotes":""},"categories":[21466,10898,10948,10894,10904,10912,10903,10947,10896,10897,10975],"tags":[11195,15409,11498,10914,22816],"class_list":{"0":"post-272824","1":"post","2":"type-post","3":"status-publish","4":"format-standard","5":"has-post-thumbnail","7":"category-dana-ca","8":"category-ventana-ca","9":"category-infraestructuras-ca","10":"category-la-comarca-ca","11":"category-sin-categorizar-ca","12":"category-la-hoya-ca","13":"category-medio-ambiente-la-comarca-ca","14":"category-politica","15":"category-seccion-ca","16":"category-sucesos-la-comarca-ca","17":"category-chiva-ca","18":"tag-chiva-ca","19":"tag-dana-2-ca","20":"tag-generalitat-valenciana-ca","21":"tag-la-hoya-de-bunol-chiva-ca","22":"tag-pasarela-ca"},"_links":{"self":[{"href":"https:\/\/www.tucomarca.com\/wordpress\/segunda\/ca\/wp-json\/wp\/v2\/posts\/272824","targetHints":{"allow":["GET"]}}],"collection":[{"href":"https:\/\/www.tucomarca.com\/wordpress\/segunda\/ca\/wp-json\/wp\/v2\/posts"}],"about":[{"href":"https:\/\/www.tucomarca.com\/wordpress\/segunda\/ca\/wp-json\/wp\/v2\/types\/post"}],"author":[{"embeddable":true,"href":"https:\/\/www.tucomarca.com\/wordpress\/segunda\/ca\/wp-json\/wp\/v2\/users\/12"}],"replies":[{"embeddable":true,"href":"https:\/\/www.tucomarca.com\/wordpress\/segunda\/ca\/wp-json\/wp\/v2\/comments?post=272824"}],"version-history":[{"count":0,"href":"https:\/\/www.tucomarca.com\/wordpress\/segunda\/ca\/wp-json\/wp\/v2\/posts\/272824\/revisions"}],"wp:featuredmedia":[{"embeddable":true,"href":"https:\/\/www.tucomarca.com\/wordpress\/segunda\/ca\/wp-json\/wp\/v2\/media\/272820"}],"wp:attachment":[{"href":"https:\/\/www.tucomarca.com\/wordpress\/segunda\/ca\/wp-json\/wp\/v2\/media?parent=272824"}],"wp:term":[{"taxonomy":"category","embeddable":true,"href":"https:\/\/www.tucomarca.com\/wordpress\/segunda\/ca\/wp-json\/wp\/v2\/categories?post=272824"},{"taxonomy":"post_tag","embeddable":true,"href":"https:\/\/www.tucomarca.com\/wordpress\/segunda\/ca\/wp-json\/wp\/v2\/tags?post=272824"}],"curies":[{"name":"wp","href":"https:\/\/api.w.org\/{rel}","templated":true}]}}