{"id":272840,"date":"2025-07-18T11:00:00","date_gmt":"2025-07-18T09:00:00","guid":{"rendered":"https:\/\/www.tucomarca.com\/wordpress\/segunda\/?p=272840"},"modified":"2025-07-18T19:33:05","modified_gmt":"2025-07-18T17:33:05","slug":"concedeixen-el-premi-meseta-del-cabriel-2025-al-voluntariat-que-va-collaborar-a-la-comarca-de-requena-utiel-contra-els-efectes-de-la-dana","status":"publish","type":"post","link":"https:\/\/www.tucomarca.com\/wordpress\/segunda\/ca\/concedeixen-el-premi-meseta-del-cabriel-2025-al-voluntariat-que-va-collaborar-a-la-comarca-de-requena-utiel-contra-els-efectes-de-la-dana\/","title":{"rendered":"Concedeixen el Premi Meseta del Cabriel 2025 al voluntariat que va col\u00b7laborar a la comarca de Requena-Utiel contra els efectes de la DANA"},"content":{"rendered":"\n<h3 class=\"wp-block-heading\">Concedeixen el Premi Meseta del Cabriel 2025 al voluntariat que va col\u00b7laborar a la comarca de Requena-Utiel contra els efectes de la dana del 29 d&#8217;octubre de 2024 i, en representaci\u00f3 de tots ells, a Don Jos\u00e9 Manuel Mart\u00ednez Zome\u00f1o i a Don Jos\u00e9 Luis Arenas S\u00e1nchez i el premi Pi Quilibios 2025 al club de futbol de Venta del Moro.<\/h3>\n\n\n\n<p>L&#8217;Associaci\u00f3 Cultural Amigos de Venta del Moro en l&#8217;assemblea ordin\u00e0ria realitzada el 4 de juliol de 2025 ha concedit en la seua vint-i-cinquena edici\u00f3 els premis Altipl\u00e0 del Cabriol i Pi Quilibios 2025.&nbsp;<\/p>\n\n\n\n<p>L&#8217;acte de lliurament de premis se celebrar\u00e0 a les 20 h. del diumenge 3 d&#8217;agost de 2025 a la Casa de la Cultura de Venta del Moro dins dels actes de la XXXI Setmana Cultural Venturre\u00f1a. Pr\u00e8viament, a les 19 hores es realitzar\u00e0 un acte cultural previ. Durant l&#8217;acte s&#8217;entregaran als premiats una escultura realitzada ex profeso i hi haur\u00e0 un vi d&#8217;honor.<\/p>\n\n\n\n<p>Passe a transcriure-li literalment l&#8217;acta:<\/p>\n\n\n\n<p><strong>Premi Meseta del Cabriel<\/strong><\/p>\n\n\n\n<p>\u00ab2.1 Es procedeix al debat sobre les persones i entitats mereixedores dels premis \u201cAltipl\u00e0 del Cabriol\u201d i \u201cPi Quilibios\u201d en la seua vint-i-cinquena edici\u00f3. Despr\u00e9s de les argumentacions pertinents, es procedeix a la votaci\u00f3 i, per unanimitat dels membres de la directiva presents, s&#8217;aprova el seg\u00fcent: Concedir el premi denominat \u201cAltipl\u00e0 del Cabriol\u201d a tot el voluntariat que va col\u00b7laborar a la comarca de Requena-Utiel contra els efectes de la Dana del 29 d&#8217;octubre de 2024 i, en representaci\u00f3 de tots ells, a don Jos\u00e9 Manuel Mart\u00ednez Zome\u00f1o i a don Jos\u00e9 Luis Arenas S\u00e1nchez, que en els moments m\u00e9s cr\u00edtics de la riuada van poder salvar amb una barca i pala excavadora a molts utielanos que es trobaven a la vora de l&#8217;ofegament.<\/p>\n\n\n\n<p>El 29 d&#8217;octubre de 2024 els cels es van obrir a la nostra comarca, aix\u00ed com en altres comarques valencianes, i es va produir un catastr\u00f2fic temporal de pluja (DANA) amb un impressionant desbordament del riu Magre per gran part de la comarca i baixada impetuosa de la rambla per mitj\u00e0 del nucli urb\u00e0 d&#8217;Utiel, que va ser la localitat m\u00e9s afectada amb sis defuncions i 592 habitatges afectats: 98 d&#8217;elles severament i 14 amb danys estructurals greus. Moltes llars, comer\u00e7os, tallers i llocs de treball es van veure sumits en una mar d&#8217;aigua i fang. La riuada es va emportar molts vehicles, maquin\u00e0ria de treball, contenidors, arbres,&#8230; Al costat d&#8217;Utiel cal ressenyar altres poblacions perjudicades greument com La Torre, Fuenterrobles, Mira, Hortunas, Requena, Camporrobles, etc. Els registres pluviom\u00e8trics comarcans van polvoritzar els r\u00e8cords anteriors amb mesures en dotze hores de 399 litres a Xera; 318 en la Finca de Sant Blas de Requena; 316 a la Casa Ejarque del Rebollar; 284 a Utiel; 283 a Requena; 247 a la Torre o 241 Sant Antoni. El mai vist. Pr\u00e0cticament dos ter\u00e7os del que plou en un any en nom\u00e9s mig dia.<\/p>\n\n\n\n<p>El riu Magre va aprofundir i va eixamplar molt el seu llit convertint-se en 2.000 metres c\u00fabics en l&#8217;embassament de Forata, multiplicant per 87 el seu cabal i arrossegant dos milions de metres c\u00fabics de sediments. L&#8217;embassament de Forata del riu Magre va pujar en 8 hores de 6,46 hect\u00f2metres c\u00fabics a 39,7, sobrepassant la seua capacitat m\u00e0xima de 37 hect\u00f2metres c\u00fabics.<\/p>\n\n\n\n<p>A m\u00e9s dels danys en cases i en vides humanes, la male\u00efda DANA va arrasar tota la infraestructura al seu pas. Van ser moltes les carreteres afectades com la nacional d&#8217;Albacete a l&#8217;altura del Pont\u00f3, la d&#8217;Utiel-Sinarques, la de Hortunas a I\u00e0tova, la de Sant Joan-Sant Antoni i la de Roma-Sant Antoni. La l\u00ednia f\u00e8rria C3 Val\u00e8ncia-Utiel ha quedat inh\u00e0bil per m\u00e9s d&#8217;un any. La xarxa de camins va quedar molt afectada amb 750 km. perjudicats nom\u00e9s en el terme de Requena. Tots els sistemes de reg del Magre han quedat arrasats i inh\u00e0bils com a preses, assuts i s\u00e9quies. Han sigut molts els ponts destrossats com el de Sant Joan, el de Roma, el del Corriol del Penyal al Vessador, el del cam\u00ed del Pal d&#8217;Iniesta, el de Xalans (vell i nou), el del Saboner o el de Hortunas, entre altres. En mal estat va quedar el pont del Pont\u00f3, dels Tunos i el de Santa Cruz o de les Oller\u00edas a Requena, entre altres.&nbsp;<\/p>\n\n\n\n<p>Va haver-hi nombrosos danys en cultiu i en una primera valoraci\u00f3 es van calcular unes 5.007 hect\u00e0rees afectades de vinya (3.058 hect\u00e0rees), ametler (1.371 hect\u00e0rees), olivar (292 hect\u00e0rees) i cultius herbacis (266 hect\u00e0rees).<\/p>\n\n\n\n<p>Les primeres imatges de la trag\u00e8dia eren dantesques amb el nucli urb\u00e0 d&#8217;Utiel inundat; amb les aig\u00fces emportant-se arbres, contenidors i cotxes; amb ve\u00efns apuntats a la finestra demandant ajuda o amb el regrill\u00f3 de Reines de Requena desbordat i afectant les cases riberenques.<\/p>\n\n\n\n<p>Segurament \u00e9s el fenomen meteorol\u00f2gic m\u00e9s contundent i devastador que haja esdevingut a la comarca, encara que hi ha hagut alguns molt severs com la Nit de Santa Sabina del 27 d&#8217;octubre de 1728 o la greu inundaci\u00f3 del Magre i la rambla d&#8217;Utiel l&#8217;1 de setembre de 1907 que va destruir 32 cases.<\/p>\n\n\n\n<p>Per\u00f2 com tota trag\u00e8dia mostra un costat positiu, aquest prompte va aflorar, doncs des dels moments m\u00e9s cr\u00edtics; quant tot era un llit desbordat i violent; quan tot era desolaci\u00f3 i impot\u00e8ncia; van sorgir ja voluntaris valents i professionals que van arriscar les seues pr\u00f2pies vides per salvar unes altres. Amb una gran part del nucli urb\u00e0 d&#8217;Utiel negat, voluntaris amb maquin\u00e0ries agr\u00edcoles i de construcci\u00f3 i excavaci\u00f3 de gran magnitud van rescatar als ve\u00efns de les seues cases portant-los a parts m\u00e9s segures. En els barris m\u00e9s afectats ja nom\u00e9s servien les barques i grans pales per a rescatar a ve\u00efns que estaven en els pisos superiors o en la teulada. Es calcula en unes 80 persones rescatades fins a les 7 de la vesprada.<\/p>\n\n\n\n<p>En eixes hores cr\u00edtiques, a Requena es va habilitar un centre d&#8217;acolliment de centenars d&#8217;afectats despla\u00e7ats traslladats des de l&#8217;autovia a l&#8217;altura de Xiva i AVE que van arribar de matinada.<\/p>\n\n\n\n<p>Encara estava el drama b\u00e9 calent quan ja actuaven en la mesura de les seues possibilitats les institucions i professionals p\u00fablics (Protecci\u00f3 Civil, sanitaris, Policia Local, Gu\u00e0rdia Civil, Ex\u00e8rcit, bombers, funcionaris, pol\u00edtics locals&#8230;).<\/p>\n\n\n\n<p>L&#8217;endem\u00e0 es valorava la dimensi\u00f3 del desastre, especialment en localitats com Utiel, La Torre o Hortunas, entre altres; per\u00f2 quasi al mateix temps i, malgrat els problemes en la xarxa de carreteres, va comen\u00e7ar a donar-se un moviment de solidaritat impressionant entre la poblaci\u00f3 no afectada d&#8217;Utiel i la comarca. En els dies seg\u00fcents vam veure com a agricultors i propietaris de maquin\u00e0ria pesant van ser clau i es van organitzar per a retirar enderrocs, mobiliari i fang. Legions de ciutadans comarcans van acudir a les localitats afectades a retirar fang de les cases i comer\u00e7os amb pales, raspalls, graneres, rasclets i el que hi haguera. Tot era solidaritat. Prompte va vindre tamb\u00e9 roba i menjar d&#8217;altres llocs.<\/p>\n\n\n\n<p>Convertida la DANA en la gran not\u00edcia nacional i mundial, en els seg\u00fcents dies tamb\u00e9 va acudir a la nostra comarca voluntaris de totes les zones d&#8217;Espanya, molts d&#8217;ells professionals com a bombers o sanitaris, per\u00f2 a nivell personal. Tamb\u00e9 van vindre voluntaris en autobusos des de Val\u00e8ncia, bombers de quasi tota Espanya, amb especial menci\u00f3 a Gij\u00f3n, sanitaris d&#8217;emerg\u00e8ncia des de Sevilla amb UVI m\u00f2bil, treballadors d&#8217;empreses d&#8217;aigua, l&#8217;Ajuntament de Minglanilla va organitzar una recluta de voluntaris, gents de la Cooperativa d&#8217;Iniesta van acudir a netejar la Cooperativa d&#8217;Utiel i un gran i llarg etc\u00e8tera. Servisca els esmentats com a exemple. A Utiel es va habilitar un centre per a allotjar voluntaris. L&#8217;ona de solidaritat va comportar tamb\u00e9 a restaurants, botigues i voluntaris que van repartir menjar i beguda gratu\u00eftament, tallers que reparaven les freq\u00fcents punxades de la maquin\u00e0ria, psic\u00f2legs que atenien persones afectades, fundacions privades que r\u00e0pidament van distribuir diners a afectats, comptes solidaris&#8230; Es va veure la millor cara de la humanitat. Per descomptat, eixa onada de solidaritat no sols va aconseguir a la nostra comarca, sin\u00f3 tamb\u00e9 a totes les localitats valencianes afectades, on la trag\u00e8dia humana encara va ser major.<\/p>\n\n\n\n<p>L&#8217;Associaci\u00f3 Cultural Amigos de Venta del Moro vol recon\u00e9ixer amb aquest Premi Meseta del Cabriel 2025 a tots els professionals que durant molts dies van treballar intensament en les labors de reconstrucci\u00f3 com les forces policials, Gu\u00e0rdia Civil, sanitaris, Unitat Militar d&#8217;Emerg\u00e8ncia, funcionaris, Protecci\u00f3 Civil, pol\u00edtics locals i tamb\u00e9 a l&#8217;enorme onada de solidaritat civil i ciutadana, aix\u00ed com d&#8217;empreses privades i ONGS com Creu Roja, C\u00e0ritas, l&#8217;Associaci\u00f3 Espanyola contra el C\u00e0ncer, Open Arms i moltes m\u00e9s. Mesos despr\u00e9s encara \u00e9s visible la petjada de la cat\u00e0strofe en habitatges privats i infraestructures p\u00fabliques, per\u00f2 tamb\u00e9 es pot veure com hi ha persones que ja poden allotjar-se a les seues cases, comer\u00e7os que han obert en temps r\u00e8cord o infraestructures parcialment restaurades.<\/p>\n\n\n\n<p>No \u00e9s possible enumerar en aquesta acta totes les entitats p\u00fabliques i privades que han col\u00b7laborat tant en els moments cr\u00edtics com en els posteriors, ni tampoc a tota la ciutadania que ha ajudat. En el nom de tots ells, s&#8217;ha decidit que el Premi siga arreplegat per don Jos\u00e9 Manuel Mart\u00ednez Zome\u00f1o, militar de la UME que eixe dia estava de vacances, al costat del bomber professional don Jos\u00e9 Luis Arenas S\u00e1nchez, tamb\u00e9 en dia vacant, que en les hores m\u00e9s cr\u00edtiques i amb l&#8217;\u00fanica barca de pesca que per la seua caballaje podia ser \u00fatil, van rescatar a ve\u00efns que estaven ja a la vora de l&#8217;ofegament en els barris en qu\u00e8 l&#8217;altura de l&#8217;aigua estava arribant al segon pis. Van contribuir a salvar m\u00e9s de vint vides, majors i xiquets, arriscant la pr\u00f2pia, perqu\u00e8 la barca tamb\u00e9 era arrossegada sense rumb pel corrent donant-se contra edificacions i amb una estabilitat molt preocupant a punt de la bolcada. De fet, finalment van ser arrossegats pel corrent fora ja del nucli urb\u00e0 i van poder enganxar la barca a un arbre on Jos\u00e9 Manuel va estar pujat per una hora, mentre Jos\u00e9 Luis romania en la barca a la vora de l&#8217;enfonsament. Finalment, van ser rescatats per altres voluntaris, els companys del club de pesca. I van tornar al punt inicial i van seguir els dos rescatant amb una gran m\u00e0quina excavadora. Van improvisar un protocol d&#8217;actuaci\u00f3 juntament amb el cap de la Gu\u00e0rdia Civil d&#8217;Utiel, Fran Men\u00e9ndez Hermida, i regidors de l&#8217;Ajuntament d&#8217;Utiel. Amb m\u00e9s pales excavadores i tractors aportats per un gran nombre de voluntaris, van traure a totes les persones que van demanar ajuda des de les finestres superiors de l&#8217;habitatge. Gr\u00e0cies als voluntaris es van poder improvisar m\u00e9s equips de rescat i evacuaci\u00f3 que van deixar a desenes de persones en llocs segurs. Es van fer lliteres improvisades amb portes per a poder baixar a la gent gran i es van trencar moltes finestres i reixats per a accedir a la gent que estava atrapada en el segon pis de les seues cases. En algunes cases que van entrar, les persones ja havien mort. Tamb\u00e9 va actuar un helic\u00f2pter. Cal recordar que en eixos moments Utiel estava a\u00efllada i no podia arribar l&#8217;ajuda externa.<\/p>\n\n\n\n<p>Venta del Moro no va ser afectada per la DANA, per\u00f2 els seus ve\u00efns s\u00ed que van col\u00b7laborar molt solid\u00e0riament amb les localitats pr\u00f2ximes afectades, tant amb maquin\u00e0ria com a nivell de treball personal, especialment a Utiel i La Torre.<\/p>\n\n\n\n<p>Ha sigut molt valorat que a Utiel la tasca de recuperaci\u00f3 fora molt m\u00e9s velo\u00e7 que en altres localitats valencianes gr\u00e0cies a la gran flota de maquin\u00e0ria agr\u00edcola i pesada de la comarca que va estar treballant des de l&#8217;inici netejant la ciutat d&#8217;enderrocs, llot, vehicles i mobiliari afectat. Va ser un factor clau.<\/p>\n\n\n\n<p>Aquesta enorme onada de solidaritat que s&#8217;ha volgut distingir i premiar va permetre encunyar la frase \u00abEl poble salva al poble\u00bb i en nom i representaci\u00f3 de tots aquells que han col\u00b7laborat en les tasques primeres de rescat de persones i en les posteriors de recuperaci\u00f3 i reconstrucci\u00f3, es concedeix el Premi Meseta del Cabriel 2025 a don Jos\u00e9 Manuel Mart\u00ednez Zome\u00f1o i a don Jos\u00e9 Luis Arenas S\u00e1nchez que en els moments m\u00e9s cr\u00edtics de la riuada a Utiel van poder salvar amb una barca i pala excavadora a molts utielanos que es trobaven a la vora de l&#8217;ofegament i van improvisar equips de rescat. Premi que en el seu nom es fa extensible a tot el voluntariat que ha col\u00b7laborat en les tasques de rescat, neteja i restauraci\u00f3.\u00bb<\/p>\n\n\n\n<p><strong>Premie Pi Quilibios<\/strong><\/p>\n\n\n\n<p>\u00abConcedir el premi denominat \u201cPi Quilibios\u201d al Club de Futbol Venta del Moro pel seu esfor\u00e7 perqu\u00e8 aquest esport continue viu a Venta del Moro i que vaja a aconseguir dins de tres anys els seus primers cent anys.&nbsp;<\/p>\n\n\n\n<p>El futbol \u00e9s un esport relativament modern, perqu\u00e8 els primers intents seriosos d&#8217;organitzaci\u00f3 no apareixeran fins a 1863 amb la creaci\u00f3 de la \u201cFootball Association\u201d a Londres. Com a primers equips de futbol a Espanya, encara que format per estrangers, se cita el Riu Negre Foot-Ball Club en 1878 i el Huelva Recreation Club fundat en 1889, el primer partit del qual ho va disputar el mateix any contra la col\u00f2nia anglesa de Sevilla. El futbol va tindre una r\u00e0pida difusi\u00f3 despr\u00e9s de la fundaci\u00f3 d&#8217;alguns equips a fins de segle: Bilbao, Barcelona, Espa\u00f1ol o el Reial Madrid en 1902.<\/p>\n\n\n\n<p>Les primeres not\u00edcies de futbol a la comarca s\u00f3n de 1923. El 22 d&#8217;abril d&#8217;eixe any es va jugar un partit de futbol entre l&#8217;Utiel CF i el Requena CF en la Pla\u00e7a de Bous d&#8217;Utiel. Entre 1924 i 1925, Sant Antoni ja gaudia d&#8217;equip de futbol i en 1926 les Cases d&#8217;Utiel.<\/p>\n\n\n\n<p>Ser\u00e0 aproximadament en 1928 cuandoaparecieron a Venta del Moro els pioners del futbol amb l&#8217;ins\u00f2lit nom del Heliog\u00e1balo F.C. Va tindre import\u00e0ncia per a la consolidaci\u00f3 del futbol al poble les obres del ferrocarril Baeza-Utiel a Venta del Moro. Aquesta obra, que s&#8217;iniciada a Venta del Moro en 1929, va donar treball a molts forasters que van poder vindre amb la idea d&#8217;un nou tipus d&#8217;esport que havien vist practicar en altres llocs on havien treballat anteriorment. Aquest \u00e9s el cas del portugu\u00e9sDamiao que va vindre a treballar en la via i que va jugar de porter en el Heliog\u00e1balo i altres jugadors que sabem que en alguns despla\u00e7aments arribaven tard a les obres de la Via. Dels pioners del Heliog\u00e1balo recordem, a m\u00e9s de Dami\u00e1n, a Jos\u00e9 Villarta &#8220;El Gat&#8221;, Juli\u00e1n Hern\u00e1ndez &#8220;Torero&#8221;, Miguel D\u00edaz, Loreto C\u00e1rcel \u201cEl Gall\u201d, Francisco Tornero, Antonio Moya, Eloy Yeves, Adelo Ruiz Yeves, Julianete P\u00e9rez, Lucio Ruiz &#8220;Curro&#8221;, Rafael C\u00e1rcel, Paco &#8220;El Gangarra&#8221;, Alberto X\u00e0tiva i alguns jugadors m\u00e9s de Requena. El vestit de l&#8217;equip era a ratlles i el primer camp de futbol es va situar prop del cementeri. Aix\u00ed, despr\u00e9s de tres anys amb el nom de &#8220;Heliog\u00e1balo&#8221;, es va adoptar la macabra denominaci\u00f3 de &#8220;La Mort&#8221; per a l&#8217;equip de futbol, nom que duraria nom\u00e9s un any.<\/p>\n\n\n\n<p>En 1932, i ja com Venta del Moro F.C., es va formar un nou planter de jugadors, entre ells, a la porta Manuel C\u00e1rcel &#8220;Sales&#8221;, en defensa Antonio C\u00e1rcel &#8220;Sales&#8221; i Antonio Mata; en la mitjana Rafael L\u00f3pez &#8220;El Cam\u00fas&#8221;, Lucio Villarta, Lucio L\u00f3pez, Alejandro &#8220;Pinchamp\u00f3n&#8221;, \u00c1ngel Haya, Nemesio Pres\u00f3 i com a davanters Emilio Moya &#8220;Color\u00edn&#8221;, Lucio P\u00e9rez &#8220;Tronera&#8221;, Lucio Ruiz &#8220;Curro&#8221;, Antonio Moya &#8220;Arenas&#8221;, Jaime Garc\u00eda Ruiz, Adelo Garc\u00eda Latorre i Fernando Mart\u00ednez Villena. El vestuari anterior de ratlles del Heliog\u00e1balo va ser substitu\u00eft per un equipatge totalment blanc.&nbsp;<\/p>\n\n\n\n<p>Eren temps en qu\u00e8 jugar al futbol suposava un esfor\u00e7 considerable per als jugadors d&#8217;aquella \u00e8poca que havien de pagar-se tot absolutament. Com a exemple, Emilio Moya, al qual un parell de botes li va costar tres dies de sega en Fuentesclaras. Als partits que se celebraven als pobles confrontants amb Val\u00e8ncia s&#8217;anava en l&#8217;autocar de l&#8217;oncle Polo Gonz\u00e1lez, el viatge del qual, tamb\u00e9 costejat per l&#8217;equip, suposava de noranta a cent pessetes de les d&#8217;abans.<\/p>\n\n\n\n<p><\/p>\n","protected":false},"excerpt":{"rendered":"<div class=\"mh-excerpt\">Concedeixen el Premi Meseta del Cabriel 2025 al voluntariat que va col\u00b7laborar a la comarca de Requena-Utiel contra els efectes de la dana del 29 d&#8217;octubre de 2024 i, en representaci\u00f3 de tots ells, a <a class=\"mh-excerpt-more\" href=\"https:\/\/www.tucomarca.com\/wordpress\/segunda\/ca\/concedeixen-el-premi-meseta-del-cabriel-2025-al-voluntariat-que-va-collaborar-a-la-comarca-de-requena-utiel-contra-els-efectes-de-la-dana\/\" title=\"Concedeixen el Premi Meseta del Cabriel 2025 al voluntariat que va col\u00b7laborar a la comarca de Requena-Utiel contra els efectes de la DANA\">[+] <\/a><\/div>\n","protected":false},"author":13,"featured_media":272839,"comment_status":"open","ping_status":"open","sticky":false,"template":"","format":"standard","meta":{"footnotes":""},"categories":[21466,10948,10894,10903,10947,10909,10896,10897,11060],"tags":[10910,11709],"class_list":{"0":"post-272840","1":"post","2":"type-post","3":"status-publish","4":"format-standard","5":"has-post-thumbnail","7":"category-dana-ca","8":"category-infraestructuras-ca","9":"category-la-comarca-ca","10":"category-medio-ambiente-la-comarca-ca","11":"category-politica","12":"category-requena-utiel-ca","13":"category-seccion-ca","14":"category-sucesos-la-comarca-ca","15":"category-venta-del-moro-ca","16":"tag-requena-utiel-ca","17":"tag-venta-del-moro-ca"},"_links":{"self":[{"href":"https:\/\/www.tucomarca.com\/wordpress\/segunda\/ca\/wp-json\/wp\/v2\/posts\/272840","targetHints":{"allow":["GET"]}}],"collection":[{"href":"https:\/\/www.tucomarca.com\/wordpress\/segunda\/ca\/wp-json\/wp\/v2\/posts"}],"about":[{"href":"https:\/\/www.tucomarca.com\/wordpress\/segunda\/ca\/wp-json\/wp\/v2\/types\/post"}],"author":[{"embeddable":true,"href":"https:\/\/www.tucomarca.com\/wordpress\/segunda\/ca\/wp-json\/wp\/v2\/users\/13"}],"replies":[{"embeddable":true,"href":"https:\/\/www.tucomarca.com\/wordpress\/segunda\/ca\/wp-json\/wp\/v2\/comments?post=272840"}],"version-history":[{"count":0,"href":"https:\/\/www.tucomarca.com\/wordpress\/segunda\/ca\/wp-json\/wp\/v2\/posts\/272840\/revisions"}],"wp:featuredmedia":[{"embeddable":true,"href":"https:\/\/www.tucomarca.com\/wordpress\/segunda\/ca\/wp-json\/wp\/v2\/media\/272839"}],"wp:attachment":[{"href":"https:\/\/www.tucomarca.com\/wordpress\/segunda\/ca\/wp-json\/wp\/v2\/media?parent=272840"}],"wp:term":[{"taxonomy":"category","embeddable":true,"href":"https:\/\/www.tucomarca.com\/wordpress\/segunda\/ca\/wp-json\/wp\/v2\/categories?post=272840"},{"taxonomy":"post_tag","embeddable":true,"href":"https:\/\/www.tucomarca.com\/wordpress\/segunda\/ca\/wp-json\/wp\/v2\/tags?post=272840"}],"curies":[{"name":"wp","href":"https:\/\/api.w.org\/{rel}","templated":true}]}}