{"id":272945,"date":"2025-07-21T09:45:00","date_gmt":"2025-07-21T07:45:00","guid":{"rendered":"https:\/\/www.tucomarca.com\/wordpress\/segunda\/?p=272945"},"modified":"2025-07-21T11:17:00","modified_gmt":"2025-07-21T09:17:00","slug":"fotogaleria-ambient-festiu-i-esperit-esportiu-marquen-linici-de-les-festes-dalboraig","status":"publish","type":"post","link":"https:\/\/www.tucomarca.com\/wordpress\/segunda\/ca\/fotogaleria-ambient-festiu-i-esperit-esportiu-marquen-linici-de-les-festes-dalboraig\/","title":{"rendered":"Fotogaler\u00eda: ambient festiu i esperit esportiu marquen l&#8217;inici de les festes d&#8217;Alboraig"},"content":{"rendered":"\n<p>Alboraig ha arrancat les seues Festes Patronals en gran aquest cap de setmana, amb uns primers dies carregats de participaci\u00f3, m\u00fasica, color i emoci\u00f3 que han reunit ve\u00efns, estiuejants i visitants d&#8217;altres poblacions entorn d&#8217;una programaci\u00f3 festiva pensada per a tots.<\/p>\n\n\n\n<p>La jornada inaugural del divendres ha comen\u00e7at amb el tradicional sopar de ve\u00efns, a la qual ha seguit l&#8217;esperat preg\u00f3 de festes, acompanyat per un cercaviles amb la Societat Instructiva Musical (SIM) i l&#8217;actuaci\u00f3 d&#8217;una disc m\u00f2bil que ha animat la nit fins a ben entrada la matinada.<\/p>\n\n\n\n<p>Els carrers del municipi s&#8217;han engalanat per a l&#8217;ocasi\u00f3 i, com cada any, s&#8217;ha celebrat el concurs de decoraci\u00f3, els premis de la qual han recaigut en:<\/p>\n\n\n\n<p>Calle Para\u00edso<\/p>\n\n\n\n<p>Calle Abajo<\/p>\n\n\n\n<p>Calle Rosas<\/p>\n\n\n\n<p>Des de l&#8217;organitzaci\u00f3 han volgut felicitar els guardonats \u201cpel seu art, treball i creativitat\u201d.<\/p>\n\n\n\n<p>El dissabte a la vesprada, els carrers d&#8217;Alboraig s&#8217;han omplit de disfresses, humor i colorit amb la tradicional cavalcada, que, malgrat la intensa calor, ha comptat amb una gran participaci\u00f3. Els premis d&#8217;aquesta edici\u00f3 han sigut per a:<\/p>\n\n\n\n<p>Falla Alboraig<\/p>\n\n\n\n<p>Els Alvocats<\/p>\n\n\n\n<p>El grup ochentero<\/p>\n\n\n\n<p>A la nit, l&#8217;ambient festiu ha continuat amb un multitudinari sopar de quadrilles en el recinte de la piscina, que ha reunit a m\u00e9s de 225 comensals, en una cita que ha destacat pel bon humor i la conviv\u00e8ncia.<\/p>\n\n\n\n<p>Com a tancament de la jornada, l&#8217;actuaci\u00f3 dels Bonics ha posat el fermall d&#8217;or amb un concert ple de ritme i energia.<\/p>\n\n\n\n<figure class=\"wp-block-gallery has-nested-images columns-1 is-cropped wp-block-gallery-1 is-layout-flex wp-block-gallery-is-layout-flex\">\n<figure class=\"wp-block-image size-large\"><img loading=\"lazy\" decoding=\"async\" width=\"1024\" height=\"1024\" data-id=\"272929\" src=\"https:\/\/www.tucomarca.com\/wordpress\/segunda\/wp-content\/uploads\/2025\/07\/AlboracheFiestas01-1024x1024.jpg\" alt=\"\" class=\"wp-image-272929\" srcset=\"https:\/\/www.tucomarca.com\/wordpress\/segunda\/wp-content\/uploads\/2025\/07\/AlboracheFiestas01-1024x1024.jpg 1024w, https:\/\/www.tucomarca.com\/wordpress\/segunda\/wp-content\/uploads\/2025\/07\/AlboracheFiestas01-300x300.jpg 300w, https:\/\/www.tucomarca.com\/wordpress\/segunda\/wp-content\/uploads\/2025\/07\/AlboracheFiestas01-290x290.jpg 290w, https:\/\/www.tucomarca.com\/wordpress\/segunda\/wp-content\/uploads\/2025\/07\/AlboracheFiestas01-768x768.jpg 768w, https:\/\/www.tucomarca.com\/wordpress\/segunda\/wp-content\/uploads\/2025\/07\/AlboracheFiestas01.jpg 1440w\" sizes=\"auto, (max-width: 1024px) 100vw, 1024px\" \/><\/figure>\n\n\n\n<figure class=\"wp-block-image size-large\"><img loading=\"lazy\" decoding=\"async\" width=\"1024\" height=\"1024\" data-id=\"272931\" src=\"https:\/\/www.tucomarca.com\/wordpress\/segunda\/wp-content\/uploads\/2025\/07\/AlboracheFiestas02-1024x1024.jpg\" alt=\"\" class=\"wp-image-272931\" srcset=\"https:\/\/www.tucomarca.com\/wordpress\/segunda\/wp-content\/uploads\/2025\/07\/AlboracheFiestas02-1024x1024.jpg 1024w, https:\/\/www.tucomarca.com\/wordpress\/segunda\/wp-content\/uploads\/2025\/07\/AlboracheFiestas02-300x300.jpg 300w, https:\/\/www.tucomarca.com\/wordpress\/segunda\/wp-content\/uploads\/2025\/07\/AlboracheFiestas02-290x290.jpg 290w, https:\/\/www.tucomarca.com\/wordpress\/segunda\/wp-content\/uploads\/2025\/07\/AlboracheFiestas02-768x768.jpg 768w, https:\/\/www.tucomarca.com\/wordpress\/segunda\/wp-content\/uploads\/2025\/07\/AlboracheFiestas02.jpg 1440w\" sizes=\"auto, (max-width: 1024px) 100vw, 1024px\" \/><\/figure>\n\n\n\n<figure class=\"wp-block-image size-large\"><img loading=\"lazy\" decoding=\"async\" width=\"1024\" height=\"1024\" data-id=\"272935\" src=\"https:\/\/www.tucomarca.com\/wordpress\/segunda\/wp-content\/uploads\/2025\/07\/AlboracheFiestas03-1-1024x1024.jpeg\" alt=\"\" class=\"wp-image-272935\" srcset=\"https:\/\/www.tucomarca.com\/wordpress\/segunda\/wp-content\/uploads\/2025\/07\/AlboracheFiestas03-1-1024x1024.jpeg 1024w, https:\/\/www.tucomarca.com\/wordpress\/segunda\/wp-content\/uploads\/2025\/07\/AlboracheFiestas03-1-300x300.jpeg 300w, https:\/\/www.tucomarca.com\/wordpress\/segunda\/wp-content\/uploads\/2025\/07\/AlboracheFiestas03-1-290x290.jpeg 290w, https:\/\/www.tucomarca.com\/wordpress\/segunda\/wp-content\/uploads\/2025\/07\/AlboracheFiestas03-1-768x768.jpeg 768w, https:\/\/www.tucomarca.com\/wordpress\/segunda\/wp-content\/uploads\/2025\/07\/AlboracheFiestas03-1.jpeg 1440w\" sizes=\"auto, (max-width: 1024px) 100vw, 1024px\" \/><\/figure>\n\n\n\n<figure class=\"wp-block-image size-large\"><img loading=\"lazy\" decoding=\"async\" width=\"1024\" height=\"1024\" data-id=\"272940\" src=\"https:\/\/www.tucomarca.com\/wordpress\/segunda\/wp-content\/uploads\/2025\/07\/AlboracheFiestas04-1024x1024.jpg\" alt=\"\" class=\"wp-image-272940\" srcset=\"https:\/\/www.tucomarca.com\/wordpress\/segunda\/wp-content\/uploads\/2025\/07\/AlboracheFiestas04-1024x1024.jpg 1024w, https:\/\/www.tucomarca.com\/wordpress\/segunda\/wp-content\/uploads\/2025\/07\/AlboracheFiestas04-300x300.jpg 300w, https:\/\/www.tucomarca.com\/wordpress\/segunda\/wp-content\/uploads\/2025\/07\/AlboracheFiestas04-290x290.jpg 290w, https:\/\/www.tucomarca.com\/wordpress\/segunda\/wp-content\/uploads\/2025\/07\/AlboracheFiestas04-768x768.jpg 768w, https:\/\/www.tucomarca.com\/wordpress\/segunda\/wp-content\/uploads\/2025\/07\/AlboracheFiestas04.jpg 1440w\" sizes=\"auto, (max-width: 1024px) 100vw, 1024px\" \/><\/figure>\n\n\n\n<figure class=\"wp-block-image size-large\"><img loading=\"lazy\" decoding=\"async\" width=\"1024\" height=\"1024\" data-id=\"272942\" src=\"https:\/\/www.tucomarca.com\/wordpress\/segunda\/wp-content\/uploads\/2025\/07\/AlboracheFiestas05-1024x1024.jpg\" alt=\"\" class=\"wp-image-272942\" srcset=\"https:\/\/www.tucomarca.com\/wordpress\/segunda\/wp-content\/uploads\/2025\/07\/AlboracheFiestas05-1024x1024.jpg 1024w, https:\/\/www.tucomarca.com\/wordpress\/segunda\/wp-content\/uploads\/2025\/07\/AlboracheFiestas05-300x300.jpg 300w, https:\/\/www.tucomarca.com\/wordpress\/segunda\/wp-content\/uploads\/2025\/07\/AlboracheFiestas05-290x290.jpg 290w, https:\/\/www.tucomarca.com\/wordpress\/segunda\/wp-content\/uploads\/2025\/07\/AlboracheFiestas05-768x768.jpg 768w, https:\/\/www.tucomarca.com\/wordpress\/segunda\/wp-content\/uploads\/2025\/07\/AlboracheFiestas05.jpg 1440w\" sizes=\"auto, (max-width: 1024px) 100vw, 1024px\" \/><\/figure>\n\n\n\n<figure class=\"wp-block-image size-large\"><img loading=\"lazy\" decoding=\"async\" width=\"1024\" height=\"1024\" data-id=\"272923\" src=\"https:\/\/www.tucomarca.com\/wordpress\/segunda\/wp-content\/uploads\/2025\/07\/AlboracheFiestas06-1-1024x1024.jpeg\" alt=\"\" class=\"wp-image-272923\" srcset=\"https:\/\/www.tucomarca.com\/wordpress\/segunda\/wp-content\/uploads\/2025\/07\/AlboracheFiestas06-1-1024x1024.jpeg 1024w, https:\/\/www.tucomarca.com\/wordpress\/segunda\/wp-content\/uploads\/2025\/07\/AlboracheFiestas06-1-300x300.jpeg 300w, https:\/\/www.tucomarca.com\/wordpress\/segunda\/wp-content\/uploads\/2025\/07\/AlboracheFiestas06-1-290x290.jpeg 290w, https:\/\/www.tucomarca.com\/wordpress\/segunda\/wp-content\/uploads\/2025\/07\/AlboracheFiestas06-1-768x768.jpeg 768w, https:\/\/www.tucomarca.com\/wordpress\/segunda\/wp-content\/uploads\/2025\/07\/AlboracheFiestas06-1.jpeg 1440w\" sizes=\"auto, (max-width: 1024px) 100vw, 1024px\" \/><\/figure>\n\n\n\n<figure class=\"wp-block-image size-large\"><img loading=\"lazy\" decoding=\"async\" width=\"1024\" height=\"1024\" data-id=\"272924\" src=\"https:\/\/www.tucomarca.com\/wordpress\/segunda\/wp-content\/uploads\/2025\/07\/AlboracheFiestas07-1-1024x1024.jpeg\" alt=\"\" class=\"wp-image-272924\" srcset=\"https:\/\/www.tucomarca.com\/wordpress\/segunda\/wp-content\/uploads\/2025\/07\/AlboracheFiestas07-1-1024x1024.jpeg 1024w, https:\/\/www.tucomarca.com\/wordpress\/segunda\/wp-content\/uploads\/2025\/07\/AlboracheFiestas07-1-300x300.jpeg 300w, https:\/\/www.tucomarca.com\/wordpress\/segunda\/wp-content\/uploads\/2025\/07\/AlboracheFiestas07-1-290x290.jpeg 290w, https:\/\/www.tucomarca.com\/wordpress\/segunda\/wp-content\/uploads\/2025\/07\/AlboracheFiestas07-1-768x768.jpeg 768w, https:\/\/www.tucomarca.com\/wordpress\/segunda\/wp-content\/uploads\/2025\/07\/AlboracheFiestas07-1.jpeg 1440w\" sizes=\"auto, (max-width: 1024px) 100vw, 1024px\" \/><\/figure>\n\n\n\n<figure class=\"wp-block-image size-large\"><img loading=\"lazy\" decoding=\"async\" width=\"1024\" height=\"1024\" data-id=\"272933\" src=\"https:\/\/www.tucomarca.com\/wordpress\/segunda\/wp-content\/uploads\/2025\/07\/AlboracheFiestas08-1-1024x1024.jpeg\" alt=\"\" class=\"wp-image-272933\" srcset=\"https:\/\/www.tucomarca.com\/wordpress\/segunda\/wp-content\/uploads\/2025\/07\/AlboracheFiestas08-1-1024x1024.jpeg 1024w, https:\/\/www.tucomarca.com\/wordpress\/segunda\/wp-content\/uploads\/2025\/07\/AlboracheFiestas08-1-300x300.jpeg 300w, https:\/\/www.tucomarca.com\/wordpress\/segunda\/wp-content\/uploads\/2025\/07\/AlboracheFiestas08-1-290x290.jpeg 290w, https:\/\/www.tucomarca.com\/wordpress\/segunda\/wp-content\/uploads\/2025\/07\/AlboracheFiestas08-1-768x768.jpeg 768w, https:\/\/www.tucomarca.com\/wordpress\/segunda\/wp-content\/uploads\/2025\/07\/AlboracheFiestas08-1.jpeg 1440w\" sizes=\"auto, (max-width: 1024px) 100vw, 1024px\" \/><\/figure>\n\n\n\n<figure class=\"wp-block-image size-large\"><img loading=\"lazy\" decoding=\"async\" width=\"1024\" height=\"1024\" data-id=\"272938\" src=\"https:\/\/www.tucomarca.com\/wordpress\/segunda\/wp-content\/uploads\/2025\/07\/AlboracheFiestas09-1024x1024.jpg\" alt=\"\" class=\"wp-image-272938\" srcset=\"https:\/\/www.tucomarca.com\/wordpress\/segunda\/wp-content\/uploads\/2025\/07\/AlboracheFiestas09-1024x1024.jpg 1024w, https:\/\/www.tucomarca.com\/wordpress\/segunda\/wp-content\/uploads\/2025\/07\/AlboracheFiestas09-300x300.jpg 300w, https:\/\/www.tucomarca.com\/wordpress\/segunda\/wp-content\/uploads\/2025\/07\/AlboracheFiestas09-290x290.jpg 290w, https:\/\/www.tucomarca.com\/wordpress\/segunda\/wp-content\/uploads\/2025\/07\/AlboracheFiestas09-768x768.jpg 768w, https:\/\/www.tucomarca.com\/wordpress\/segunda\/wp-content\/uploads\/2025\/07\/AlboracheFiestas09.jpg 1440w\" sizes=\"auto, (max-width: 1024px) 100vw, 1024px\" \/><\/figure>\n\n\n\n<figure class=\"wp-block-image size-large\"><img loading=\"lazy\" decoding=\"async\" width=\"1024\" height=\"1024\" data-id=\"272927\" src=\"https:\/\/www.tucomarca.com\/wordpress\/segunda\/wp-content\/uploads\/2025\/07\/AlboracheFiestas10-1-1024x1024.jpeg\" alt=\"\" class=\"wp-image-272927\" srcset=\"https:\/\/www.tucomarca.com\/wordpress\/segunda\/wp-content\/uploads\/2025\/07\/AlboracheFiestas10-1-1024x1024.jpeg 1024w, https:\/\/www.tucomarca.com\/wordpress\/segunda\/wp-content\/uploads\/2025\/07\/AlboracheFiestas10-1-300x300.jpeg 300w, https:\/\/www.tucomarca.com\/wordpress\/segunda\/wp-content\/uploads\/2025\/07\/AlboracheFiestas10-1-290x290.jpeg 290w, https:\/\/www.tucomarca.com\/wordpress\/segunda\/wp-content\/uploads\/2025\/07\/AlboracheFiestas10-1-768x768.jpeg 768w, https:\/\/www.tucomarca.com\/wordpress\/segunda\/wp-content\/uploads\/2025\/07\/AlboracheFiestas10-1.jpeg 1440w\" sizes=\"auto, (max-width: 1024px) 100vw, 1024px\" \/><\/figure>\n\n\n\n<figure class=\"wp-block-image size-large\"><img loading=\"lazy\" decoding=\"async\" width=\"1024\" height=\"1024\" data-id=\"272937\" src=\"https:\/\/www.tucomarca.com\/wordpress\/segunda\/wp-content\/uploads\/2025\/07\/AlboracheFiestas11-1-1024x1024.jpeg\" alt=\"\" class=\"wp-image-272937\" srcset=\"https:\/\/www.tucomarca.com\/wordpress\/segunda\/wp-content\/uploads\/2025\/07\/AlboracheFiestas11-1-1024x1024.jpeg 1024w, https:\/\/www.tucomarca.com\/wordpress\/segunda\/wp-content\/uploads\/2025\/07\/AlboracheFiestas11-1-300x300.jpeg 300w, https:\/\/www.tucomarca.com\/wordpress\/segunda\/wp-content\/uploads\/2025\/07\/AlboracheFiestas11-1-290x290.jpeg 290w, https:\/\/www.tucomarca.com\/wordpress\/segunda\/wp-content\/uploads\/2025\/07\/AlboracheFiestas11-1-768x768.jpeg 768w, https:\/\/www.tucomarca.com\/wordpress\/segunda\/wp-content\/uploads\/2025\/07\/AlboracheFiestas11-1.jpeg 1440w\" sizes=\"auto, (max-width: 1024px) 100vw, 1024px\" \/><\/figure>\n<\/figure>\n","protected":false},"excerpt":{"rendered":"<div class=\"mh-excerpt\">Alboraig ha arrancat les seues Festes Patronals en gran aquest cap de setmana, amb uns primers dies carregats de participaci\u00f3, m\u00fasica, color i emoci\u00f3 que han reunit ve\u00efns, estiuejants i visitants d&#8217;altres poblacions entorn d&#8217;una <a class=\"mh-excerpt-more\" href=\"https:\/\/www.tucomarca.com\/wordpress\/segunda\/ca\/fotogaleria-ambient-festiu-i-esperit-esportiu-marquen-linici-de-les-festes-dalboraig\/\" title=\"Fotogaler\u00eda: ambient festiu i esperit esportiu marquen l&#8217;inici de les festes d&#8217;Alboraig\">[+] <\/a><\/div>\n","protected":false},"author":12,"featured_media":272941,"comment_status":"open","ping_status":"open","sticky":false,"template":"","format":"gallery","meta":{"footnotes":""},"categories":[10973,10894,10912,11004,11007,11008,10896],"tags":[14071,10914],"class_list":{"0":"post-272945","1":"post","2":"type-post","3":"status-publish","4":"format-gallery","5":"has-post-thumbnail","7":"category-alborache-ca","8":"category-la-comarca-ca","9":"category-la-hoya-ca","10":"category-la-semana-en-imagenes-ca","11":"category-ocio-y-cultura-ca","12":"category-pueblos-en-fiestas-ca","13":"category-seccion-ca","14":"tag-fiestas-patronales-ca","15":"tag-la-hoya-de-bunol-chiva-ca","16":"post_format-post-format-gallery"},"_links":{"self":[{"href":"https:\/\/www.tucomarca.com\/wordpress\/segunda\/ca\/wp-json\/wp\/v2\/posts\/272945","targetHints":{"allow":["GET"]}}],"collection":[{"href":"https:\/\/www.tucomarca.com\/wordpress\/segunda\/ca\/wp-json\/wp\/v2\/posts"}],"about":[{"href":"https:\/\/www.tucomarca.com\/wordpress\/segunda\/ca\/wp-json\/wp\/v2\/types\/post"}],"author":[{"embeddable":true,"href":"https:\/\/www.tucomarca.com\/wordpress\/segunda\/ca\/wp-json\/wp\/v2\/users\/12"}],"replies":[{"embeddable":true,"href":"https:\/\/www.tucomarca.com\/wordpress\/segunda\/ca\/wp-json\/wp\/v2\/comments?post=272945"}],"version-history":[{"count":0,"href":"https:\/\/www.tucomarca.com\/wordpress\/segunda\/ca\/wp-json\/wp\/v2\/posts\/272945\/revisions"}],"wp:featuredmedia":[{"embeddable":true,"href":"https:\/\/www.tucomarca.com\/wordpress\/segunda\/ca\/wp-json\/wp\/v2\/media\/272941"}],"wp:attachment":[{"href":"https:\/\/www.tucomarca.com\/wordpress\/segunda\/ca\/wp-json\/wp\/v2\/media?parent=272945"}],"wp:term":[{"taxonomy":"category","embeddable":true,"href":"https:\/\/www.tucomarca.com\/wordpress\/segunda\/ca\/wp-json\/wp\/v2\/categories?post=272945"},{"taxonomy":"post_tag","embeddable":true,"href":"https:\/\/www.tucomarca.com\/wordpress\/segunda\/ca\/wp-json\/wp\/v2\/tags?post=272945"}],"curies":[{"name":"wp","href":"https:\/\/api.w.org\/{rel}","templated":true}]}}