{"id":273030,"date":"2025-07-21T11:30:00","date_gmt":"2025-07-21T09:30:00","guid":{"rendered":"https:\/\/www.tucomarca.com\/wordpress\/segunda\/?p=273030"},"modified":"2025-07-21T21:41:17","modified_gmt":"2025-07-21T19:41:17","slug":"la-banda-primitiva-de-lliria-triomfa-en-la-seccio-dhonor-del-certamen-internacional-de-valencia","status":"publish","type":"post","link":"https:\/\/www.tucomarca.com\/wordpress\/segunda\/ca\/la-banda-primitiva-de-lliria-triomfa-en-la-seccio-dhonor-del-certamen-internacional-de-valencia\/","title":{"rendered":"La Banda Primitiva de Ll\u00edria triomfa en la Secci\u00f3 d&#8217;Honor del Certamen Internacional de Val\u00e8ncia"},"content":{"rendered":"\n<h3 class=\"wp-block-heading\">La Primitiva s&#8217;al\u00e7a amb el primer premi i la menci\u00f3 d&#8217;honor en la 137a edici\u00f3 del prestigi\u00f3s certamen.<\/h3>\n\n\n\n<p>L&#8217;Ateneu Musical i d&#8217;Ensenyament Banda Primitiva de Ll\u00edria ha sigut proclamat flamant guanyador de la Secci\u00f3 d&#8217;Honor del 137\u00e9 Certamen Internacional de Bandes de M\u00fasica \u201cCiutat de Val\u00e8ncia\u201d, celebrat aquest diumenge en el Palau de la M\u00fasica de la capital del T\u00faria.<\/p>\n\n\n\n<p>Sota la direcci\u00f3 de Pedro Vicente Alam\u00e1, la hist\u00f2rica agrupaci\u00f3 edetana ha brillat amb una superba interpretaci\u00f3 que li ha valgut el primer premi i la menci\u00f3 d&#8217;honor, amb una puntuaci\u00f3 total de 353,5 punts, situant-se per damunt de la resta de formacions participants en la categoria regna del certamen.<\/p>\n\n\n\n<p>La Primitiva ha iniciat la seua participaci\u00f3 amb el pasdoble de presentaci\u00f3 Del Perell\u00f3 a Catarroja, obra del compositor Francisco Serrano. A continuaci\u00f3, ha oferit com a obra lliure la monumental Simfonia n\u00fam. 3 \u201cDie Apokalypthische\u201d, del su\u00eds Thomas Trachsel, una partitura de gran exig\u00e8ncia t\u00e8cnica i expressiva que ha impressionat al jurat.<\/p>\n\n\n\n<p>Aquest nou guard\u00f3 consolida a la Banda Primitiva de Ll\u00edria com una de les formacions m\u00e9s llorejades i respectades del panorama band\u00edstico internacional, en un certamen que continua sent un dels m\u00e9s prestigiosos del m\u00f3n i un referent cultural per a la Comunitat Valenciana.<\/p>\n","protected":false},"excerpt":{"rendered":"<div class=\"mh-excerpt\">La Primitiva s&#8217;al\u00e7a amb el primer premi i la menci\u00f3 d&#8217;honor en la 137a edici\u00f3 del prestigi\u00f3s certamen. L&#8217;Ateneu Musical i d&#8217;Ensenyament Banda Primitiva de Ll\u00edria ha sigut proclamat flamant guanyador de la Secci\u00f3 d&#8217;Honor <a class=\"mh-excerpt-more\" href=\"https:\/\/www.tucomarca.com\/wordpress\/segunda\/ca\/la-banda-primitiva-de-lliria-triomfa-en-la-seccio-dhonor-del-certamen-internacional-de-valencia\/\" title=\"La Banda Primitiva de Ll\u00edria triomfa en la Secci\u00f3 d&#8217;Honor del Certamen Internacional de Val\u00e8ncia\">[+] <\/a><\/div>\n","protected":false},"author":12,"featured_media":273028,"comment_status":"open","ping_status":"open","sticky":false,"template":"","format":"standard","meta":{"footnotes":""},"categories":[10892,11005,10898,10894,10928,11007,10896],"tags":[10899,19497,17186,11070],"class_list":{"0":"post-273030","1":"post","2":"type-post","3":"status-publish","4":"format-standard","5":"has-post-thumbnail","7":"category-camp-de-turia-ca","8":"category-canal-musica","9":"category-ventana-ca","10":"category-la-comarca-ca","11":"category-lliria-ca","12":"category-ocio-y-cultura-ca","13":"category-seccion-ca","14":"tag-camp-de-turia-ca","15":"tag-certamen-internacional-de-bandas-de-musica-ciudad-de-valencia-ca","16":"tag-la-primitiva-de-lliria-ca","17":"tag-lliria-ca"},"_links":{"self":[{"href":"https:\/\/www.tucomarca.com\/wordpress\/segunda\/ca\/wp-json\/wp\/v2\/posts\/273030","targetHints":{"allow":["GET"]}}],"collection":[{"href":"https:\/\/www.tucomarca.com\/wordpress\/segunda\/ca\/wp-json\/wp\/v2\/posts"}],"about":[{"href":"https:\/\/www.tucomarca.com\/wordpress\/segunda\/ca\/wp-json\/wp\/v2\/types\/post"}],"author":[{"embeddable":true,"href":"https:\/\/www.tucomarca.com\/wordpress\/segunda\/ca\/wp-json\/wp\/v2\/users\/12"}],"replies":[{"embeddable":true,"href":"https:\/\/www.tucomarca.com\/wordpress\/segunda\/ca\/wp-json\/wp\/v2\/comments?post=273030"}],"version-history":[{"count":0,"href":"https:\/\/www.tucomarca.com\/wordpress\/segunda\/ca\/wp-json\/wp\/v2\/posts\/273030\/revisions"}],"wp:featuredmedia":[{"embeddable":true,"href":"https:\/\/www.tucomarca.com\/wordpress\/segunda\/ca\/wp-json\/wp\/v2\/media\/273028"}],"wp:attachment":[{"href":"https:\/\/www.tucomarca.com\/wordpress\/segunda\/ca\/wp-json\/wp\/v2\/media?parent=273030"}],"wp:term":[{"taxonomy":"category","embeddable":true,"href":"https:\/\/www.tucomarca.com\/wordpress\/segunda\/ca\/wp-json\/wp\/v2\/categories?post=273030"},{"taxonomy":"post_tag","embeddable":true,"href":"https:\/\/www.tucomarca.com\/wordpress\/segunda\/ca\/wp-json\/wp\/v2\/tags?post=273030"}],"curies":[{"name":"wp","href":"https:\/\/api.w.org\/{rel}","templated":true}]}}