{"id":273422,"date":"2025-07-25T11:00:00","date_gmt":"2025-07-25T09:00:00","guid":{"rendered":"https:\/\/www.tucomarca.com\/wordpress\/segunda\/?p=273422"},"modified":"2025-07-25T15:08:51","modified_gmt":"2025-07-25T13:08:51","slug":"la-generalitat-concedeix-prop-de-sis-milions-deuros-en-ajudes-a-456-entitats-del-tercer-sector-afectades-per-la-dana","status":"publish","type":"post","link":"https:\/\/www.tucomarca.com\/wordpress\/segunda\/ca\/la-generalitat-concedeix-prop-de-sis-milions-deuros-en-ajudes-a-456-entitats-del-tercer-sector-afectades-per-la-dana\/","title":{"rendered":"La Generalitat concedeix prop de sis milions d&#8217;euros en ajudes a 456 entitats del tercer sector afectades per la DANA"},"content":{"rendered":"\n<h3 class=\"wp-block-heading\">La tercera concessi\u00f3 d&#8217;aquestes ajudes atorga 1,2 milions d&#8217;euros a 96 col\u00b7lectius locals.<\/h3>\n\n\n\n<h3 class=\"wp-block-heading\">Aquestes subvencions urgents arriben a clubs, falles i associacions culturals i ve\u00efnals dels municipis afectats.<\/h3>\n\n\n\n<p>La Vicepresid\u00e8ncia Primera i Conselleria de Serveis Socials, Igualtat i Habitatge ha concedit una mica m\u00e9s de 1,2 milions d&#8217;euros a 96 entitats del tercer sector afectades per la dana, que, sumat a les atorgades anteriorment, eleva el total d&#8217;ajudes concedides a 5,96 milions d&#8217;euros i a 456 les entitats perceptores.<\/p>\n\n\n\n<p>La concessi\u00f3 d&#8217;aquestes subvencions, que pot consultar-se en el&nbsp;Diari Oficial de la Generalitat Valenciana&nbsp;(DOGV), forma part de les ajudes per a la recuperaci\u00f3 urgent del teixit associatiu en els municipis afectats.<\/p>\n\n\n\n<p>Cal detallar que, en les dues resolucions anteriors, publicades al maig, la Conselleria va atorgar un total de 4,7 milions d&#8217;euros a 360 entitats, que ara han sigut ampliades amb aquesta tercera tanda.<\/p>\n\n\n\n<p>Aquestes ajudes es financen amb una dotaci\u00f3 de 13,6 milions d&#8217;euros, procedents del Senat, incorporats al programa de cooperaci\u00f3 internacional i desenvolupament sostenible de la Vicepresid\u00e8ncia Primera i Conselleria de Serveis Socials, Igualtat i Habitatge.<\/p>\n\n\n\n<p>Referent a aix\u00f2, el director general d&#8217;Inclusi\u00f3 i Cooperaci\u00f3 al Desenvolupament, Pedro Carceller, ha indicat que \u201caquesta inversi\u00f3 va directament als qui fan comunitat, als qui, des del local, sostenen la vida quotidiana dels municipis\u201d.<\/p>\n\n\n\n<p>A m\u00e9s, Carceller ha afegit que \u201caquestes ajudes s\u00f3n un comprom\u00eds amb la recuperaci\u00f3 del dia a dia en els municipis: l&#8217;acompanyament i resposta social, l&#8217;esport base, la cultura i tradici\u00f3 i la conviv\u00e8ncia\u201d.<\/p>\n\n\n\n<p>En concret, aquestes subvencions permeten a les entitats cobrir despeses de reparaci\u00f3 d&#8217;infraestructures i instal\u00b7lacions, activitats de dinamitzaci\u00f3 comunit\u00e0ria, substituci\u00f3 o reposici\u00f3 d&#8217;infraestructures i instal\u00b7lacions, equipament o estris i tamb\u00e9 per a inversi\u00f3 destinades a la realitzaci\u00f3 d&#8217;activitats de dinamitzaci\u00f3 comunit\u00e0ria.<\/p>\n\n\n\n<p>Els pagaments es realitzaran de manera immediata i per endavant. Les associacions tindran de termini fins al 31 de desembre de 2025 per a justificar les despeses realitzades.<\/p>\n","protected":false},"excerpt":{"rendered":"<div class=\"mh-excerpt\">La tercera concessi\u00f3 d&#8217;aquestes ajudes atorga 1,2 milions d&#8217;euros a 96 col\u00b7lectius locals. Aquestes subvencions urgents arriben a clubs, falles i associacions culturals i ve\u00efnals dels municipis afectats. La Vicepresid\u00e8ncia Primera i Conselleria de Serveis <a class=\"mh-excerpt-more\" href=\"https:\/\/www.tucomarca.com\/wordpress\/segunda\/ca\/la-generalitat-concedeix-prop-de-sis-milions-deuros-en-ajudes-a-456-entitats-del-tercer-sector-afectades-per-la-dana\/\" title=\"La Generalitat concedeix prop de sis milions d&#8217;euros en ajudes a 456 entitats del tercer sector afectades per la DANA\">[+] <\/a><\/div>\n","protected":false},"author":13,"featured_media":242880,"comment_status":"open","ping_status":"open","sticky":false,"template":"","format":"standard","meta":{"footnotes":""},"categories":[21466,10898,10948,10894,10904,10903,10947,10896,10897],"tags":[15409,11199,12166],"class_list":{"0":"post-273422","1":"post","2":"type-post","3":"status-publish","4":"format-standard","5":"has-post-thumbnail","7":"category-dana-ca","8":"category-ventana-ca","9":"category-infraestructuras-ca","10":"category-la-comarca-ca","11":"category-sin-categorizar-ca","12":"category-medio-ambiente-la-comarca-ca","13":"category-politica","14":"category-seccion-ca","15":"category-sucesos-la-comarca-ca","16":"tag-dana-2-ca","17":"tag-la-comunitat-ca","18":"tag-medio-ambiente-ca"},"_links":{"self":[{"href":"https:\/\/www.tucomarca.com\/wordpress\/segunda\/ca\/wp-json\/wp\/v2\/posts\/273422","targetHints":{"allow":["GET"]}}],"collection":[{"href":"https:\/\/www.tucomarca.com\/wordpress\/segunda\/ca\/wp-json\/wp\/v2\/posts"}],"about":[{"href":"https:\/\/www.tucomarca.com\/wordpress\/segunda\/ca\/wp-json\/wp\/v2\/types\/post"}],"author":[{"embeddable":true,"href":"https:\/\/www.tucomarca.com\/wordpress\/segunda\/ca\/wp-json\/wp\/v2\/users\/13"}],"replies":[{"embeddable":true,"href":"https:\/\/www.tucomarca.com\/wordpress\/segunda\/ca\/wp-json\/wp\/v2\/comments?post=273422"}],"version-history":[{"count":0,"href":"https:\/\/www.tucomarca.com\/wordpress\/segunda\/ca\/wp-json\/wp\/v2\/posts\/273422\/revisions"}],"wp:featuredmedia":[{"embeddable":true,"href":"https:\/\/www.tucomarca.com\/wordpress\/segunda\/ca\/wp-json\/wp\/v2\/media\/242880"}],"wp:attachment":[{"href":"https:\/\/www.tucomarca.com\/wordpress\/segunda\/ca\/wp-json\/wp\/v2\/media?parent=273422"}],"wp:term":[{"taxonomy":"category","embeddable":true,"href":"https:\/\/www.tucomarca.com\/wordpress\/segunda\/ca\/wp-json\/wp\/v2\/categories?post=273422"},{"taxonomy":"post_tag","embeddable":true,"href":"https:\/\/www.tucomarca.com\/wordpress\/segunda\/ca\/wp-json\/wp\/v2\/tags?post=273422"}],"curies":[{"name":"wp","href":"https:\/\/api.w.org\/{rel}","templated":true}]}}