{"id":273435,"date":"2025-07-25T10:45:00","date_gmt":"2025-07-25T08:45:00","guid":{"rendered":"https:\/\/www.tucomarca.com\/wordpress\/segunda\/?p=273435"},"modified":"2025-07-25T15:13:27","modified_gmt":"2025-07-25T13:13:27","slug":"el-ple-de-xest-aprova-la-remissio-a-la-generalitat-del-text-refos-del-pla-general-estructural-de-xest-per-a-la-seua-aprovacio-definitiva","status":"publish","type":"post","link":"https:\/\/www.tucomarca.com\/wordpress\/segunda\/ca\/el-ple-de-xest-aprova-la-remissio-a-la-generalitat-del-text-refos-del-pla-general-estructural-de-xest-per-a-la-seua-aprovacio-definitiva\/","title":{"rendered":"El Ple de Xest aprova la remissi\u00f3 a la Generalitat del Text Ref\u00f3s del Pla General Estructural de Xest per a la seua aprovaci\u00f3 definitiva"},"content":{"rendered":"\n<p>Ahir, dijous 24 de juliol, es va aprovar per unanimitat, en un ple extraordinari i urgent, el Text Ref\u00f3s del Pla General Estructural (PGE) de Xest, que incorpora les \u00faltimes esmenes requerides per la Generalitat per a la seua aprovaci\u00f3 definitiva.<\/p>\n\n\n\n<p>\u201cAquest assumpte es porta d&#8217;urg\u00e8ncia perqu\u00e8 alguns dels informes sectorials del Pla General haurien caducat de posposar-se i, per tant, s&#8217;hauria retardat l&#8217;aprovaci\u00f3 del Pla. Des de Conselleria, per a donar facilitats, han decidit fer una Comissi\u00f3 de Territori i Urbanisme extraordin\u00e0ria l&#8217;1 d&#8217;agost i ens demanaven que celebr\u00e0rem, com a m\u00e0xim el dia 25 de juliol, un ple extraordinari perqu\u00e8 aprov\u00e0rem les \u00faltimes incorporacions\u201d, explicava l&#8217;alcalde, Jos\u00e9 Morell.<\/p>\n\n\n\n<p><strong>\u00daltim pas per a l&#8217;aprovaci\u00f3 definitiva<\/strong><\/p>\n\n\n\n<p>Tal com va detallar Morell, les incorporacions a l&#8217;informe-proposta d&#8217;aprovaci\u00f3 provisional del Text Ref\u00f3s del Pla General Estructural han sigut 19 requeriments del Servei Territorial d&#8217;Urbanisme i dos del de Cultura, aquests \u00faltims en relaci\u00f3 a la redacci\u00f3 de la fitxa del Complex Educatiu de Xest i a l&#8217;inici dels tr\u00e0mits per a declarar-lo com a B\u00e9 d&#8217;Inter\u00e9s Cultural, assegurant la seua protecci\u00f3 arquitect\u00f2nica i patrimonial.<\/p>\n\n\n\n<p>\u201cAquest \u00e9s l&#8217;\u00faltim pas per a l&#8217;aprovaci\u00f3 definitiva del Pla General Estructural del Xest, un document important en el qual s&#8217;estableixen les bases del desenvolupament del nostre municipi per a almenys un parell de d\u00e8cades o tres; s\u00f3n les regles del joc del creixement del nostre poble. Ha costat molt, han sigut incomptables reunions amb responsables de diferents organismes, quasi 200 informes i contrainformes, i \u00e9s una bona not\u00edcia perqu\u00e8 el nostre poble tindr\u00e0 tot llest a nivell normatiu per a absorbir els vectors de creixement que es puguen produir\u201d, apuntava Morell.<\/p>\n\n\n\n<p>El portaveu del grup municipal Popular, Enrique Peinado, va argumentar el seu vot favorable incidint en la import\u00e0ncia del Pla per al municipi. \u201cNosaltres creiem que \u00e9s un document imprescindible per al desenvolupament i el futur de Xest; crec que ha passat per quatre o cinc equips de govern i que ja \u00e9s hora que aix\u00f2 arribe a la seua fi i que es desenvolupe el Pla General com correspon\u201d, apuntava Pentinat.<\/p>\n\n\n\n<p>En la mateixa l\u00ednia, la portaveu d&#8217;Esquerra Unida, M\u00aa \u00c1ngeles Llorente, va posar en valor el PGE i va abordar algunes q\u00fcestions clau sobre la seua futura aplicaci\u00f3. \u201cSegurament aquest pla permetr\u00e0 un desenvolupament harmoni\u00f3s i sostenible de Xest, per\u00f2 \u00e9s impensable el desenvolupament de noves zones industrials si la situaci\u00f3 de transport no canvia, amb l&#8217;actual connexi\u00f3 amb l&#8217;autovia, en la qual es forma ja un nus impressionant; aix\u00f2 \u00e9s una cosa que tindrem molt en compte a l&#8217;hora que Xest cresca, perqu\u00e8 en aquest moment l&#8217;autovia est\u00e0 cargad\u00edsima. Tamb\u00e9 seran molt importants totes les detallades que es facen a partir del Pla General, sobretot perqu\u00e8 crec que ha arribat el moment que totes les ind\u00fastries que arriben al poble, si es desenvolupa la CELLA, siguen ind\u00fastries netes i no contaminants. A m\u00e9s, estarem molt alertes a tindre els recursos h\u00eddrics suficients per al que anem a fer, encara que la Confederaci\u00f3 Hidrogr\u00e0fica ja ha condicionat l&#8217;aprovaci\u00f3 de qualsevol pla sectorial al fet que hi haja aigua, i imagine que ells el supervisaran. Una altra q\u00fcesti\u00f3 important \u00e9s que s&#8217;hagen incorporat tots els plans que s&#8217;han anat fent al llarg dels anys que portem a l&#8217;Ajuntament, com el pla de mobilitat, entre altres\u201d, explicava Llorente. La regidora va incidir tamb\u00e9 en la necessitat de conservaci\u00f3 de l&#8217;agricultura local. \u201cNo ens agradaria que es perdera l&#8217;agricultura i la ramaderia que tenim, ja que ens sembla fonamental que el poble mantinga la sobirania aliment\u00e0ria, i crec que haur\u00edem de fer alguna cosa perqu\u00e8 foren sectors protegits en la poblaci\u00f3. El Pla General \u00e9s una guia que ens permetr\u00e0 treballar en una l\u00ednia determinada, tenint en compte una s\u00e8rie de factors, que han de ser de benestar per a la poblaci\u00f3\u201d.<\/p>\n\n\n\n<p><strong>Agra\u00efments<\/strong><\/p>\n\n\n\n<p>Finalment, l&#8217;alcalde va agrair el consens, el treball realitzat per les persones implicades en la redacci\u00f3 del Text Ref\u00f3s i la col\u00b7laboraci\u00f3 de la Generalitat. \u201cAgra\u00efsc el vot per unanimitat, que ha sigut una constant des de l&#8217;inici de la tramitaci\u00f3 del Pla; tamb\u00e9 el treball del departament d&#8217;Urbanisme perqu\u00e8 tot fora a temps i l&#8217;inter\u00e9s pres per la pr\u00f2pia Conselleria perqu\u00e8 aix\u00f2 tirara avant\u201d, destacava Morell.<\/p>\n","protected":false},"excerpt":{"rendered":"<div class=\"mh-excerpt\">Ahir, dijous 24 de juliol, es va aprovar per unanimitat, en un ple extraordinari i urgent, el Text Ref\u00f3s del Pla General Estructural (PGE) de Xest, que incorpora les \u00faltimes esmenes requerides per la Generalitat <a class=\"mh-excerpt-more\" href=\"https:\/\/www.tucomarca.com\/wordpress\/segunda\/ca\/el-ple-de-xest-aprova-la-remissio-a-la-generalitat-del-text-refos-del-pla-general-estructural-de-xest-per-a-la-seua-aprovacio-definitiva\/\" title=\"El Ple de Xest aprova la remissi\u00f3 a la Generalitat del Text Ref\u00f3s del Pla General Estructural de Xest per a la seua aprovaci\u00f3 definitiva\">[+] <\/a><\/div>\n","protected":false},"author":13,"featured_media":273433,"comment_status":"open","ping_status":"open","sticky":false,"template":"","format":"standard","meta":{"footnotes":""},"categories":[10948,10894,10912,10947,10896,10974],"tags":[11071,12903,10914,11140],"class_list":{"0":"post-273435","1":"post","2":"type-post","3":"status-publish","4":"format-standard","5":"has-post-thumbnail","7":"category-infraestructuras-ca","8":"category-la-comarca-ca","9":"category-la-hoya-ca","10":"category-politica","11":"category-seccion-ca","12":"category-cheste-ca","13":"tag-cheste","14":"tag-infraestructuras-ca","15":"tag-la-hoya-de-bunol-chiva-ca","16":"tag-politica-ca"},"_links":{"self":[{"href":"https:\/\/www.tucomarca.com\/wordpress\/segunda\/ca\/wp-json\/wp\/v2\/posts\/273435","targetHints":{"allow":["GET"]}}],"collection":[{"href":"https:\/\/www.tucomarca.com\/wordpress\/segunda\/ca\/wp-json\/wp\/v2\/posts"}],"about":[{"href":"https:\/\/www.tucomarca.com\/wordpress\/segunda\/ca\/wp-json\/wp\/v2\/types\/post"}],"author":[{"embeddable":true,"href":"https:\/\/www.tucomarca.com\/wordpress\/segunda\/ca\/wp-json\/wp\/v2\/users\/13"}],"replies":[{"embeddable":true,"href":"https:\/\/www.tucomarca.com\/wordpress\/segunda\/ca\/wp-json\/wp\/v2\/comments?post=273435"}],"version-history":[{"count":0,"href":"https:\/\/www.tucomarca.com\/wordpress\/segunda\/ca\/wp-json\/wp\/v2\/posts\/273435\/revisions"}],"wp:featuredmedia":[{"embeddable":true,"href":"https:\/\/www.tucomarca.com\/wordpress\/segunda\/ca\/wp-json\/wp\/v2\/media\/273433"}],"wp:attachment":[{"href":"https:\/\/www.tucomarca.com\/wordpress\/segunda\/ca\/wp-json\/wp\/v2\/media?parent=273435"}],"wp:term":[{"taxonomy":"category","embeddable":true,"href":"https:\/\/www.tucomarca.com\/wordpress\/segunda\/ca\/wp-json\/wp\/v2\/categories?post=273435"},{"taxonomy":"post_tag","embeddable":true,"href":"https:\/\/www.tucomarca.com\/wordpress\/segunda\/ca\/wp-json\/wp\/v2\/tags?post=273435"}],"curies":[{"name":"wp","href":"https:\/\/api.w.org\/{rel}","templated":true}]}}