{"id":273736,"date":"2025-07-29T13:15:00","date_gmt":"2025-07-29T11:15:00","guid":{"rendered":"https:\/\/www.tucomarca.com\/wordpress\/segunda\/?p=273736"},"modified":"2025-07-29T21:37:11","modified_gmt":"2025-07-29T19:37:11","slug":"carlos-mazon-invertim-16-milions-deuros-enguany-en-actuacions-contra-el-despoblament-per-a-avancar-en-equitat-territorial-i-igualtat-real","status":"publish","type":"post","link":"https:\/\/www.tucomarca.com\/wordpress\/segunda\/ca\/carlos-mazon-invertim-16-milions-deuros-enguany-en-actuacions-contra-el-despoblament-per-a-avancar-en-equitat-territorial-i-igualtat-real\/","title":{"rendered":"Carlos Maz\u00f3n: \u201cInvertim 16 milions d\u2019euros enguany en actuacions contra el despoblament per a avan\u00e7ar en equitat territorial i igualtat real\u201d"},"content":{"rendered":"\n<h3 class=\"wp-block-heading\">Destaca que el Consell del Canvi duplica el pressupost per a refor\u00e7ar l\u2019activitat en els municipis d\u2019interior davant dels 8 milions d\u2019euros de l\u2019anterior legislatura.<\/h3>\n\n\n\n<h3 class=\"wp-block-heading\">Assenyala que en 2025 es destinaran m\u00e9s de 5 milions d\u2019euros del fons de cooperaci\u00f3 per a desenrotllar pol\u00edtiques \u201cm\u00e9s justes i rigoroses\u201d i destaca noves ajudes per a impulsar la dinamitzaci\u00f3 econ\u00f2mica i la millora d\u2019espai p\u00fablic.<\/h3>\n\n\n\n<h3 class=\"wp-block-heading\">Ressalta l\u2019augment en el nombre de municipis beneficiats fins a 188 i l\u2019import m\u00ednim ha ascendit de 5.000 a 15.000 euros i real\u00e7a que en l\u2019\u00faltim any la poblaci\u00f3 en localitats d\u2019interior creix en 1.365 persones.<\/h3>\n\n\n\n<h3 class=\"wp-block-heading\">Remarca que la lluita contra el despoblament \u00e9s una pol\u00edtica transversal del Consell que inclou altres actuacions en educaci\u00f3, mobilitat i ocupaci\u00f3, entre altres, per a \u201cgarantir la qualitat de vida en tots els municipis\u201d.<\/h3>\n\n\n\n<p>El president de la Generalitat, Carlos Maz\u00f3n, ha destacat que el Consell \u201cha duplicat el pressupost que destina contra el despoblament dels municipis de la Comunitat Valenciana fins a superar els 16 milions d\u2019euros davant dels 8 milions de l\u2019anterior legislatura\u201d.<\/p>\n\n\n\n<p>El president ha participat en la Comissi\u00f3 Interdepartamental del Consell contra el Despoblament i per l\u2019Equitat Territorial, que s\u2019ha reunit a Alpuente, a on s\u2019ha informat del balan\u00e7 de les actuacions dutes a terme.<\/p>\n\n\n\n<p>En este sentit, el cap del Consell ha real\u00e7at que enguany es destinaran m\u00e9s de cinc milions d\u2019euros a trav\u00e9s del fons de cooperaci\u00f3 municipal que beneficiar\u00e0 188 poblacions.&nbsp;<\/p>\n\n\n\n<p>\u201cA m\u00e9s -ha explicat Maz\u00f3n- ha augmentat l\u2019import m\u00ednim que rebran estes localitats passant de 5.000 a 15.000 euros, amb la qual cosa es garantix als m\u00e9s xicotets una major quantitat d\u2019ajudes i es confirma aix\u00ed una aposta real en favor de l\u2019equitat territorial i per una justa redistribuci\u00f3 de la renda\u201d.<\/p>\n\n\n\n<p>El president ha ressaltat el comprom\u00eds del Consell de canvi de \u201cgarantir el que \u00e9s just amb els nostres municipis d\u2019interior perqu\u00e8 creiem en l\u2019equitat territorial, en la redistribuci\u00f3 de la renda i en la igualtat real entre tots els ciutadans, visquen a on visquen\u201d.<\/p>\n\n\n\n<p>Aix\u00ed, ha indicat que en este exercici s\u2019ha apostat per un considerable augment d\u2019ajudes als municipis destacant les convocat\u00f2ries per a les actuacions en edificis, espais i infraestructures municipals amb 2 milions d\u2019euros i per al foment de l\u2019economia local amb 3 milions d\u2019euros.&nbsp;<\/p>\n\n\n\n<p>A m\u00e9s, cal afegir altres iniciatives com l\u2019eliminaci\u00f3 d\u2019exclusi\u00f3 financera per a la instal\u00b7laci\u00f3 de caixers autom\u00e0tics en els municipis. De fet, el DOGV ha publicat les ajudes directes per a la instal\u00b7laci\u00f3 i posada en funcionament de caixers autom\u00e0tics per un import total de 261.000 euros.<\/p>\n\n\n\n<p>El m\u00e0xim representant de l\u2019executiu valenci\u00e0 ha assenyalat el paper d\u2019esta comissi\u00f3 \u201cper a analitzar els indicadors demogr\u00e0fics i socioecon\u00f2mics dels nostres municipis en risc i prendre les millors decisions per a avan\u00e7ar en la igualtat d\u2019oportunitats en col\u00b7laboraci\u00f3 amb la resta de l\u2019Administraci\u00f3 valenciana\u201d.<\/p>\n\n\n\n<p><strong>Una acci\u00f3 transversal del Consell&nbsp;<\/strong><\/p>\n\n\n\n<p>En esta l\u00ednia, ha remarcat que la lluita contra el despoblament \u00e9s una pol\u00edtica transversal del Consell en la qual cada departament \u201cexecuta les seues accions en mat\u00e8ria de discriminaci\u00f3 positiva en favor d\u2019estos municipis\u201d.<\/p>\n\n\n\n<p>De fet, en mat\u00e8ria d\u2019educaci\u00f3 s\u2019ha baixat la r\u00e0tio m\u00ednima per al manteniment de les unitats en zones en risc de despoblament de 6 a 3, s\u2019han augmentat les ajudes de menjador, s\u2019ha impulsat l\u2019escolaritzaci\u00f3 d\u2019alumnat de 0 a 3 anys, i s\u2019han creat seccions d\u2019Educaci\u00f3 Secund\u00e0ria en zones en risc de despoblament.&nbsp;<\/p>\n\n\n\n<p>Per la seua part, el servici d\u2019ocupaci\u00f3 Labora ha invertit 8,9 milions d\u2019euros perqu\u00e8 els ajuntaments xicotets o en risc de despoblament contracten persones desocupades majors de 30 anys.&nbsp;<\/p>\n\n\n\n<p>Maz\u00f3n ha subratllat que \u201cles dades ens demostren que el refor\u00e7 d\u2019estes pol\u00edtiques est\u00e0 sent encertades, rigoroses i estables\u201d. Aix\u00ed, segons l\u2019informe demogr\u00e0fic elaborat per la Federaci\u00f3 Valenciana de Municipis i Prov\u00edncies, s\u2019aprecia una recuperaci\u00f3 de la voluntat de la ciutadania per anar cap a zones d\u2019interior, ja que entre el 2020 i el 2024, s\u2019han recuperat 4.400 habitants i nom\u00e9s en l\u2019\u00faltim any (del 2023 al 2024) la poblaci\u00f3 d\u2019eixos municipis ha augmentat 1.365 habitants.&nbsp;<\/p>\n\n\n\n<p><strong>Reptes de futur<\/strong><\/p>\n\n\n\n<p>El cap del Consell tamb\u00e9 ha informat que la Comissi\u00f3 Interdepartamental ha acordat l\u2019elaboraci\u00f3 d\u2019un pla integral de repte demogr\u00e0fic per a l\u2019impuls demogr\u00e0fic, econ\u00f2mic, social i cultural dels municipis considerats en risc de despoblament.<\/p>\n\n\n\n<p>Maz\u00f3n ha traslladat que este projecte \u201cpret\u00e9n obtindre un objectiu final i com\u00fa referit a la reversi\u00f3 de l\u2019estigma de desert demogr\u00e0fic i reivindicar la qualitat de vida dels ve\u00efns de les poblacions d\u2019interior\u201d.<\/p>\n\n\n\n<p>El pla comptar\u00e0 amb tres f\u00f2rums de treball que recopilaran la informaci\u00f3 i els indicadors pressupostaris, demogr\u00e0fics i d\u2019impacte de les pol\u00edtiques aplicades per a determinar la discriminaci\u00f3 positiva d\u2019estos municipis.&nbsp;<\/p>\n\n\n\n<p>Aix\u00ed, els grups els formen la comissi\u00f3 interinstitucional que est\u00e0 integrada per la Direcci\u00f3 General d\u2019Administraci\u00f3 Local, representants de les tres diputacions i de l\u2019FVMP. D\u2019altra banda, la comissi\u00f3 municipal que s\u2019enquadra en el si de l\u2019FVMP i el tercer grup de treball est\u00e0 constitu\u00eft per la Universitat de Val\u00e8ncia per a dur a terme el proc\u00e9s participatiu d\u2019institucions i societat civil.<\/p>\n","protected":false},"excerpt":{"rendered":"<div class=\"mh-excerpt\">Destaca que el Consell del Canvi duplica el pressupost per a refor\u00e7ar l\u2019activitat en els municipis d\u2019interior davant dels 8 milions d\u2019euros de l\u2019anterior legislatura. Assenyala que en 2025 es destinaran m\u00e9s de 5 milions <a class=\"mh-excerpt-more\" href=\"https:\/\/www.tucomarca.com\/wordpress\/segunda\/ca\/carlos-mazon-invertim-16-milions-deuros-enguany-en-actuacions-contra-el-despoblament-per-a-avancar-en-equitat-territorial-i-igualtat-real\/\" title=\"Carlos Maz\u00f3n: \u201cInvertim 16 milions d\u2019euros enguany en actuacions contra el despoblament per a avan\u00e7ar en equitat territorial i igualtat real\u201d\">[+] <\/a><\/div>\n","protected":false},"author":13,"featured_media":273734,"comment_status":"open","ping_status":"open","sticky":false,"template":"","format":"standard","meta":{"footnotes":""},"categories":[10898,10948,10894,10904,10903,10947,10896],"tags":[18807,11199,11140],"class_list":{"0":"post-273736","1":"post","2":"type-post","3":"status-publish","4":"format-standard","5":"has-post-thumbnail","7":"category-ventana-ca","8":"category-infraestructuras-ca","9":"category-la-comarca-ca","10":"category-sin-categorizar-ca","11":"category-medio-ambiente-la-comarca-ca","12":"category-politica","13":"category-seccion-ca","14":"tag-carlos-mazon-ca","15":"tag-la-comunitat-ca","16":"tag-politica-ca"},"_links":{"self":[{"href":"https:\/\/www.tucomarca.com\/wordpress\/segunda\/ca\/wp-json\/wp\/v2\/posts\/273736","targetHints":{"allow":["GET"]}}],"collection":[{"href":"https:\/\/www.tucomarca.com\/wordpress\/segunda\/ca\/wp-json\/wp\/v2\/posts"}],"about":[{"href":"https:\/\/www.tucomarca.com\/wordpress\/segunda\/ca\/wp-json\/wp\/v2\/types\/post"}],"author":[{"embeddable":true,"href":"https:\/\/www.tucomarca.com\/wordpress\/segunda\/ca\/wp-json\/wp\/v2\/users\/13"}],"replies":[{"embeddable":true,"href":"https:\/\/www.tucomarca.com\/wordpress\/segunda\/ca\/wp-json\/wp\/v2\/comments?post=273736"}],"version-history":[{"count":0,"href":"https:\/\/www.tucomarca.com\/wordpress\/segunda\/ca\/wp-json\/wp\/v2\/posts\/273736\/revisions"}],"wp:featuredmedia":[{"embeddable":true,"href":"https:\/\/www.tucomarca.com\/wordpress\/segunda\/ca\/wp-json\/wp\/v2\/media\/273734"}],"wp:attachment":[{"href":"https:\/\/www.tucomarca.com\/wordpress\/segunda\/ca\/wp-json\/wp\/v2\/media?parent=273736"}],"wp:term":[{"taxonomy":"category","embeddable":true,"href":"https:\/\/www.tucomarca.com\/wordpress\/segunda\/ca\/wp-json\/wp\/v2\/categories?post=273736"},{"taxonomy":"post_tag","embeddable":true,"href":"https:\/\/www.tucomarca.com\/wordpress\/segunda\/ca\/wp-json\/wp\/v2\/tags?post=273736"}],"curies":[{"name":"wp","href":"https:\/\/api.w.org\/{rel}","templated":true}]}}