{"id":273749,"date":"2025-07-29T11:15:00","date_gmt":"2025-07-29T09:15:00","guid":{"rendered":"https:\/\/www.tucomarca.com\/wordpress\/segunda\/?p=273749"},"modified":"2025-07-29T21:24:28","modified_gmt":"2025-07-29T19:24:28","slug":"la-generalitat-valenciana-prepara-un-pla-daccio-territorial-per-a-la-proteccio-del-paisatge-vitivinicola-dutiel-requena","status":"publish","type":"post","link":"https:\/\/www.tucomarca.com\/wordpress\/segunda\/ca\/la-generalitat-valenciana-prepara-un-pla-daccio-territorial-per-a-la-proteccio-del-paisatge-vitivinicola-dutiel-requena\/","title":{"rendered":"La Generalitat Valenciana prepara un Pla d&#8217;Acci\u00f3 Territorial per a la protecci\u00f3 del paisatge vitivin\u00edcola d&#8217;Utiel-Requena"},"content":{"rendered":"\n<h3 class=\"wp-block-heading\">La Mancomunitat de l&#8217;Interior Terra del Vi acull la primera reuni\u00f3 per a la posada en marxa del proc\u00e9s participatiu que culminar\u00e0 amb la redacci\u00f3 d&#8217;aquest instrument per a preservar el paisatge vitivin\u00edcola de la zona d&#8217;influ\u00e8ncia de la Denominaci\u00f3 d&#8217;Origen Utiel-Requena.<\/h3>\n\n\n\n<p>El Director General d&#8217;Urbanisme, Paisatge i Avaluaci\u00f3 Ambiental, Miguel \u00c1ngel Ivorra Devesa, ha visitat hui la seu de la Mancomunitat de l&#8217;Interior Terra del Vi (MITV) per a presentar l&#8217;esborrany del Pla d&#8217;Acci\u00f3 Territorial (PAT) dels Paisatges Agraris Culturals del Vi d&#8217;Utiel-Requena.<\/p>\n\n\n\n<p>La trobada suposa una primera presa de contacte amb els representants pol\u00edtics dels municipis inclosos en l&#8217;\u00e0mbit del PAT: Camporrobles, Caudete de las Fuentes, Fuenterrobles, Requena, Sinarques, Utiel, Venta del Moro, Villargordo del Cabriel i Setaig\u00fces, aix\u00ed com amb representants del Consell Regulador de la Denominaci\u00f3 d&#8217;Origen Utiel-Requena, a m\u00e9s de l&#8217;equip redactor, Institut Imedes.<\/p>\n\n\n\n<p>La reuni\u00f3 celebrada hui suposa el primer pas d&#8217;un proc\u00e9s participatiu, que s&#8217;iniciar\u00e0 en els pr\u00f2xims mesos, en el qual s&#8217;espera comptar amb les aportacions dels ajuntaments, agricultors, entitats del sector vitivin\u00edcola i agents socials del territori per a la redacci\u00f3 i aprovaci\u00f3 definitiva del PAT, un full de ruta consensuat i efica\u00e7 que permeta assegurar la sostenibilitat d&#8217;aquest paisatge emblem\u00e0tic per a les generacions futures.<\/p>\n\n\n\n<p><strong>Un pla per a frenar la deterioraci\u00f3 del paisatge rural<\/strong><\/p>\n\n\n\n<p>El Pla es planteja com una eina estrat\u00e8gica d&#8217;ordenaci\u00f3 territorial l&#8217;objectiu principal de la qual \u00e9s frenar la deterioraci\u00f3 dels paisatges agraris culturals vinculats a la vinya i facilitar la seua adaptaci\u00f3 a l&#8217;efecte del canvi clim\u00e0tic.&nbsp;<\/p>\n\n\n\n<p>En aquest sentit, el PAT cerca identificar i preservar els espais i elements de major valor paisatg\u00edstic, regulant els usos i activitats per a garantir la seua compatibilitat amb els valors culturals, agr\u00edcoles i ambientals que estructuren aquests paisatges.&nbsp;<\/p>\n\n\n\n<p>La iniciativa respon a les m\u00faltiples amenaces que pateixen aquests paisatges: l&#8217;aband\u00f3 de cultius, l&#8217;envelliment de la poblaci\u00f3 agr\u00e0ria, la pressi\u00f3 urban\u00edstica, la implantaci\u00f3 d&#8217;infraestructures energ\u00e8tiques i de mobilitat, aix\u00ed com la intensificaci\u00f3 del cultiu agr\u00edcola i l&#8217;activitat ramadera, entre altres factors. A aix\u00f2 se sumen els impactes creixents del canvi clim\u00e0tic sobre els cicles productius de la vinya.<\/p>\n\n\n\n<p><strong>Utiel-Requena, un territori vitivin\u00edcola singular<\/strong><\/p>\n\n\n\n<p>En el cas concret de la comarca d&#8217;Utiel-Requena, destaca l&#8217;elevada densitat i compacidad del cultiu de la vinya, amb aproximadament 40.000 hect\u00e0rees dedicades a la vinya, la qual cosa converteix a aquest territori en un referent dins de la Comunitat Valenciana per la conservaci\u00f3 dels seus paisatges vitivin\u00edcoles tradicionals. Aquests paisatges estan configurats per grans parcel\u00b7les de cultiu sobre suaus ondulacions del terreny, acompanyades per masses forestals que enriqueixen el seu car\u00e0cter visual i ecol\u00f2gic.<\/p>\n\n\n\n<figure class=\"wp-block-image size-large\"><img loading=\"lazy\" decoding=\"async\" width=\"1024\" height=\"576\" src=\"http:\/\/www.tucomarca.com\/wordpress\/segunda\/wp-content\/uploads\/2025\/07\/La-GVA-prepara-PAT-para-paisaje-vitivinicola-Utiel-Requena-1024x576.jpg\" alt=\"\" class=\"wp-image-273743\" srcset=\"https:\/\/www.tucomarca.com\/wordpress\/segunda\/wp-content\/uploads\/2025\/07\/La-GVA-prepara-PAT-para-paisaje-vitivinicola-Utiel-Requena-1024x576.jpg 1024w, https:\/\/www.tucomarca.com\/wordpress\/segunda\/wp-content\/uploads\/2025\/07\/La-GVA-prepara-PAT-para-paisaje-vitivinicola-Utiel-Requena-300x169.jpg 300w, https:\/\/www.tucomarca.com\/wordpress\/segunda\/wp-content\/uploads\/2025\/07\/La-GVA-prepara-PAT-para-paisaje-vitivinicola-Utiel-Requena-768x432.jpg 768w, https:\/\/www.tucomarca.com\/wordpress\/segunda\/wp-content\/uploads\/2025\/07\/La-GVA-prepara-PAT-para-paisaje-vitivinicola-Utiel-Requena-678x381.jpg 678w, https:\/\/www.tucomarca.com\/wordpress\/segunda\/wp-content\/uploads\/2025\/07\/La-GVA-prepara-PAT-para-paisaje-vitivinicola-Utiel-Requena.jpg 1400w\" sizes=\"auto, (max-width: 1024px) 100vw, 1024px\" \/><\/figure>\n","protected":false},"excerpt":{"rendered":"<div class=\"mh-excerpt\">La Mancomunitat de l&#8217;Interior Terra del Vi acull la primera reuni\u00f3 per a la posada en marxa del proc\u00e9s participatiu que culminar\u00e0 amb la redacci\u00f3 d&#8217;aquest instrument per a preservar el paisatge vitivin\u00edcola de la <a class=\"mh-excerpt-more\" href=\"https:\/\/www.tucomarca.com\/wordpress\/segunda\/ca\/la-generalitat-valenciana-prepara-un-pla-daccio-territorial-per-a-la-proteccio-del-paisatge-vitivinicola-dutiel-requena\/\" title=\"La Generalitat Valenciana prepara un Pla d&#8217;Acci\u00f3 Territorial per a la protecci\u00f3 del paisatge vitivin\u00edcola d&#8217;Utiel-Requena\">[+] <\/a><\/div>\n","protected":false},"author":13,"featured_media":273746,"comment_status":"open","ping_status":"open","sticky":false,"template":"","format":"standard","meta":{"footnotes":""},"categories":[11031,11032,10898,11055,10948,10894,10903,11007,10947,10908,10909,10896,10979,11058,11059,11060,11061],"tags":[11098,15963,22851,12836,10914,12166,11099,10910,11157,11089,11174,11709,13837],"class_list":{"0":"post-273749","1":"post","2":"type-post","3":"status-publish","4":"format-standard","5":"has-post-thumbnail","7":"category-camporrobles-ca","8":"category-caudete-ca","9":"category-ventana-ca","10":"category-fuenterrobles-ca","11":"category-infraestructuras-ca","12":"category-la-comarca-ca","13":"category-medio-ambiente-la-comarca-ca","14":"category-ocio-y-cultura-ca","15":"category-politica","16":"category-requena-ca","17":"category-requena-utiel-ca","18":"category-seccion-ca","19":"category-siete-aguas-ca","20":"category-sinarcas-ca","21":"category-utiel-ca","22":"category-venta-del-moro-ca","23":"category-villargordo-del-cabriel-ca","24":"tag-camporrobles-ca","25":"tag-caudete-ca","26":"tag-equena-utiel-utiel-ca","27":"tag-fuenterrobles-ca","28":"tag-la-hoya-de-bunol-chiva-ca","29":"tag-medio-ambiente-ca","30":"tag-requena-ca","31":"tag-requena-utiel-ca","32":"tag-siete-aguas-ca","33":"tag-sinarcas-ca","34":"tag-utiel-ca","35":"tag-venta-del-moro-ca","36":"tag-villargordo-del-cabriel-ca"},"_links":{"self":[{"href":"https:\/\/www.tucomarca.com\/wordpress\/segunda\/ca\/wp-json\/wp\/v2\/posts\/273749","targetHints":{"allow":["GET"]}}],"collection":[{"href":"https:\/\/www.tucomarca.com\/wordpress\/segunda\/ca\/wp-json\/wp\/v2\/posts"}],"about":[{"href":"https:\/\/www.tucomarca.com\/wordpress\/segunda\/ca\/wp-json\/wp\/v2\/types\/post"}],"author":[{"embeddable":true,"href":"https:\/\/www.tucomarca.com\/wordpress\/segunda\/ca\/wp-json\/wp\/v2\/users\/13"}],"replies":[{"embeddable":true,"href":"https:\/\/www.tucomarca.com\/wordpress\/segunda\/ca\/wp-json\/wp\/v2\/comments?post=273749"}],"version-history":[{"count":0,"href":"https:\/\/www.tucomarca.com\/wordpress\/segunda\/ca\/wp-json\/wp\/v2\/posts\/273749\/revisions"}],"wp:featuredmedia":[{"embeddable":true,"href":"https:\/\/www.tucomarca.com\/wordpress\/segunda\/ca\/wp-json\/wp\/v2\/media\/273746"}],"wp:attachment":[{"href":"https:\/\/www.tucomarca.com\/wordpress\/segunda\/ca\/wp-json\/wp\/v2\/media?parent=273749"}],"wp:term":[{"taxonomy":"category","embeddable":true,"href":"https:\/\/www.tucomarca.com\/wordpress\/segunda\/ca\/wp-json\/wp\/v2\/categories?post=273749"},{"taxonomy":"post_tag","embeddable":true,"href":"https:\/\/www.tucomarca.com\/wordpress\/segunda\/ca\/wp-json\/wp\/v2\/tags?post=273749"}],"curies":[{"name":"wp","href":"https:\/\/api.w.org\/{rel}","templated":true}]}}