{"id":273787,"date":"2025-07-30T10:00:00","date_gmt":"2025-07-30T08:00:00","guid":{"rendered":"https:\/\/www.tucomarca.com\/wordpress\/segunda\/?p=273787"},"modified":"2025-07-30T13:56:18","modified_gmt":"2025-07-30T11:56:18","slug":"el-mano-a-mano-2025-transforma-el-dolor-i-el-canvi-en-musica-en-el-seu-50e-concert","status":"publish","type":"post","link":"https:\/\/www.tucomarca.com\/wordpress\/segunda\/ca\/el-mano-a-mano-2025-transforma-el-dolor-i-el-canvi-en-musica-en-el-seu-50e-concert\/","title":{"rendered":"El Mano a Mano 2025 transforma el dolor i el canvi en m\u00fasica en el seu 50\u00e9 concert"},"content":{"rendered":"\n<h3 class=\"wp-block-heading\">El 16 d&#8217;agost, &#8220;L&#8217;Art\u00edstica&#8221; i &#8220;L&#8217;Arm\u00f3nica&#8221; tornaran a omplir de m\u00fasica l&#8217;Auditori de Sant Llu\u00eds de Bunyol.<\/h3>\n\n\n\n<p>L&#8217;Auditori de Sant Llu\u00eds acollir\u00e0 dissabte que ve 16 d&#8217;agost a les 22.30 h la 50a edici\u00f3 del Concert Mano a Mano de Bunyol, una cita \u00fanica en el m\u00f3n de les bandes simf\u00f2niques, que reunir\u00e0 de nou a les dues grans formacions locals: el Centre Instructiu Musical \u201cL&#8217;Arm\u00f3nica\u201d i la Societat Musical \u201cL&#8217;Art\u00edstica\u201d. M\u00e9s de 300 m\u00fasics sobre l&#8217;escenari i un auditori natural encaixat en la roca seran el marc d&#8217;un esdeveniment que va m\u00e9s enll\u00e0 de la competici\u00f3 musical: \u00e9s retrobament, emoci\u00f3 i excel\u00b7l\u00e8ncia.<\/p>\n\n\n\n<p>El CIM &#8220;L&#8217;Arm\u00f3nica&#8221; obrir\u00e0 la vetlada amb un programa que evoca \u201cEl dolor a trav\u00e9s de la m\u00fasica\u201d, en homenatge a dos m\u00fasics recentment morts. L&#8217;agrupaci\u00f3, sota la direcci\u00f3 de Sa\u00fcl G\u00f3mez Soler, proposa un recorregut sonor que parteix de la p\u00e8rdua i culmina en la transformaci\u00f3, amb obres de gran c\u00e0rrega simb\u00f2lica com In memoriam de David Maslanka, una sort d&#8217;oraci\u00f3 musical; una cuidada selecci\u00f3 de la cantata Alexander Nevsky de Prok\u00f3fiev, en transcripci\u00f3 de Francisco Zacar\u00e9s; i la Tercera Simfonia \u201cJalupe\u201d del compositor valenci\u00e0 Luis Serrano Alarc\u00f3n, escrita com a homenatge al seu germ\u00e0 mort. Una proposta que parla de dol, per\u00f2 tamb\u00e9 de resili\u00e8ncia i bellesa.<\/p>\n\n\n\n<p>Per part seua, l&#8217;SM \u201cL&#8217;Art\u00edstica\u201d, dirigida per Mario Ortu\u00f1o Gelardo en el qual ser\u00e0 la seua \u00faltim Mano a Mano al capdavant de la banda, presentar\u00e0 el programa \u201cMetamorfosi\u201d, un reflex simb\u00f2lic d&#8217;un moment de transici\u00f3 tant personal com institucional dins de la societat. Obrir\u00e0 amb Elytra, del compositor estatunidenc Paul Dooley, una pe\u00e7a en\u00e8rgica i imaginativa que fusiona naturalesa i tecnologia. Li seguir\u00e0 la imponent Metamorfosi simf\u00f2nica sobre temes de Weber de Paul Hindemith, i tancar\u00e0 amb la recent Simfonia n\u00ba1 \u201cUrban Lights\u201d, del compositor Vicent Ortiz Gimeno, una obra inspirada en la instal\u00b7laci\u00f3 lum\u00ednica de Los Angeles i estrenada en 2024 en el Certamen Internacional de Bandes de Val\u00e8ncia.<\/p>\n\n\n\n<p>L&#8217;Art\u00edstica tancar\u00e0 el concert amb la interpretaci\u00f3 de l&#8217;Himne a Bunyol, que enguany estar\u00e0 dirigit pel president d&#8217;honor del Mano a Mano 2025, el compositor internacional \u00d3scar Navarro.<\/p>\n\n\n\n<p>Les entrades poden adquirir-se a la Sala El Mercat els dies 7, 8 i 13 d&#8217;agost en horari de 19.00 h a 21.00 h, on representants de totes dues societats musicals estaran disponibles per a atendre el p\u00fablic.<\/p>\n\n\n\n<p><\/p>\n","protected":false},"excerpt":{"rendered":"<div class=\"mh-excerpt\">El 16 d&#8217;agost, &#8220;L&#8217;Art\u00edstica&#8221; i &#8220;L&#8217;Arm\u00f3nica&#8221; tornaran a omplir de m\u00fasica l&#8217;Auditori de Sant Llu\u00eds de Bunyol. L&#8217;Auditori de Sant Llu\u00eds acollir\u00e0 dissabte que ve 16 d&#8217;agost a les 22.30 h la 50a edici\u00f3 del <a class=\"mh-excerpt-more\" href=\"https:\/\/www.tucomarca.com\/wordpress\/segunda\/ca\/el-mano-a-mano-2025-transforma-el-dolor-i-el-canvi-en-musica-en-el-seu-50e-concert\/\" title=\"El Mano a Mano 2025 transforma el dolor i el canvi en m\u00fasica en el seu 50\u00e9 concert\">[+] <\/a><\/div>\n","protected":false},"author":12,"featured_media":273786,"comment_status":"open","ping_status":"open","sticky":false,"template":"","format":"standard","meta":{"footnotes":""},"categories":[11019,10911,11005,10894,10912,11007,10896],"tags":[10913,10914,22840],"class_list":{"0":"post-273787","1":"post","2":"type-post","3":"status-publish","4":"format-standard","5":"has-post-thumbnail","7":"category-agenda-ca","8":"category-bunol-ca","9":"category-canal-musica","10":"category-la-comarca-ca","11":"category-la-hoya-ca","12":"category-ocio-y-cultura-ca","13":"category-seccion-ca","14":"tag-bunol-ca","15":"tag-la-hoya-de-bunol-chiva-ca","16":"tag-mano-a-mano-2025-ca"},"_links":{"self":[{"href":"https:\/\/www.tucomarca.com\/wordpress\/segunda\/ca\/wp-json\/wp\/v2\/posts\/273787","targetHints":{"allow":["GET"]}}],"collection":[{"href":"https:\/\/www.tucomarca.com\/wordpress\/segunda\/ca\/wp-json\/wp\/v2\/posts"}],"about":[{"href":"https:\/\/www.tucomarca.com\/wordpress\/segunda\/ca\/wp-json\/wp\/v2\/types\/post"}],"author":[{"embeddable":true,"href":"https:\/\/www.tucomarca.com\/wordpress\/segunda\/ca\/wp-json\/wp\/v2\/users\/12"}],"replies":[{"embeddable":true,"href":"https:\/\/www.tucomarca.com\/wordpress\/segunda\/ca\/wp-json\/wp\/v2\/comments?post=273787"}],"version-history":[{"count":0,"href":"https:\/\/www.tucomarca.com\/wordpress\/segunda\/ca\/wp-json\/wp\/v2\/posts\/273787\/revisions"}],"wp:featuredmedia":[{"embeddable":true,"href":"https:\/\/www.tucomarca.com\/wordpress\/segunda\/ca\/wp-json\/wp\/v2\/media\/273786"}],"wp:attachment":[{"href":"https:\/\/www.tucomarca.com\/wordpress\/segunda\/ca\/wp-json\/wp\/v2\/media?parent=273787"}],"wp:term":[{"taxonomy":"category","embeddable":true,"href":"https:\/\/www.tucomarca.com\/wordpress\/segunda\/ca\/wp-json\/wp\/v2\/categories?post=273787"},{"taxonomy":"post_tag","embeddable":true,"href":"https:\/\/www.tucomarca.com\/wordpress\/segunda\/ca\/wp-json\/wp\/v2\/tags?post=273787"}],"curies":[{"name":"wp","href":"https:\/\/api.w.org\/{rel}","templated":true}]}}