{"id":273837,"date":"2025-07-30T12:15:00","date_gmt":"2025-07-30T10:15:00","guid":{"rendered":"https:\/\/www.tucomarca.com\/wordpress\/segunda\/?p=273837"},"modified":"2025-07-30T18:15:31","modified_gmt":"2025-07-30T16:15:31","slug":"la-secretaria-destat-de-turisme-i-turisme-comunitat-valenciana-recolzen-les-actuacions-presentades-per-lagencia-de-desenvolupament-comarcal-de-la-mancomunitat-foia-de-bunyol-xiva","status":"publish","type":"post","link":"https:\/\/www.tucomarca.com\/wordpress\/segunda\/ca\/la-secretaria-destat-de-turisme-i-turisme-comunitat-valenciana-recolzen-les-actuacions-presentades-per-lagencia-de-desenvolupament-comarcal-de-la-mancomunitat-foia-de-bunyol-xiva\/","title":{"rendered":"La Secretaria d&#8217;Estat de Turisme i Turisme Comunitat Valenciana recolzen les actuacions presentades per l&#8217;Ag\u00e8ncia de Desenvolupament Comarcal de la Mancomunitat Foia de Bunyol-Xiva"},"content":{"rendered":"\n<p>L&#8217;acord autoritza el cobrament a l&#8217;entitat per un 1.000.000 \u20ac per a actuacions de cohesi\u00f3 entre destinacions tur\u00edstiques de la Comunitat Valenciana.<\/p>\n\n\n\n<p>Aquests resultats consoliden a la mancomunitat Foia de Bunyol-Xiva entre les quatre entitats supralocals de la Comunitat Valenciana que realitzar\u00e0 actuacions finan\u00e7ades per la Uni\u00f3 Europea-NexGenerationEU, en el Marc del Pla de Recuperaci\u00f3, Transformaci\u00f3 i Resili\u00e8ncia.<br>La mancomunitat rebr\u00e0 aquests fons despr\u00e9s d&#8217;haver superat els estrictes criteris d&#8217;elegibilitat establits per l&#8217;auditoria de la Uni\u00f3 Europea.<\/p>\n\n\n\n<p>El dest\u00ed d&#8217;aquests fons per a l&#8217;execuci\u00f3 i desenvolupament de les actuacions subvencionades, en forma, condicions i terminis es realitzar\u00e0 mitjan\u00e7ant l&#8217;avaluaci\u00f3 favorable de Turisme Comunitat Valenciana, la intervenci\u00f3 General de l&#8217;Estat i de la Generalitat Valenciana, la Sindicatura de Comptes i altres \u00f2rgans que tenen encomanats el control i seguiment dels fons MRR.<\/p>\n\n\n\n<p>Les actuacions aprovades van destinades a la prevenci\u00f3 i gesti\u00f3 dels desastres naturals, incendis, aprofitament de massa forestal, biciestaciones solars, infraestructura de rec\u00e0rrega de vehicles el\u00e8ctrics i neteja de l&#8217;entorn tur\u00edstic. Per a aquestes actuacions s&#8217;han tingut en compte els dispositius m\u00e9s innovadors com a drons, vehicles especials, instal\u00b7lacions sostenibles i contenidors que redu\u00efsquen impactes visuals i integrats en l&#8217;entorn.<\/p>\n\n\n\n<p>Segons Juan Antonio D\u00edaz, president d&#8217;aquesta entitat \u201cla mancomunitat ha d&#8217;assumir un paper de lideratge en&nbsp;innovaci\u00f3 i sostenibilitat, no sols per a mitigar els riscos, sin\u00f3 tamb\u00e9 per a aprofitar noves oportunitats d&#8217;ocupaci\u00f3 i establir est\u00e0ndards de qualitat tur\u00edstica\u201d<br>Actualment, la comarca de la Foia de Bunyol-Xiva manca de sistemes per a previndre i detectar primerencament focus de calor ( incendis actius). Al seu torn, quan s&#8217;han produ\u00eft focus de calor s&#8217;ha mancat d&#8217;un monitoratge que ajude a dirigir els recursos d&#8217;extinci\u00f3 d&#8217;incendis m\u00e9s efica\u00e7ment.<\/p>\n\n\n\n<p>La reducci\u00f3 de biomassa en camins i \u00e0rees recreatives afectades per la DANA, juntament amb la incorporaci\u00f3 de les altres actuacions, millorar\u00e0 l&#8217;accessibilitat i la sensaci\u00f3 de seguretat dels turistes per a activitats com a senderisme, cicloturisme, turisme familiar o educatiu.<\/p>\n\n\n\n<p>La contractaci\u00f3 p\u00fablica es pot consultar en la plataforma de contractaci\u00f3 de l&#8217;Estat, i publicada en el Diari Oficial de la Uni\u00f3 Europea, es preveu que totes les actuacions seran una realitat a la fi de desembre d&#8217;enguany.<\/p>\n","protected":false},"excerpt":{"rendered":"<div class=\"mh-excerpt\">L&#8217;acord autoritza el cobrament a l&#8217;entitat per un 1.000.000 \u20ac per a actuacions de cohesi\u00f3 entre destinacions tur\u00edstiques de la Comunitat Valenciana. Aquests resultats consoliden a la mancomunitat Foia de Bunyol-Xiva entre les quatre entitats <a class=\"mh-excerpt-more\" href=\"https:\/\/www.tucomarca.com\/wordpress\/segunda\/ca\/la-secretaria-destat-de-turisme-i-turisme-comunitat-valenciana-recolzen-les-actuacions-presentades-per-lagencia-de-desenvolupament-comarcal-de-la-mancomunitat-foia-de-bunyol-xiva\/\" title=\"La Secretaria d&#8217;Estat de Turisme i Turisme Comunitat Valenciana recolzen les actuacions presentades per l&#8217;Ag\u00e8ncia de Desenvolupament Comarcal de la Mancomunitat Foia de Bunyol-Xiva\">[+] <\/a><\/div>\n","protected":false},"author":12,"featured_media":273836,"comment_status":"open","ping_status":"open","sticky":false,"template":"","format":"standard","meta":{"footnotes":""},"categories":[10980,10948,10894,10912,10947,10896],"tags":[22852,10914,11514],"class_list":{"0":"post-273837","1":"post","2":"type-post","3":"status-publish","4":"format-standard","5":"has-post-thumbnail","7":"category-yatova-ca","8":"category-infraestructuras-ca","9":"category-la-comarca-ca","10":"category-la-hoya-ca","11":"category-politica","12":"category-seccion-ca","13":"tag-destinos-turisticos-ca","14":"tag-la-hoya-de-bunol-chiva-ca","15":"tag-mancomunidad-de-la-hoya-de-bunol-chiva-ca"},"_links":{"self":[{"href":"https:\/\/www.tucomarca.com\/wordpress\/segunda\/ca\/wp-json\/wp\/v2\/posts\/273837","targetHints":{"allow":["GET"]}}],"collection":[{"href":"https:\/\/www.tucomarca.com\/wordpress\/segunda\/ca\/wp-json\/wp\/v2\/posts"}],"about":[{"href":"https:\/\/www.tucomarca.com\/wordpress\/segunda\/ca\/wp-json\/wp\/v2\/types\/post"}],"author":[{"embeddable":true,"href":"https:\/\/www.tucomarca.com\/wordpress\/segunda\/ca\/wp-json\/wp\/v2\/users\/12"}],"replies":[{"embeddable":true,"href":"https:\/\/www.tucomarca.com\/wordpress\/segunda\/ca\/wp-json\/wp\/v2\/comments?post=273837"}],"version-history":[{"count":0,"href":"https:\/\/www.tucomarca.com\/wordpress\/segunda\/ca\/wp-json\/wp\/v2\/posts\/273837\/revisions"}],"wp:featuredmedia":[{"embeddable":true,"href":"https:\/\/www.tucomarca.com\/wordpress\/segunda\/ca\/wp-json\/wp\/v2\/media\/273836"}],"wp:attachment":[{"href":"https:\/\/www.tucomarca.com\/wordpress\/segunda\/ca\/wp-json\/wp\/v2\/media?parent=273837"}],"wp:term":[{"taxonomy":"category","embeddable":true,"href":"https:\/\/www.tucomarca.com\/wordpress\/segunda\/ca\/wp-json\/wp\/v2\/categories?post=273837"},{"taxonomy":"post_tag","embeddable":true,"href":"https:\/\/www.tucomarca.com\/wordpress\/segunda\/ca\/wp-json\/wp\/v2\/tags?post=273837"}],"curies":[{"name":"wp","href":"https:\/\/api.w.org\/{rel}","templated":true}]}}