{"id":273838,"date":"2025-07-30T11:45:00","date_gmt":"2025-07-30T09:45:00","guid":{"rendered":"https:\/\/www.tucomarca.com\/wordpress\/segunda\/?p=273838"},"modified":"2025-07-30T18:12:59","modified_gmt":"2025-07-30T16:12:59","slug":"la-diputacio-de-valencia-impulsa-la-proteccio-del-patrimoni-historic-dutiel-despres-de-la-dana","status":"publish","type":"post","link":"https:\/\/www.tucomarca.com\/wordpress\/segunda\/ca\/la-diputacio-de-valencia-impulsa-la-proteccio-del-patrimoni-historic-dutiel-despres-de-la-dana\/","title":{"rendered":"La Diputaci\u00f3 de Val\u00e8ncia impulsa la protecci\u00f3 del patrimoni hist\u00f2ric d&#8217;Utiel despr\u00e9s de la DANA"},"content":{"rendered":"\n<h3 class=\"wp-block-heading\">La vicepresidenta primera de la Diputaci\u00f3 de Val\u00e8ncia, Natalia Enguix, al costat de l&#8217;alcalde d&#8217;Utiel, Ricardo Gabald\u00f3n, recorren la muralla medieval, els cellers subterranis, el refugi antiaeri del municipi i les instal\u00b7lacions hist\u00f2riques de &#8216;los lavaderos&#8217;.<\/h3>\n\n\n\n<h3 class=\"wp-block-heading\">Natalia Enguix afirma que \u201cpreservar el nostre patrimoni \u00e9s fonamental per a conservar la mem\u00f2ria col\u00b7lectiva i afrontar els reptes que planteja l&#8217;emerg\u00e8ncia clim\u00e0tica\u201d.<\/h3>\n\n\n\n<p>La vicepresidenta primera de la Diputaci\u00f3 de Val\u00e8ncia i diputada de Cooperaci\u00f3 Municipal, Natalia Enguix, acompanyada per l&#8217;alcalde i diputat provincial, Ricardo Gabald\u00f3n, ha visitat este dimecres Utiel per a con\u00e9ixer quatre infraestructures patrimonials de gran valor hist\u00f2ric: les instal\u00b7lacions dels &#8216;lavaderos&#8217; municipals, la muralla medieval, els cellers subterranis i el refugi antiaeri de la Guerra Civil.&nbsp;<\/p>\n\n\n\n<p>Durant la jornada, la comitiva s&#8217;ha despla\u00e7at fins al refugi antiaeri de la Guerra Civil, un espai tancat i molt degradat que ha comptat amb una subvenci\u00f3 de la Diputaci\u00f3 de Val\u00e8ncia aix\u00ed com una intervenci\u00f3 en 2021 amb fons FEDER per a frenar la seua deterioraci\u00f3.&nbsp;<\/p>\n\n\n\n<p>Este refugi es va veure afectat per la dana que va afectar Utiel a l&#8217;octubre de 2024, agreujant encara m\u00e9s el seu estat de conservaci\u00f3 i evidenciant la necessitat de continuar amb la seua restauraci\u00f3. Per aix\u00f2, l&#8217;Ajuntament d&#8217;Utiel ha presentat una sol\u00b7licitud d&#8217;ajuda al Pla Especial de Recuperaci\u00f3 de Patrimoni de la Diputaci\u00f3 per a continuar amb la restauraci\u00f3 del refugi antiaeri de la Guerra Civil, amb una inversi\u00f3 prevista de 199.166 euros. Este pla, que suposa la primera convocat\u00f2ria en huit anys, contempla una inversi\u00f3 total de 12 milions d&#8217;euros destinada a la protecci\u00f3 i recuperaci\u00f3 del patrimoni local. Actualment, les propostes es troben en fase de valoraci\u00f3, pendent de resoluci\u00f3.<\/p>\n\n\n\n<p>Al respecte, la vicepresidenta primera de la Diputaci\u00f3 de Val\u00e8ncia, Natalia Enguix, destaca que \u201ceste programa representa una oportunitat molt important per a municipis com Utiel, ja que, despr\u00e9s de tant de temps sense convocat\u00f2ries similars, s&#8217;obri una via per a preservar espais hist\u00f2rics que formen part de la nostra mem\u00f2ria col\u00b7lectiva. La intenci\u00f3 \u00e9s afavorir la conservaci\u00f3 del nostre patrimoni i promoure la seua funci\u00f3 educativa i cultural, sempre respectant els processos administratius corresponents\u201d, explica la diputada, qui subratlla &#8220;el gran acolliment que est\u00e0 rebent, com demostra el fet que s&#8217;hagen rebut quasi 70 sol\u00b7licituds procedents de tota la prov\u00edncia de Val\u00e8ncia, sobre elements catalogats com a B\u00e9 d&#8217;Inter\u00e9s Cultural o B\u00e9 de Rellev\u00e0ncia Local&#8221;.&nbsp;<\/p>\n\n\n\n<p>Un altre dels espais que s&#8217;han visitat durant la jornada de hui han sigut els &#8216;lavaderos&#8217;. Esta zona constru\u00efda probablement en el segle XIX, presenta un avan\u00e7at estat de deterioraci\u00f3 degut a l&#8217;abs\u00e8ncia d&#8217;intervencions integrals des de finals dels anys seixanta o principis dels setanta. Durant la visita, l&#8217;alcalde Ricardo Gabald\u00f3n, ha posat en coneixement de la vicepresidenta Natalia Enguix, la urgent necessitat de trobar suport institucional per a la rehabilitaci\u00f3 d&#8217;estes instal\u00b7lacions. Gabald\u00f3n destaca la rellev\u00e0ncia hist\u00f2rica i social d&#8217;este espai, el qual durant d\u00e8cades va ser un punt de trobada i conviv\u00e8ncia per a les ve\u00efnes d&#8217;Utiel, i subratlla que la seua recuperaci\u00f3 suposaria tamb\u00e9 la preservaci\u00f3 d&#8217;una part fonamental de la mem\u00f2ria col\u00b7lectiva del municipi.&nbsp;<\/p>\n\n\n\n<p>En este sentit, Natalia Enguix destaca la import\u00e0ncia de conservar este tipus d&#8217;espais, assenyalant que \u201cs\u00f3n llocs humils per\u00f2 carregats de significat, vinculats a la identitat i mem\u00f2ria col\u00b7lectiva del municipi. Hist\u00f2ricament, van ser punts de trobada i conviv\u00e8ncia, especialment per a les dones, i recuperar estos llocs \u00e9s tamb\u00e9 recuperar una part de la nostra hist\u00f2ria\u201d. Com a diputada d&#8217;Igualtat, Enguix ha ressaltat a m\u00e9s la sensibilitat cap a estos espais de relaci\u00f3 social femenina, subratllant que la seua rehabilitaci\u00f3 contribu\u00efx a visibilitzar i valorar el paper de les dones en la vida comunit\u00e0ria al llarg del temps.<\/p>\n\n\n\n<p>Durant la visita s&#8217;han abordat altres necessitats del municipi com la muralla medieval i els cellers subterranis, aix\u00ed com aquells espais que permeten la reconstrucci\u00f3 de la ciutat \u201cara \u00e9s el moment\u201d, comentava Gabald\u00f3n. L&#8217;alcalde, de fet, recorda que \u201cl&#8217;emerg\u00e8ncia clim\u00e0tica ha reconfigurat el nostre full de ruta, i per aix\u00f2 \u00e9s tan important comptar amb mecanismes \u00e0gils de finan\u00e7ament que ens permeten actuar amb rapidesa i efic\u00e0cia\u201d.<\/p>\n\n\n\n<p><strong>Pla Obert Inversions<\/strong><\/p>\n\n\n\n<p>En este context, Utiel compta amb una assignaci\u00f3 de 2.069.100,63 euros del Pla Obert d\u2019Inversions de la Diputaci\u00f3 de Val\u00e8ncia. Sobre esta ferramenta, la vicepresidenta primera, Natalia Enguix, explica que \u201ccom estem parlant d&#8217;un pla obert i no tancat com l&#8217;anterior, permet als ajuntaments presentar projectes en funci\u00f3 de les seues necessitats reals a cada moment\u201d.&nbsp;<\/p>\n\n\n\n<p>En este sentit, afegia que \u201cen el cas d&#8217;Utiel, esta flexibilitat \u00e9s fonamental per a poder utilitzar els fons en actuacions derivades de la DANA de 2024, facilitant aix\u00ed una resposta r\u00e0pida i efica\u00e7 a les circumst\u00e0ncies canviants\u201d.<\/p>\n\n\n\n<p>El Pla Obert 2024-2027, el qual compta amb una dotaci\u00f3 total de 350 milions d&#8217;euros per als pr\u00f2xims quatre anys, ha vist incrementada la seua partida en 60 milions d&#8217;euros respecte a la convocat\u00f2ria anterior, consolidant-se com una ferramenta clau perqu\u00e8 els municipis puguen planificar i executar projectes en un context de canvi.<\/p>\n\n\n\n<figure class=\"wp-block-gallery has-nested-images columns-2 is-cropped wp-block-gallery-1 is-layout-flex wp-block-gallery-is-layout-flex\">\n<figure class=\"wp-block-image size-large\"><img loading=\"lazy\" decoding=\"async\" width=\"1024\" height=\"665\" data-id=\"273825\" src=\"https:\/\/www.tucomarca.com\/wordpress\/segunda\/wp-content\/uploads\/2025\/07\/EnguixUtiel01-1024x665.jpg\" alt=\"\" class=\"wp-image-273825\" srcset=\"https:\/\/www.tucomarca.com\/wordpress\/segunda\/wp-content\/uploads\/2025\/07\/EnguixUtiel01-1024x665.jpg 1024w, https:\/\/www.tucomarca.com\/wordpress\/segunda\/wp-content\/uploads\/2025\/07\/EnguixUtiel01-300x195.jpg 300w, https:\/\/www.tucomarca.com\/wordpress\/segunda\/wp-content\/uploads\/2025\/07\/EnguixUtiel01-768x499.jpg 768w, https:\/\/www.tucomarca.com\/wordpress\/segunda\/wp-content\/uploads\/2025\/07\/EnguixUtiel01-1536x998.jpg 1536w, https:\/\/www.tucomarca.com\/wordpress\/segunda\/wp-content\/uploads\/2025\/07\/EnguixUtiel01-2048x1331.jpg 2048w\" sizes=\"auto, (max-width: 1024px) 100vw, 1024px\" \/><\/figure>\n\n\n\n<figure class=\"wp-block-image size-large\"><img loading=\"lazy\" decoding=\"async\" width=\"1024\" height=\"665\" data-id=\"273829\" src=\"https:\/\/www.tucomarca.com\/wordpress\/segunda\/wp-content\/uploads\/2025\/07\/EnguixUtiel03-1024x665.jpg\" alt=\"\" class=\"wp-image-273829\" srcset=\"https:\/\/www.tucomarca.com\/wordpress\/segunda\/wp-content\/uploads\/2025\/07\/EnguixUtiel03-1024x665.jpg 1024w, https:\/\/www.tucomarca.com\/wordpress\/segunda\/wp-content\/uploads\/2025\/07\/EnguixUtiel03-300x195.jpg 300w, https:\/\/www.tucomarca.com\/wordpress\/segunda\/wp-content\/uploads\/2025\/07\/EnguixUtiel03-768x499.jpg 768w, https:\/\/www.tucomarca.com\/wordpress\/segunda\/wp-content\/uploads\/2025\/07\/EnguixUtiel03-1536x998.jpg 1536w, https:\/\/www.tucomarca.com\/wordpress\/segunda\/wp-content\/uploads\/2025\/07\/EnguixUtiel03-2048x1331.jpg 2048w\" sizes=\"auto, (max-width: 1024px) 100vw, 1024px\" \/><\/figure>\n\n\n\n<figure class=\"wp-block-image size-large\"><img loading=\"lazy\" decoding=\"async\" width=\"1024\" height=\"665\" data-id=\"273831\" src=\"https:\/\/www.tucomarca.com\/wordpress\/segunda\/wp-content\/uploads\/2025\/07\/EnguixUtiel04-1024x665.jpg\" alt=\"\" class=\"wp-image-273831\" srcset=\"https:\/\/www.tucomarca.com\/wordpress\/segunda\/wp-content\/uploads\/2025\/07\/EnguixUtiel04-1024x665.jpg 1024w, https:\/\/www.tucomarca.com\/wordpress\/segunda\/wp-content\/uploads\/2025\/07\/EnguixUtiel04-300x195.jpg 300w, https:\/\/www.tucomarca.com\/wordpress\/segunda\/wp-content\/uploads\/2025\/07\/EnguixUtiel04-768x499.jpg 768w, https:\/\/www.tucomarca.com\/wordpress\/segunda\/wp-content\/uploads\/2025\/07\/EnguixUtiel04-1536x998.jpg 1536w, https:\/\/www.tucomarca.com\/wordpress\/segunda\/wp-content\/uploads\/2025\/07\/EnguixUtiel04-2048x1331.jpg 2048w\" sizes=\"auto, (max-width: 1024px) 100vw, 1024px\" \/><\/figure>\n<\/figure>\n","protected":false},"excerpt":{"rendered":"<div class=\"mh-excerpt\">La vicepresidenta primera de la Diputaci\u00f3 de Val\u00e8ncia, Natalia Enguix, al costat de l&#8217;alcalde d&#8217;Utiel, Ricardo Gabald\u00f3n, recorren la muralla medieval, els cellers subterranis, el refugi antiaeri del municipi i les instal\u00b7lacions hist\u00f2riques de &#8216;los <a class=\"mh-excerpt-more\" href=\"https:\/\/www.tucomarca.com\/wordpress\/segunda\/ca\/la-diputacio-de-valencia-impulsa-la-proteccio-del-patrimoni-historic-dutiel-despres-de-la-dana\/\" title=\"La Diputaci\u00f3 de Val\u00e8ncia impulsa la protecci\u00f3 del patrimoni hist\u00f2ric d&#8217;Utiel despr\u00e9s de la DANA\">[+] <\/a><\/div>\n","protected":false},"author":13,"featured_media":273828,"comment_status":"open","ping_status":"open","sticky":false,"template":"","format":"gallery","meta":{"footnotes":""},"categories":[20520,21466,10898,10948,10894,10904,20456,10903,10947,10909,10896,10897,11059],"tags":[15409,11199,21009,10910,11174],"class_list":{"0":"post-273838","1":"post","2":"type-post","3":"status-publish","4":"format-gallery","5":"has-post-thumbnail","7":"category-cooperacio-municipal","8":"category-dana-ca","9":"category-ventana-ca","10":"category-infraestructuras-ca","11":"category-la-comarca-ca","12":"category-sin-categorizar-ca","13":"category-la-diputacio-de-valencia-informa-ca","14":"category-medio-ambiente-la-comarca-ca","15":"category-politica","16":"category-requena-utiel-ca","17":"category-seccion-ca","18":"category-sucesos-la-comarca-ca","19":"category-utiel-ca","20":"tag-dana-2-ca","21":"tag-la-comunitat-ca","22":"tag-la-diputacio-de-valencia-ca","23":"tag-requena-utiel-ca","24":"tag-utiel-ca","25":"post_format-post-format-gallery"},"_links":{"self":[{"href":"https:\/\/www.tucomarca.com\/wordpress\/segunda\/ca\/wp-json\/wp\/v2\/posts\/273838","targetHints":{"allow":["GET"]}}],"collection":[{"href":"https:\/\/www.tucomarca.com\/wordpress\/segunda\/ca\/wp-json\/wp\/v2\/posts"}],"about":[{"href":"https:\/\/www.tucomarca.com\/wordpress\/segunda\/ca\/wp-json\/wp\/v2\/types\/post"}],"author":[{"embeddable":true,"href":"https:\/\/www.tucomarca.com\/wordpress\/segunda\/ca\/wp-json\/wp\/v2\/users\/13"}],"replies":[{"embeddable":true,"href":"https:\/\/www.tucomarca.com\/wordpress\/segunda\/ca\/wp-json\/wp\/v2\/comments?post=273838"}],"version-history":[{"count":0,"href":"https:\/\/www.tucomarca.com\/wordpress\/segunda\/ca\/wp-json\/wp\/v2\/posts\/273838\/revisions"}],"wp:featuredmedia":[{"embeddable":true,"href":"https:\/\/www.tucomarca.com\/wordpress\/segunda\/ca\/wp-json\/wp\/v2\/media\/273828"}],"wp:attachment":[{"href":"https:\/\/www.tucomarca.com\/wordpress\/segunda\/ca\/wp-json\/wp\/v2\/media?parent=273838"}],"wp:term":[{"taxonomy":"category","embeddable":true,"href":"https:\/\/www.tucomarca.com\/wordpress\/segunda\/ca\/wp-json\/wp\/v2\/categories?post=273838"},{"taxonomy":"post_tag","embeddable":true,"href":"https:\/\/www.tucomarca.com\/wordpress\/segunda\/ca\/wp-json\/wp\/v2\/tags?post=273838"}],"curies":[{"name":"wp","href":"https:\/\/api.w.org\/{rel}","templated":true}]}}